{"id":294020,"date":"2019-05-02T13:12:59","date_gmt":"2019-05-02T11:12:59","guid":{"rendered":"https:\/\/hashtag.al\/?p=294020"},"modified":"2019-05-02T13:23:56","modified_gmt":"2019-05-02T11:23:56","slug":"familja-e-admir-muratajt-padit-policine-e-shtetit","status":"publish","type":"post","link":"https:\/\/www.hashtag.al\/index.php\/2019\/05\/02\/familja-e-admir-muratajt-padit-policine-e-shtetit\/","title":{"rendered":"Familja e Admir Muratajt padit Policin\u00eb e Shtetit","gt_translate_keys":[{"key":"rendered","format":"text"}]},"content":{"rendered":"<p><img loading=\"lazy\" decoding=\"async\" class=\"aligncenter size-full wp-image-292161\" src=\"https:\/\/hashtag.al\/wp-content\/uploads\/2019\/04\/Grabitja-Rinas-featured.jpg\" alt=\"\" width=\"993\" height=\"559\" srcset=\"https:\/\/www.hashtag.al\/wp-content\/uploads\/2019\/04\/Grabitja-Rinas-featured.jpg 993w, https:\/\/www.hashtag.al\/wp-content\/uploads\/2019\/04\/Grabitja-Rinas-featured-300x169.jpg 300w, https:\/\/www.hashtag.al\/wp-content\/uploads\/2019\/04\/Grabitja-Rinas-featured-768x432.jpg 768w\" sizes=\"auto, (max-width: 993px) 100vw, 993px\" \/><\/p>\n<p><span style=\"color: #000000;\">Familja e Admir Murataj, ka paditur n\u00eb prokurori Policin\u00eb e Shtetit lidhur me vrasjen e Muratajt n\u00eb grabitjen e 9 prillit n\u00eb aeroportin e Rinasit. <\/span><\/p>\n<p><span style=\"color: #000000;\">Padia \u00ebsht\u00eb ngritur nga e bija e Muratajt n\u00ebp\u00ebrmjet avokatit t\u00eb familjes, Arb\u00ebr Hoxhaj. Sipas avokatit, Murataj \u00ebsht\u00eb vrar\u00eb q\u00ebllimisht nga policia, pasi efektiv\u00ebt nuk kan\u00eb qen\u00eb n\u00eb kushtet e vet\u00ebmbrojtjes. <\/span><\/p>\n<p><span style=\"color: #000000;\">Familjar\u00ebt thon\u00eb se policia duhet ta kishte arrestuar 47-vje\u00e7arin si\u00e7 b\u00ebri me 6 personat e tjer\u00eb q\u00eb jan\u00eb ndaluar deri tani p\u00ebr grabitjen.<\/span><\/p>\n<p><span style=\"color: #000000;\">Familjar\u00ebt k\u00ebrkojn\u00eb zbardhjen e gjeneraliteteve t\u00eb polic\u00ebve t\u00eb FNSH-s\u00eb q\u00eb kan\u00eb marr\u00eb pjes\u00eb n\u00eb aksion si dhe n\u00ebse \u00ebsht\u00eb zbatuar ligji n\u00eb m\u00ebnyr\u00eb korrekte.<\/span><\/p>\n<p><img loading=\"lazy\" decoding=\"async\" class=\"aligncenter size-full wp-image-288794\" src=\"https:\/\/hashtag.al\/wp-content\/uploads\/2019\/04\/Rinas-grabitja-murati.jpg\" alt=\"\" width=\"2000\" height=\"896\" srcset=\"https:\/\/www.hashtag.al\/wp-content\/uploads\/2019\/04\/Rinas-grabitja-murati.jpg 2000w, https:\/\/www.hashtag.al\/wp-content\/uploads\/2019\/04\/Rinas-grabitja-murati-300x134.jpg 300w, https:\/\/www.hashtag.al\/wp-content\/uploads\/2019\/04\/Rinas-grabitja-murati-768x344.jpg 768w, https:\/\/www.hashtag.al\/wp-content\/uploads\/2019\/04\/Rinas-grabitja-murati-1024x459.jpg 1024w\" sizes=\"auto, (max-width: 2000px) 100vw, 2000px\" \/><\/p>\n","protected":false,"gt_translate_keys":[{"key":"rendered","format":"html"}]},"excerpt":{"rendered":"<p>Familja e Admir Murataj, ka paditur n\u00eb prokurori Policin\u00eb e Shtetit lidhur me vrasjen e Muratajt n\u00eb grabitjen e 9 prillit n\u00eb aeroportin e Rinasit. Padia \u00ebsht\u00eb ngritur nga e bija e Muratajt n\u00ebp\u00ebrmjet avokatit t\u00eb familjes, Arb\u00ebr Hoxhaj. Sipas avokatit, Murataj \u00ebsht\u00eb vrar\u00eb q\u00ebllimisht nga policia, pasi efektiv\u00ebt nuk kan\u00eb qen\u00eb n\u00eb kushtet e [&hellip;]<\/p>\n","protected":false,"gt_translate_keys":[{"key":"rendered","format":"html"}]},"author":51,"featured_media":292161,"comment_status":"open","ping_status":"open","sticky":false,"template":"","format":"standard","meta":{"footnotes":""},"categories":[65,13],"tags":[],"class_list":["post-294020","post","type-post","status-publish","format-standard","has-post-thumbnail","hentry","category-lajme","category-te-fundit"],"gt_translate_keys":[{"key":"link","format":"url"}],"_links":{"self":[{"href":"https:\/\/www.hashtag.al\/index.php\/wp-json\/wp\/v2\/posts\/294020","targetHints":{"allow":["GET"]}}],"collection":[{"href":"https:\/\/www.hashtag.al\/index.php\/wp-json\/wp\/v2\/posts"}],"about":[{"href":"https:\/\/www.hashtag.al\/index.php\/wp-json\/wp\/v2\/types\/post"}],"author":[{"embeddable":true,"href":"https:\/\/www.hashtag.al\/index.php\/wp-json\/wp\/v2\/users\/51"}],"replies":[{"embeddable":true,"href":"https:\/\/www.hashtag.al\/index.php\/wp-json\/wp\/v2\/comments?post=294020"}],"version-history":[{"count":0,"href":"https:\/\/www.hashtag.al\/index.php\/wp-json\/wp\/v2\/posts\/294020\/revisions"}],"wp:featuredmedia":[{"embeddable":true,"href":"https:\/\/www.hashtag.al\/index.php\/wp-json\/wp\/v2\/media\/292161"}],"wp:attachment":[{"href":"https:\/\/www.hashtag.al\/index.php\/wp-json\/wp\/v2\/media?parent=294020"}],"wp:term":[{"taxonomy":"category","embeddable":true,"href":"https:\/\/www.hashtag.al\/index.php\/wp-json\/wp\/v2\/categories?post=294020"},{"taxonomy":"post_tag","embeddable":true,"href":"https:\/\/www.hashtag.al\/index.php\/wp-json\/wp\/v2\/tags?post=294020"}],"curies":[{"name":"wp","href":"https:\/\/api.w.org\/{rel}","templated":true}]}}