{"id":294012,"date":"2019-05-02T12:41:34","date_gmt":"2019-05-02T10:41:34","guid":{"rendered":"https:\/\/hashtag.al\/?p=294012"},"modified":"2019-05-02T12:41:35","modified_gmt":"2019-05-02T10:41:35","slug":"vrasja-e-ish-policit-bilali-gjykata-le-ne-burg-te-dyshuarin","status":"publish","type":"post","link":"https:\/\/www.hashtag.al\/index.php\/2019\/05\/02\/vrasja-e-ish-policit-bilali-gjykata-le-ne-burg-te-dyshuarin\/","title":{"rendered":"Vrasja e ish-policit Bilali, gjykata l\u00eb n\u00eb burg t\u00eb dyshuarin","gt_translate_keys":[{"key":"rendered","format":"text"}]},"content":{"rendered":"<p><img loading=\"lazy\" decoding=\"async\" class=\"aligncenter size-full wp-image-294013\" src=\"https:\/\/hashtag.al\/wp-content\/uploads\/2019\/05\/kamera.png\" alt=\"\" width=\"688\" height=\"380\" srcset=\"https:\/\/www.hashtag.al\/wp-content\/uploads\/2019\/05\/kamera.png 688w, https:\/\/www.hashtag.al\/wp-content\/uploads\/2019\/05\/kamera-300x166.png 300w\" sizes=\"auto, (max-width: 688px) 100vw, 688px\" \/><\/p>\n<p><span style=\"color: #000000;\">Gjykata e Tiran\u00ebs ka caktuar sot mas\u00ebn e siguris\u00eb &#8220;arrest me burg&#8221; p\u00ebr Arben Xhetanin i cili u arrestua nj\u00eb dit\u00eb m\u00eb par\u00eb p\u00ebr vrasjen e ish-policit Arben Bilali n\u00eb Selit\u00eb.<\/span><\/p>\n<p><span style=\"color: #000000;\">Autori i dyshuar i vrasjes \u00ebsht\u00eb filmuar nga kat\u00ebr kamera sigurie q\u00eb ndodhen pran\u00eb zon\u00ebs, ku mbeti i vrar\u00eb ish polici Bilali, por ai e mohon lidhjen me pistolet\u00ebn q\u00eb u gjet n\u00eb vendngjarje.<\/span><\/p>\n<p><span style=\"color: #000000;\">Kujtojm\u00eb se Arb\u00ebn Bilali, nj\u00eb ish-punonj\u00ebs Policie u ekzekutua n\u00eb nj\u00eb atentat t\u00eb organizuar nga 3 persona t\u00eb maskuar, pran\u00eb sht\u00ebpis\u00eb s\u00eb tij, n\u00eb Selit\u00eb t\u00eb Tiran\u00ebs m\u00eb 30 janar.<\/span><\/p>\n<p><span style=\"color: #000000;\">Autor\u00ebt pas k\u00ebsaj braktis\u00ebn mjetin e tyre ne Sauk, n\u00eb zon\u00ebn e Mjull bathores brenda s\u00eb cil\u00ebs u gjet edhe arma q\u00eb u p\u00ebrdor. Pavar\u00ebsisht se e kishin sp\u00ebrkatur mjetin me benzin\u00eb, autor\u00ebt nuk mund\u00ebn t\u2019i vinin flak\u00ebn p\u00ebr shkak t\u00eb frik\u00ebs se do zbuloheshin nga policia. Ky ishte dhe gabimi i tyre pasi n\u00eb mjet lan\u00eb gjurm\u00eb t\u00eb cilat kan\u00eb b\u00ebr\u00eb q\u00eb grupi hetimor t\u00eb jet\u00eb shum\u00eb af\u00ebr zbulimit t\u00eb ekzekutuesve, por jo porosit\u00ebsit. Pista kryesore q\u00eb po ndjek prokurori n\u00eb hetimin e k\u00ebsaj \u00e7\u00ebshtje \u00ebsht\u00eb ajo e hakmarrjes. Bilalit m\u00eb par\u00eb i jan\u00eb vrar\u00eb edhe dy v\u00ebllez\u00ebr t\u00eb tjer\u00eb, n\u00eb t\u00eb nj\u00ebjt\u00ebn zon\u00eb ku ai u ekzekutua.<\/span><\/p>\n<p>&nbsp;<\/p>\n","protected":false,"gt_translate_keys":[{"key":"rendered","format":"html"}]},"excerpt":{"rendered":"<p>Gjykata e Tiran\u00ebs ka caktuar sot mas\u00ebn e siguris\u00eb &#8220;arrest me burg&#8221; p\u00ebr Arben Xhetanin i cili u arrestua nj\u00eb dit\u00eb m\u00eb par\u00eb p\u00ebr vrasjen e ish-policit Arben Bilali n\u00eb Selit\u00eb. Autori i dyshuar i vrasjes \u00ebsht\u00eb filmuar nga kat\u00ebr kamera sigurie q\u00eb ndodhen pran\u00eb zon\u00ebs, ku mbeti i vrar\u00eb ish polici Bilali, por ai [&hellip;]<\/p>\n","protected":false,"gt_translate_keys":[{"key":"rendered","format":"html"}]},"author":30,"featured_media":294013,"comment_status":"open","ping_status":"open","sticky":false,"template":"","format":"standard","meta":{"footnotes":""},"categories":[65,13],"tags":[],"class_list":["post-294012","post","type-post","status-publish","format-standard","has-post-thumbnail","hentry","category-lajme","category-te-fundit"],"gt_translate_keys":[{"key":"link","format":"url"}],"_links":{"self":[{"href":"https:\/\/www.hashtag.al\/index.php\/wp-json\/wp\/v2\/posts\/294012","targetHints":{"allow":["GET"]}}],"collection":[{"href":"https:\/\/www.hashtag.al\/index.php\/wp-json\/wp\/v2\/posts"}],"about":[{"href":"https:\/\/www.hashtag.al\/index.php\/wp-json\/wp\/v2\/types\/post"}],"author":[{"embeddable":true,"href":"https:\/\/www.hashtag.al\/index.php\/wp-json\/wp\/v2\/users\/30"}],"replies":[{"embeddable":true,"href":"https:\/\/www.hashtag.al\/index.php\/wp-json\/wp\/v2\/comments?post=294012"}],"version-history":[{"count":0,"href":"https:\/\/www.hashtag.al\/index.php\/wp-json\/wp\/v2\/posts\/294012\/revisions"}],"wp:featuredmedia":[{"embeddable":true,"href":"https:\/\/www.hashtag.al\/index.php\/wp-json\/wp\/v2\/media\/294013"}],"wp:attachment":[{"href":"https:\/\/www.hashtag.al\/index.php\/wp-json\/wp\/v2\/media?parent=294012"}],"wp:term":[{"taxonomy":"category","embeddable":true,"href":"https:\/\/www.hashtag.al\/index.php\/wp-json\/wp\/v2\/categories?post=294012"},{"taxonomy":"post_tag","embeddable":true,"href":"https:\/\/www.hashtag.al\/index.php\/wp-json\/wp\/v2\/tags?post=294012"}],"curies":[{"name":"wp","href":"https:\/\/api.w.org\/{rel}","templated":true}]}}