{"id":293948,"date":"2019-05-02T08:43:04","date_gmt":"2019-05-02T06:43:04","guid":{"rendered":"https:\/\/hashtag.al\/?p=293948"},"modified":"2019-05-02T08:44:17","modified_gmt":"2019-05-02T06:44:17","slug":"mbreti-i-tajlandes-martohet-me-truprojen-e-tij-e-ben-mbretereshe","status":"publish","type":"post","link":"https:\/\/www.hashtag.al\/index.php\/2019\/05\/02\/mbreti-i-tajlandes-martohet-me-truprojen-e-tij-e-ben-mbretereshe\/","title":{"rendered":"Mbreti i Tajland\u00ebs martohet me truproj\u00ebn e tij, e b\u00ebn mbret\u00ebresh\u00eb","gt_translate_keys":[{"key":"rendered","format":"text"}]},"content":{"rendered":"<p><img loading=\"lazy\" decoding=\"async\" class=\"aligncenter size-full wp-image-293949\" src=\"https:\/\/hashtag.al\/wp-content\/uploads\/2019\/05\/Mbreti.jpg\" alt=\"\" width=\"624\" height=\"351\" srcset=\"https:\/\/www.hashtag.al\/wp-content\/uploads\/2019\/05\/Mbreti.jpg 624w, https:\/\/www.hashtag.al\/wp-content\/uploads\/2019\/05\/Mbreti-300x169.jpg 300w\" sizes=\"auto, (max-width: 624px) 100vw, 624px\" \/><\/p>\n<p><span style=\"color: #000000;\">Mbreti i Tajland\u00ebs \u00ebsht\u00eb martuar me shefen e tij personale t\u00eb siguris\u00eb, duke i dh\u00ebn\u00eb titullin mbret\u00ebresh\u00eb.<\/span><\/p>\n<p><span style=\"color: #000000;\">&#8220;<span style=\"color: #0000ff;\"><a style=\"color: #0000ff;\" href=\"https:\/\/www.bbc.com\/news\/world-asia-48129428\">BBC<\/a><\/span>&#8221; shkruan se njoftimi i papritur vjen pak dit\u00eb p\u00ebrpara ceremonis\u00eb s\u00eb tij t\u00eb kuror\u00ebzimit t\u00eb shtun\u00ebn, kur pozita e tij t\u00eb shenjt\u00ebrohet.<\/span><\/p>\n<p><span style=\"color: #000000;\">Maha Vajiralongkorn, u b\u00eb mbret pas vdekjes s\u00eb babait t\u00eb tij n\u00eb vitin 2016.<\/span><\/p>\n<p><span style=\"color: #000000;\">Ai \u00ebsht\u00eb martuar dhe divorcuar tri her\u00eb m\u00eb par\u00eb dhe ka shtat\u00eb f\u00ebmij\u00eb.<\/span><\/p>\n<p><span style=\"color: #000000;\"><em>&#8220;Mbreti Vajiralongkorn ka vendosur t\u00eb promovoj\u00eb gjeneralen Suthida Vajiralongkorn Na Ayudhya, bashk\u00ebshortja e tij, q\u00eb t\u00eb b\u00ebhet Mbret\u00ebresha Suthida dhe ajo do t\u00eb mbaj\u00eb titullin mbret\u00ebror dhe statusin si pjes\u00eb t\u00eb familjes mbret\u00ebrore&#8221;,<\/em> thuhet n\u00eb nj\u00eb deklarat\u00eb t\u00eb mbret\u00ebris\u00eb.<\/span><\/p>\n<p><span style=\"color: #000000;\">Mbret\u00ebresha Suthida \u00ebsht\u00eb partnerja e Mbretit Vajiralongkorn p\u00ebr nj\u00eb koh\u00eb t\u00eb gjta\u00eb dhe \u00ebsht\u00eb par\u00eb me t\u00eb n\u00eb publik p\u00ebr shum\u00eb vite, edhe pse marr\u00ebdh\u00ebnia e tyre asnj\u00ebher\u00eb nuk \u00ebsht\u00eb pranuar zyrtarisht.<\/span><\/p>\n<p><span style=\"color: #000000;\">Pamjet nga ceremonia e dasm\u00ebs u shfaq\u00ebn n\u00eb kanalet televizive tajlandeze mbr\u00ebmjen e\u00a0 t\u00eb m\u00ebrkur\u00ebs.<\/span><\/p>\n<p><img loading=\"lazy\" decoding=\"async\" class=\"aligncenter size-full wp-image-293950\" src=\"https:\/\/hashtag.al\/wp-content\/uploads\/2019\/05\/tajlande-1.jpg\" alt=\"\" width=\"660\" height=\"371\" srcset=\"https:\/\/www.hashtag.al\/wp-content\/uploads\/2019\/05\/tajlande-1.jpg 660w, https:\/\/www.hashtag.al\/wp-content\/uploads\/2019\/05\/tajlande-1-300x169.jpg 300w\" sizes=\"auto, (max-width: 660px) 100vw, 660px\" \/><\/p>\n","protected":false,"gt_translate_keys":[{"key":"rendered","format":"html"}]},"excerpt":{"rendered":"<p>Mbreti i Tajland\u00ebs \u00ebsht\u00eb martuar me shefen e tij personale t\u00eb siguris\u00eb, duke i dh\u00ebn\u00eb titullin mbret\u00ebresh\u00eb. &#8220;BBC&#8221; shkruan se njoftimi i papritur vjen pak dit\u00eb p\u00ebrpara ceremonis\u00eb s\u00eb tij t\u00eb kuror\u00ebzimit t\u00eb shtun\u00ebn, kur pozita e tij t\u00eb shenjt\u00ebrohet. Maha Vajiralongkorn, u b\u00eb mbret pas vdekjes s\u00eb babait t\u00eb tij n\u00eb vitin 2016. Ai [&hellip;]<\/p>\n","protected":false,"gt_translate_keys":[{"key":"rendered","format":"html"}]},"author":30,"featured_media":293950,"comment_status":"open","ping_status":"open","sticky":false,"template":"","format":"standard","meta":{"footnotes":""},"categories":[6,13],"tags":[],"class_list":["post-293948","post","type-post","status-publish","format-standard","has-post-thumbnail","hentry","category-nderkombetare","category-te-fundit"],"gt_translate_keys":[{"key":"link","format":"url"}],"_links":{"self":[{"href":"https:\/\/www.hashtag.al\/index.php\/wp-json\/wp\/v2\/posts\/293948","targetHints":{"allow":["GET"]}}],"collection":[{"href":"https:\/\/www.hashtag.al\/index.php\/wp-json\/wp\/v2\/posts"}],"about":[{"href":"https:\/\/www.hashtag.al\/index.php\/wp-json\/wp\/v2\/types\/post"}],"author":[{"embeddable":true,"href":"https:\/\/www.hashtag.al\/index.php\/wp-json\/wp\/v2\/users\/30"}],"replies":[{"embeddable":true,"href":"https:\/\/www.hashtag.al\/index.php\/wp-json\/wp\/v2\/comments?post=293948"}],"version-history":[{"count":0,"href":"https:\/\/www.hashtag.al\/index.php\/wp-json\/wp\/v2\/posts\/293948\/revisions"}],"wp:featuredmedia":[{"embeddable":true,"href":"https:\/\/www.hashtag.al\/index.php\/wp-json\/wp\/v2\/media\/293950"}],"wp:attachment":[{"href":"https:\/\/www.hashtag.al\/index.php\/wp-json\/wp\/v2\/media?parent=293948"}],"wp:term":[{"taxonomy":"category","embeddable":true,"href":"https:\/\/www.hashtag.al\/index.php\/wp-json\/wp\/v2\/categories?post=293948"},{"taxonomy":"post_tag","embeddable":true,"href":"https:\/\/www.hashtag.al\/index.php\/wp-json\/wp\/v2\/tags?post=293948"}],"curies":[{"name":"wp","href":"https:\/\/api.w.org\/{rel}","templated":true}]}}