{"id":293786,"date":"2019-05-01T12:54:37","date_gmt":"2019-05-01T10:54:37","guid":{"rendered":"https:\/\/hashtag.al\/?p=293786"},"modified":"2019-05-01T12:56:06","modified_gmt":"2019-05-01T10:56:06","slug":"ekzekutimi-i-ish-policit-para-shtepise-arrestohet-nje-nga-te-dyshuarit","status":"publish","type":"post","link":"https:\/\/www.hashtag.al\/index.php\/2019\/05\/01\/ekzekutimi-i-ish-policit-para-shtepise-arrestohet-nje-nga-te-dyshuarit\/","title":{"rendered":"Ekzekutimi i ish-policit para sht\u00ebpis\u00eb, arrestohet nj\u00eb nga t\u00eb dyshuarit","gt_translate_keys":[{"key":"rendered","format":"text"}]},"content":{"rendered":"<p><img loading=\"lazy\" decoding=\"async\" class=\"aligncenter size-full wp-image-281232\" src=\"https:\/\/hashtag.al\/wp-content\/uploads\/2019\/03\/arben-bilali.jpg\" alt=\"\" width=\"840\" height=\"460\" srcset=\"https:\/\/www.hashtag.al\/wp-content\/uploads\/2019\/03\/arben-bilali.jpg 840w, https:\/\/www.hashtag.al\/wp-content\/uploads\/2019\/03\/arben-bilali-300x164.jpg 300w, https:\/\/www.hashtag.al\/wp-content\/uploads\/2019\/03\/arben-bilali-768x421.jpg 768w\" sizes=\"auto, (max-width: 840px) 100vw, 840px\" \/><\/p>\n<p><span style=\"color: #000000;\">Policia ka arrestuar sot nj\u00eb nga personat e dyshuar p\u00ebr atentatin q\u00eb iu b\u00eb n\u00eb janar ish-policit, Arben Bilali. Identiteti i t\u00eb arrestuarit nuk jepet i plot\u00eb, por vet\u00ebm inicialet e tij A.SH. dhe mosha 47 vje\u00e7.<\/span><\/p>\n<p><em><span style=\"color: #000000;\">&#8220;N\u00eb vijim t\u00eb\u00a0\u00a0 veprimeve p\u00ebr zbardhjen, dokumentimin dhe arrestimin e autor\u00ebve t\u00eb vrasjes s\u00eb shtetasit A.B,\u00a0 n\u00eb baz\u00eb t\u00eb urdh\u00ebrit t\u00eb ndalimit t\u00eb\u00a0 l\u00ebshuar nga Prokurori, u b\u00eb kapja dhe\u00a0 ndalimi i\u00a0 shtetasit n\u00eb k\u00ebrkim A. T (Xh), 47 vje\u00e7, banues n\u00eb Shkoz\u00eb, Tiran\u00eb, i dyshuar p\u00ebr kryerjen e vepr\u00ebs penale \u201cVeprime q\u00eb pengojn\u00eb zbulimin e s\u00eb v\u00ebrtet\u00ebs\u201d.<\/span><\/em><\/p>\n<p><span style=\"color: #000000;\"><em>Vijon puna hetimore p\u00ebr zbardhjen e plot\u00eb t\u00eb ngjarjes.&#8221;<\/em>, thuhet n\u00eb njoftimin e policis\u00eb.<\/span><\/p>\n<p><span style=\"color: #000000;\">Kujtojm\u00eb se Arb\u00ebn Bilali, nj\u00eb ish-punonj\u00ebs Policie u ekzekutua n\u00eb nj\u00eb atentat t\u00eb organizuar nga 3 persona t\u00eb maskuar, pran\u00eb sht\u00ebpis\u00eb s\u00eb tij, n\u00eb Selit\u00eb t\u00eb Tiran\u00ebs m\u00eb 30 janar.<\/span><\/p>\n<p><span style=\"color: #000000;\">Autor\u00ebt pas k\u00ebsaj braktis\u00ebn mjetin e tyre ne Sauk, n\u00eb zon\u00ebn e Mjull bathores brenda s\u00eb cil\u00ebs u gjet edhe arma q\u00eb u p\u00ebrdor. Pavar\u00ebsisht se e kishin sp\u00ebrkatur mjetin me benzin\u00eb, autor\u00ebt nuk mund\u00ebn t\u2019i vinin flak\u00ebn p\u00ebr shkak t\u00eb frik\u00ebs se do zbuloheshin nga policia. Ky ishte dhe gabimi i tyre pasi n\u00eb mjet lan\u00eb gjurm\u00eb t\u00eb cilat kan\u00eb b\u00ebr\u00eb q\u00eb grupi hetimor t\u00eb jet\u00eb shum\u00eb af\u00ebr zbulimit t\u00eb ekzekutuesve, por jo porosit\u00ebsit. P<\/span><\/p>\n<p><span style=\"color: #000000;\">ista kryesore q\u00eb po ndjek prokurori n\u00eb hetimin e k\u00ebsaj \u00e7\u00ebshtje \u00ebsht\u00eb ajo e hakmarrjes. Bilalit m\u00eb par\u00eb i jan\u00eb vrar\u00eb edhe dy v\u00ebllez\u00ebr t\u00eb tjer\u00eb, n\u00eb t\u00eb nj\u00ebjt\u00ebn zon\u00eb ku ai u ekzekutua.<\/span><\/p>\n","protected":false,"gt_translate_keys":[{"key":"rendered","format":"html"}]},"excerpt":{"rendered":"<p>Policia ka arrestuar sot nj\u00eb nga personat e dyshuar p\u00ebr atentatin q\u00eb iu b\u00eb n\u00eb janar ish-policit, Arben Bilali. Identiteti i t\u00eb arrestuarit nuk jepet i plot\u00eb, por vet\u00ebm inicialet e tij A.SH. dhe mosha 47 vje\u00e7. &#8220;N\u00eb vijim t\u00eb\u00a0\u00a0 veprimeve p\u00ebr zbardhjen, dokumentimin dhe arrestimin e autor\u00ebve t\u00eb vrasjes s\u00eb shtetasit A.B,\u00a0 n\u00eb baz\u00eb [&hellip;]<\/p>\n","protected":false,"gt_translate_keys":[{"key":"rendered","format":"html"}]},"author":30,"featured_media":270017,"comment_status":"open","ping_status":"open","sticky":false,"template":"","format":"standard","meta":{"footnotes":""},"categories":[65,13],"tags":[],"class_list":["post-293786","post","type-post","status-publish","format-standard","has-post-thumbnail","hentry","category-lajme","category-te-fundit"],"gt_translate_keys":[{"key":"link","format":"url"}],"_links":{"self":[{"href":"https:\/\/www.hashtag.al\/index.php\/wp-json\/wp\/v2\/posts\/293786","targetHints":{"allow":["GET"]}}],"collection":[{"href":"https:\/\/www.hashtag.al\/index.php\/wp-json\/wp\/v2\/posts"}],"about":[{"href":"https:\/\/www.hashtag.al\/index.php\/wp-json\/wp\/v2\/types\/post"}],"author":[{"embeddable":true,"href":"https:\/\/www.hashtag.al\/index.php\/wp-json\/wp\/v2\/users\/30"}],"replies":[{"embeddable":true,"href":"https:\/\/www.hashtag.al\/index.php\/wp-json\/wp\/v2\/comments?post=293786"}],"version-history":[{"count":0,"href":"https:\/\/www.hashtag.al\/index.php\/wp-json\/wp\/v2\/posts\/293786\/revisions"}],"wp:featuredmedia":[{"embeddable":true,"href":"https:\/\/www.hashtag.al\/index.php\/wp-json\/wp\/v2\/media\/270017"}],"wp:attachment":[{"href":"https:\/\/www.hashtag.al\/index.php\/wp-json\/wp\/v2\/media?parent=293786"}],"wp:term":[{"taxonomy":"category","embeddable":true,"href":"https:\/\/www.hashtag.al\/index.php\/wp-json\/wp\/v2\/categories?post=293786"},{"taxonomy":"post_tag","embeddable":true,"href":"https:\/\/www.hashtag.al\/index.php\/wp-json\/wp\/v2\/tags?post=293786"}],"curies":[{"name":"wp","href":"https:\/\/api.w.org\/{rel}","templated":true}]}}