{"id":293744,"date":"2019-05-01T11:34:23","date_gmt":"2019-05-01T09:34:23","guid":{"rendered":"https:\/\/hashtag.al\/?p=293744"},"modified":"2019-05-02T07:50:46","modified_gmt":"2019-05-02T05:50:46","slug":"perfundon-takimi-basha-kryemadhi-neser-ne-1800-bllokojme-rruget-ne-12-qarqet-e-vendit","status":"publish","type":"post","link":"https:\/\/www.hashtag.al\/index.php\/2019\/05\/01\/perfundon-takimi-basha-kryemadhi-neser-ne-1800-bllokojme-rruget-ne-12-qarqet-e-vendit\/","title":{"rendered":"P\u00ebrfundon takimi Basha-Kryemadhi: Nes\u00ebr n\u00eb 18:00 bllokojm\u00eb rrug\u00ebt n\u00eb mbar\u00eb vendin","gt_translate_keys":[{"key":"rendered","format":"text"}]},"content":{"rendered":"<p><span style=\"color: #000000;\"><img loading=\"lazy\" decoding=\"async\" class=\"aligncenter size-full wp-image-293755\" src=\"https:\/\/hashtag.al\/wp-content\/uploads\/2019\/05\/basha-kryemadhi3-1024x682.jpg\" alt=\"\" width=\"1024\" height=\"682\" srcset=\"https:\/\/www.hashtag.al\/wp-content\/uploads\/2019\/05\/basha-kryemadhi3-1024x682.jpg 1024w, https:\/\/www.hashtag.al\/wp-content\/uploads\/2019\/05\/basha-kryemadhi3-1024x682-300x200.jpg 300w, https:\/\/www.hashtag.al\/wp-content\/uploads\/2019\/05\/basha-kryemadhi3-1024x682-768x512.jpg 768w\" sizes=\"auto, (max-width: 1024px) 100vw, 1024px\" \/><\/span><\/p>\n<p><span style=\"color: #000000;\">Ka p\u00ebrfunduar takimi mes kreut t\u00eb PD-s\u00eb Lulzim Basha dhe kryetares s\u00eb LSI-s\u00eb Monika Kryemadhi. N\u00eb nj\u00eb deklarat\u00eb p\u00ebr mediat Basha paralajm\u00ebroi p\u00ebshkall\u00ebzim t\u00eb mosbindjes civile dhe tha se nes\u00ebr n\u00eb or\u00ebn 18:00 do t\u00eb protestohet n\u00eb t\u00eb 12 qarqet e vendit.<\/span><\/p>\n<p><span style=\"color: #000000;\">Basha po ashtu shtoi se paraditen e t\u00eb enjtes do t\u00eb shpalosin detajet p\u00ebr m\u00ebnyr\u00ebn se si opozita mendon se duhet organizuar qeveria tranzitore.<\/span><\/p>\n<p><span style=\"color: #000000;\"><em>&#8220;R\u00ebnd\u00ebsi nuk ka vendi, r\u00ebnd\u00ebsi ka Kuvendi, apo jo?! Me zonj\u00ebn Kryemadhi dhe me t\u00eb gjith\u00eb aleat\u00ebt po konkordojm\u00eb hapat q\u00eb opozita do t\u00eb hedh\u00eb n\u00eb p\u00ebrshkall\u00ebzimin e aksionit opozitar.<\/em><\/span><\/p>\n<p><span style=\"color: #000000;\"><em>Jemi n\u00eb nj\u00eb kriz\u00eb t\u00eb thell\u00eb, nj\u00eb kriz\u00eb politike, nj\u00eb kriz\u00eb kushtetuese, nj\u00eb kriz\u00eb ekonomike dhe sociale. Dhe si\u00e7 u b\u00eb e qart\u00eb edhe 24 or\u00ebt e fundit n\u00eb nj\u00eb kriz\u00eb totale t\u00eb procesit m\u00eb jetik p\u00ebr Shqip\u00ebrin\u00eb, at\u00eb t\u00eb integrimit t\u00eb vendit n\u00eb\u00a0\u00a0Bashkimin Europian.<\/em><\/span><\/p>\n<p><span style=\"color: #000000;\"><em>Shkaku i k\u00ebsaj krize \u00ebsht\u00eb qeveria e lidhur me krimin q\u00eb ka asgj\u00ebsuar Kushtetut\u00ebn, ka asgj\u00ebsuar demokracin\u00eb, ka asgj\u00ebsuar zgjedhjet, themelin e llogaridh\u00ebnies demokratike t\u00eb qeveris\u00eb para qytetar\u00ebve q\u00eb \u00ebsht\u00eb vota e lir\u00eb.<\/em><\/span><\/p>\n<p><span style=\"color: #000000;\"><em>Ndaj ne do t\u00eb vazhdojm\u00eb aksionin ton\u00eb n\u00eb t\u00eb gjitha planet. Nes\u00ebr n\u00eb or\u00ebn 18:00 do t\u00eb nis\u00eb aksioni n\u00eb 12 qarqet e vendit p\u00ebr bllokimin e akseve kryesore si nj\u00eb intensifikim, si nj\u00eb p\u00ebrshkall\u00ebzim i mosbindjes civile. Paradite n\u00eb or\u00ebn 11:00 do t\u00eb shpalosim bashk\u00eb me koalicionin ton\u00eb opozitar detyrat e qeveris\u00eb tranzitore p\u00ebr t\u00eb garantuar zgjedhje t\u00eb lira dhe t\u00eb ndershme dhe nd\u00ebrkoh\u00eb po punojm\u00eb intensifikisht p\u00ebr programet tona respektive politike dhe ekonomike p\u00ebr ofert\u00ebn ton\u00eb p\u00ebr shqiptar\u00ebt; jo vet\u00ebm p\u00ebr ta nxjerr\u00eb vendin nga kriza por p\u00ebr t\u2019iu dh\u00ebn\u00eb atyre sigurin\u00eb, lirit\u00eb, mund\u00ebsit\u00eb p\u00ebr nj\u00eb jet\u00eb dinjitoze me mund\u00ebsi p\u00ebr pun\u00ebsim dhe mir\u00ebqenie p\u00ebr t\u00eb gjitha.<\/em><\/span><\/p>\n<p><span style=\"color: #000000;\"><em>Asgj\u00eb nuk ka ndryshuar n\u00eb q\u00ebndrimin e opozit\u00ebs s\u00eb bashkuar dhe koalicionit ton\u00eb politik\u00eb, koalicionit m\u00eb t\u00eb madh, maxhoranc\u00ebs s\u00eb re numerike, politike dhe morale t\u00eb vendit : Largimi i Edi Ram\u00ebs \u00ebsht\u00eb kusht i panegociuesh\u00ebm p\u00ebr t\u00eb hapur rrug\u00ebn e dialogut politik q\u00eb do t\u00eb \u00e7oj\u00eb drejt qeveris\u00eb tranzitore. Detyrat e s\u00eb cil\u00ebs, n\u00eb ve\u00e7anti sa i p\u00ebrket organzimit t\u00eb zgjedhjeve t\u00eb lira dhe t\u00eb ndershme, do t\u2019i shpalosim nes\u00ebr publikisht n\u00eb or\u00ebn 11:00 n\u00eb Tiran\u00eb n\u00eb pranin\u00eb e medias, p\u00ebrfaq\u00ebsuesve m\u00eb t\u00eb lart\u00eb t\u00eb koalicionit dhe nj\u00eb numri t\u00eb madh t\u00eb ftuarish.<\/em><\/span><br \/>\n<span style=\"color: #000000;\"><em>Asgj\u00eb nuk ka ndryshuar n\u00eb q\u00ebndrimin tim.&#8221;,<\/em><\/span> <span style=\"color: #000000;\">tha Basha.<\/span><\/p>\n<p><span style=\"color: #000000;\">Takimi mes Bash\u00ebs dhe Kryemadhit u b\u00eb n\u00eb zyrat e selis\u00eb s\u00eb L\u00ebvizjes Socialiste p\u00ebr Integrim.<strong>\/Hashtag.al<\/strong><\/span><\/p>\n<p><img loading=\"lazy\" decoding=\"async\" class=\"aligncenter size-full wp-image-293754\" src=\"https:\/\/hashtag.al\/wp-content\/uploads\/2019\/05\/kryemadhi-1024x829.jpg\" alt=\"\" width=\"1024\" height=\"829\" srcset=\"https:\/\/www.hashtag.al\/wp-content\/uploads\/2019\/05\/kryemadhi-1024x829.jpg 1024w, https:\/\/www.hashtag.al\/wp-content\/uploads\/2019\/05\/kryemadhi-1024x829-300x243.jpg 300w, https:\/\/www.hashtag.al\/wp-content\/uploads\/2019\/05\/kryemadhi-1024x829-768x622.jpg 768w\" sizes=\"auto, (max-width: 1024px) 100vw, 1024px\" \/> <img loading=\"lazy\" decoding=\"async\" class=\"aligncenter size-full wp-image-293756\" src=\"https:\/\/hashtag.al\/wp-content\/uploads\/2019\/05\/basha-kryemadhi-1024x682.jpg\" alt=\"\" width=\"1024\" height=\"682\" srcset=\"https:\/\/www.hashtag.al\/wp-content\/uploads\/2019\/05\/basha-kryemadhi-1024x682.jpg 1024w, https:\/\/www.hashtag.al\/wp-content\/uploads\/2019\/05\/basha-kryemadhi-1024x682-300x200.jpg 300w, https:\/\/www.hashtag.al\/wp-content\/uploads\/2019\/05\/basha-kryemadhi-1024x682-768x512.jpg 768w\" sizes=\"auto, (max-width: 1024px) 100vw, 1024px\" \/> <img loading=\"lazy\" decoding=\"async\" class=\"aligncenter size-full wp-image-293757\" src=\"https:\/\/hashtag.al\/wp-content\/uploads\/2019\/05\/basha-kryemadhi2-1024x682.jpg\" alt=\"\" width=\"1024\" height=\"682\" srcset=\"https:\/\/www.hashtag.al\/wp-content\/uploads\/2019\/05\/basha-kryemadhi2-1024x682.jpg 1024w, https:\/\/www.hashtag.al\/wp-content\/uploads\/2019\/05\/basha-kryemadhi2-1024x682-300x200.jpg 300w, https:\/\/www.hashtag.al\/wp-content\/uploads\/2019\/05\/basha-kryemadhi2-1024x682-768x512.jpg 768w\" sizes=\"auto, (max-width: 1024px) 100vw, 1024px\" \/><\/p>\n","protected":false,"gt_translate_keys":[{"key":"rendered","format":"html"}]},"excerpt":{"rendered":"<p>Ka p\u00ebrfunduar takimi mes kreut t\u00eb PD-s\u00eb Lulzim Basha dhe kryetares s\u00eb LSI-s\u00eb Monika Kryemadhi. N\u00eb nj\u00eb deklarat\u00eb p\u00ebr mediat Basha paralajm\u00ebroi p\u00ebshkall\u00ebzim t\u00eb mosbindjes civile dhe tha se nes\u00ebr n\u00eb or\u00ebn 18:00 do t\u00eb protestohet n\u00eb t\u00eb 12 qarqet e vendit. Basha po ashtu shtoi se paraditen e t\u00eb enjtes do t\u00eb shpalosin detajet [&hellip;]<\/p>\n","protected":false,"gt_translate_keys":[{"key":"rendered","format":"html"}]},"author":30,"featured_media":293757,"comment_status":"open","ping_status":"open","sticky":false,"template":"","format":"standard","meta":{"footnotes":""},"categories":[22,65,13],"tags":[],"class_list":["post-293744","post","type-post","status-publish","format-standard","has-post-thumbnail","hentry","category-ballina","category-lajme","category-te-fundit"],"gt_translate_keys":[{"key":"link","format":"url"}],"_links":{"self":[{"href":"https:\/\/www.hashtag.al\/index.php\/wp-json\/wp\/v2\/posts\/293744","targetHints":{"allow":["GET"]}}],"collection":[{"href":"https:\/\/www.hashtag.al\/index.php\/wp-json\/wp\/v2\/posts"}],"about":[{"href":"https:\/\/www.hashtag.al\/index.php\/wp-json\/wp\/v2\/types\/post"}],"author":[{"embeddable":true,"href":"https:\/\/www.hashtag.al\/index.php\/wp-json\/wp\/v2\/users\/30"}],"replies":[{"embeddable":true,"href":"https:\/\/www.hashtag.al\/index.php\/wp-json\/wp\/v2\/comments?post=293744"}],"version-history":[{"count":0,"href":"https:\/\/www.hashtag.al\/index.php\/wp-json\/wp\/v2\/posts\/293744\/revisions"}],"wp:featuredmedia":[{"embeddable":true,"href":"https:\/\/www.hashtag.al\/index.php\/wp-json\/wp\/v2\/media\/293757"}],"wp:attachment":[{"href":"https:\/\/www.hashtag.al\/index.php\/wp-json\/wp\/v2\/media?parent=293744"}],"wp:term":[{"taxonomy":"category","embeddable":true,"href":"https:\/\/www.hashtag.al\/index.php\/wp-json\/wp\/v2\/categories?post=293744"},{"taxonomy":"post_tag","embeddable":true,"href":"https:\/\/www.hashtag.al\/index.php\/wp-json\/wp\/v2\/tags?post=293744"}],"curies":[{"name":"wp","href":"https:\/\/api.w.org\/{rel}","templated":true}]}}