{"id":293648,"date":"2019-04-30T23:34:55","date_gmt":"2019-04-30T21:34:55","guid":{"rendered":"https:\/\/hashtag.al\/?p=293648"},"modified":"2019-04-30T23:34:55","modified_gmt":"2019-04-30T21:34:55","slug":"merkel-shteti-islamik-nuk-eshte-zhdukur-akoma","status":"publish","type":"post","link":"https:\/\/www.hashtag.al\/index.php\/2019\/04\/30\/merkel-shteti-islamik-nuk-eshte-zhdukur-akoma\/","title":{"rendered":"Merkel: Shteti islamik nuk \u00ebsht\u00eb zhdukur akoma","gt_translate_keys":[{"key":"rendered","format":"text"}]},"content":{"rendered":"<p><img loading=\"lazy\" decoding=\"async\" class=\"aligncenter size-full wp-image-293649\" src=\"https:\/\/hashtag.al\/wp-content\/uploads\/2019\/04\/auto_Angela-Merkel-speaking-in-Germany-on-May-s-Brexit-deal-10483031550236000.jpg\" alt=\"\" width=\"900\" height=\"534\" srcset=\"https:\/\/www.hashtag.al\/wp-content\/uploads\/2019\/04\/auto_Angela-Merkel-speaking-in-Germany-on-May-s-Brexit-deal-10483031550236000.jpg 900w, https:\/\/www.hashtag.al\/wp-content\/uploads\/2019\/04\/auto_Angela-Merkel-speaking-in-Germany-on-May-s-Brexit-deal-10483031550236000-300x178.jpg 300w, https:\/\/www.hashtag.al\/wp-content\/uploads\/2019\/04\/auto_Angela-Merkel-speaking-in-Germany-on-May-s-Brexit-deal-10483031550236000-768x456.jpg 768w\" sizes=\"auto, (max-width: 900px) 100vw, 900px\" \/><\/p>\n<p><span style=\"color: #000000;\">Shteti Islamik (IS) vazhdon t\u00eb p\u00ebrb\u00ebj\u00eb nj\u00eb k\u00ebrc\u00ebnim, nj\u00eb rrezik q\u00eb ende nuk ka mbaruar, deklaroi sot kancelarja gjermane, Angela Merkel.<\/span><\/p>\n<p><span style=\"color: #000000;\">\u201dKalifati nuk \u00ebsht\u00eb zhdukur plot\u00ebsisht\u201d, theksoi Merkel, pas takimit me kryeministrin irakian, Adel Abdul Mahdi.<\/span><\/p>\n<p><span style=\"color: #000000;\">\u201dK\u00ebt\u00eb e tregon edhe nj\u00eb videomesazh nga al Baghdadi (Abu Bakr al-Baghdadi, lideri i ISIS-it \u2013 sh\u00ebn. i p\u00ebrkth.)\u201d, shtoi kancelarja.<\/span><\/p>\n","protected":false,"gt_translate_keys":[{"key":"rendered","format":"html"}]},"excerpt":{"rendered":"<p>Shteti Islamik (IS) vazhdon t\u00eb p\u00ebrb\u00ebj\u00eb nj\u00eb k\u00ebrc\u00ebnim, nj\u00eb rrezik q\u00eb ende nuk ka mbaruar, deklaroi sot kancelarja gjermane, Angela Merkel. \u201dKalifati nuk \u00ebsht\u00eb zhdukur plot\u00ebsisht\u201d, theksoi Merkel, pas takimit me kryeministrin irakian, Adel Abdul Mahdi. \u201dK\u00ebt\u00eb e tregon edhe nj\u00eb videomesazh nga al Baghdadi (Abu Bakr al-Baghdadi, lideri i ISIS-it \u2013 sh\u00ebn. i p\u00ebrkth.)\u201d, [&hellip;]<\/p>\n","protected":false,"gt_translate_keys":[{"key":"rendered","format":"html"}]},"author":32,"featured_media":293649,"comment_status":"open","ping_status":"open","sticky":false,"template":"","format":"standard","meta":{"footnotes":""},"categories":[6,13],"tags":[],"class_list":["post-293648","post","type-post","status-publish","format-standard","has-post-thumbnail","hentry","category-nderkombetare","category-te-fundit"],"gt_translate_keys":[{"key":"link","format":"url"}],"_links":{"self":[{"href":"https:\/\/www.hashtag.al\/index.php\/wp-json\/wp\/v2\/posts\/293648","targetHints":{"allow":["GET"]}}],"collection":[{"href":"https:\/\/www.hashtag.al\/index.php\/wp-json\/wp\/v2\/posts"}],"about":[{"href":"https:\/\/www.hashtag.al\/index.php\/wp-json\/wp\/v2\/types\/post"}],"author":[{"embeddable":true,"href":"https:\/\/www.hashtag.al\/index.php\/wp-json\/wp\/v2\/users\/32"}],"replies":[{"embeddable":true,"href":"https:\/\/www.hashtag.al\/index.php\/wp-json\/wp\/v2\/comments?post=293648"}],"version-history":[{"count":0,"href":"https:\/\/www.hashtag.al\/index.php\/wp-json\/wp\/v2\/posts\/293648\/revisions"}],"wp:featuredmedia":[{"embeddable":true,"href":"https:\/\/www.hashtag.al\/index.php\/wp-json\/wp\/v2\/media\/293649"}],"wp:attachment":[{"href":"https:\/\/www.hashtag.al\/index.php\/wp-json\/wp\/v2\/media?parent=293648"}],"wp:term":[{"taxonomy":"category","embeddable":true,"href":"https:\/\/www.hashtag.al\/index.php\/wp-json\/wp\/v2\/categories?post=293648"},{"taxonomy":"post_tag","embeddable":true,"href":"https:\/\/www.hashtag.al\/index.php\/wp-json\/wp\/v2\/tags?post=293648"}],"curies":[{"name":"wp","href":"https:\/\/api.w.org\/{rel}","templated":true}]}}