{"id":293614,"date":"2019-04-30T20:41:17","date_gmt":"2019-04-30T18:41:17","guid":{"rendered":"https:\/\/hashtag.al\/?p=293614"},"modified":"2019-04-30T20:41:17","modified_gmt":"2019-04-30T18:41:17","slug":"meta-retorikat-e-te-fortit-duhet-te-mbarojne-mund-te-perfundojme-ne-krize-te-pamenduar","status":"publish","type":"post","link":"https:\/\/www.hashtag.al\/index.php\/2019\/04\/30\/meta-retorikat-e-te-fortit-duhet-te-mbarojne-mund-te-perfundojme-ne-krize-te-pamenduar\/","title":{"rendered":"Meta: Retorikat e t\u00eb fortit duhet t\u00eb mbarojn\u00eb, mund t\u00eb p\u00ebrfundojm\u00eb n\u00eb kriz\u00eb t\u00eb pamenduar","gt_translate_keys":[{"key":"rendered","format":"text"}]},"content":{"rendered":"<p><img loading=\"lazy\" decoding=\"async\" class=\"aligncenter size-full wp-image-293615\" src=\"https:\/\/hashtag.al\/wp-content\/uploads\/2019\/04\/meta15.jpg\" alt=\"\" width=\"866\" height=\"474\" srcset=\"https:\/\/www.hashtag.al\/wp-content\/uploads\/2019\/04\/meta15.jpg 866w, https:\/\/www.hashtag.al\/wp-content\/uploads\/2019\/04\/meta15-300x164.jpg 300w, https:\/\/www.hashtag.al\/wp-content\/uploads\/2019\/04\/meta15-768x420.jpg 768w\" sizes=\"auto, (max-width: 866px) 100vw, 866px\" \/><\/p>\n<p><span style=\"color: #000000;\">Kreu i shtetit Ilir Meta ka paralajm\u00ebruar klas\u00ebn politike n\u00eb vend duke i b\u00ebr\u00eb thirrje t\u00eb shuajn\u00eb retorikat se kush \u00ebsht\u00eb m\u00eb i fort\u00eb.<\/span><\/p>\n<p><span style=\"color: #000000;\">Sipas Met\u00ebs retorikat e t\u00eb fortit n\u00eb buz\u00eb gremin\u00ebs mund t\u00eb p\u00ebrfundojn\u00eb n\u00eb nj\u00eb kriz\u00eb t\u00eb pamenduar.<\/span><\/p>\n<p><span style=\"color: #000000;\">\u201c<em>Mendoj q\u00eb takimet jan\u00eb t\u00eb r\u00ebnd\u00ebsishme dhe t\u00eb domosdoshme dhe t\u00eb gjith\u00eb t\u00eb reflektojn\u00eb p\u00ebr t\u00eb mos vazhduar n\u00eb retorikat e t\u00eb fortit atje n\u00eb tehun e buz\u00ebs s\u00eb gremin\u00ebs sepse k\u00ebmba mund t\u00eb rr\u00ebshqas\u00eb edhe jasht\u00eb vullnetit p\u00ebr t\u00eb p\u00ebrfunduar n\u00eb nj\u00eb kriz\u00eb t\u00eb pamenduar<\/em>.<\/span><\/p>\n<p><span style=\"color: #000000;\"><em>Mungesa e dialogut pa dyshim q\u00eb do t\u00eb akumuloj\u00eb nj\u00eb hendek q\u00eb do t\u00eb \u00e7oj\u00eb n\u00eb kriza. Pa dyshim nj\u00eb problem serioz \u00ebsht\u00eb mungesa e Gjykat\u00ebs Kushtetuese dhe problemet e m\u00ebdha n\u00eb sistemim gjyq\u00ebsor<\/em>\u201d-tha Meta n\u00eb nj\u00eb intervist\u00eb p\u00ebr \u201cOra\u201d.<\/span><\/p>\n<p><span style=\"color: #000000;\">\u201c<em>Nuk e din\u00eb \u00e7far\u00eb presin m\u00eb shum\u00eb kur sistemi i rregullave t\u00eb loj\u00ebs dhe bashk\u00ebjetes\u00ebs demokratike \u00ebsht\u00eb tronditur r\u00ebnd\u00eb. N\u00eb rast se nuk e shohim p\u00ebrpara humner\u00ebn, nuk b\u00ebjm\u00eb gj\u00eb tjet\u00ebr vet\u00ebm se p\u00ebrs\u00ebrisim gabimet q\u00eb i kushtojn\u00eb vendit<\/em>\u201d, shtoi kreu i Shtetit.<\/span><\/p>\n","protected":false,"gt_translate_keys":[{"key":"rendered","format":"html"}]},"excerpt":{"rendered":"<p>Kreu i shtetit Ilir Meta ka paralajm\u00ebruar klas\u00ebn politike n\u00eb vend duke i b\u00ebr\u00eb thirrje t\u00eb shuajn\u00eb retorikat se kush \u00ebsht\u00eb m\u00eb i fort\u00eb. Sipas Met\u00ebs retorikat e t\u00eb fortit n\u00eb buz\u00eb gremin\u00ebs mund t\u00eb p\u00ebrfundojn\u00eb n\u00eb nj\u00eb kriz\u00eb t\u00eb pamenduar. \u201cMendoj q\u00eb takimet jan\u00eb t\u00eb r\u00ebnd\u00ebsishme dhe t\u00eb domosdoshme dhe t\u00eb gjith\u00eb t\u00eb reflektojn\u00eb [&hellip;]<\/p>\n","protected":false,"gt_translate_keys":[{"key":"rendered","format":"html"}]},"author":32,"featured_media":293615,"comment_status":"open","ping_status":"open","sticky":false,"template":"","format":"standard","meta":{"footnotes":""},"categories":[65,13],"tags":[],"class_list":["post-293614","post","type-post","status-publish","format-standard","has-post-thumbnail","hentry","category-lajme","category-te-fundit"],"gt_translate_keys":[{"key":"link","format":"url"}],"_links":{"self":[{"href":"https:\/\/www.hashtag.al\/index.php\/wp-json\/wp\/v2\/posts\/293614","targetHints":{"allow":["GET"]}}],"collection":[{"href":"https:\/\/www.hashtag.al\/index.php\/wp-json\/wp\/v2\/posts"}],"about":[{"href":"https:\/\/www.hashtag.al\/index.php\/wp-json\/wp\/v2\/types\/post"}],"author":[{"embeddable":true,"href":"https:\/\/www.hashtag.al\/index.php\/wp-json\/wp\/v2\/users\/32"}],"replies":[{"embeddable":true,"href":"https:\/\/www.hashtag.al\/index.php\/wp-json\/wp\/v2\/comments?post=293614"}],"version-history":[{"count":0,"href":"https:\/\/www.hashtag.al\/index.php\/wp-json\/wp\/v2\/posts\/293614\/revisions"}],"wp:featuredmedia":[{"embeddable":true,"href":"https:\/\/www.hashtag.al\/index.php\/wp-json\/wp\/v2\/media\/293615"}],"wp:attachment":[{"href":"https:\/\/www.hashtag.al\/index.php\/wp-json\/wp\/v2\/media?parent=293614"}],"wp:term":[{"taxonomy":"category","embeddable":true,"href":"https:\/\/www.hashtag.al\/index.php\/wp-json\/wp\/v2\/categories?post=293614"},{"taxonomy":"post_tag","embeddable":true,"href":"https:\/\/www.hashtag.al\/index.php\/wp-json\/wp\/v2\/tags?post=293614"}],"curies":[{"name":"wp","href":"https:\/\/api.w.org\/{rel}","templated":true}]}}