{"id":293557,"date":"2019-04-30T16:26:58","date_gmt":"2019-04-30T14:26:58","guid":{"rendered":"https:\/\/hashtag.al\/?p=293557"},"modified":"2019-04-30T16:33:44","modified_gmt":"2019-04-30T14:33:44","slug":"ekzekutimi-i-kusherinjve-jushi-ne-lac-dorezohet-edhe-i-dyshuari-i-trete","status":"publish","type":"post","link":"https:\/\/www.hashtag.al\/index.php\/2019\/04\/30\/ekzekutimi-i-kusherinjve-jushi-ne-lac-dorezohet-edhe-i-dyshuari-i-trete\/","title":{"rendered":"Ekzekutimi i kush\u00ebrinjve Jushi n\u00eb La\u00e7, dor\u00ebzohet edhe i dyshuari i tret\u00eb","gt_translate_keys":[{"key":"rendered","format":"text"}]},"content":{"rendered":"<p><span style=\"color: #000000;\"><img loading=\"lazy\" decoding=\"async\" class=\"aligncenter size-full wp-image-293284\" src=\"https:\/\/hashtag.al\/wp-content\/uploads\/2019\/04\/mile-jushi.jpg\" alt=\"\" width=\"1280\" height=\"960\" srcset=\"https:\/\/www.hashtag.al\/wp-content\/uploads\/2019\/04\/mile-jushi.jpg 1280w, https:\/\/www.hashtag.al\/wp-content\/uploads\/2019\/04\/mile-jushi-300x225.jpg 300w, https:\/\/www.hashtag.al\/wp-content\/uploads\/2019\/04\/mile-jushi-768x576.jpg 768w, https:\/\/www.hashtag.al\/wp-content\/uploads\/2019\/04\/mile-jushi-1024x768.jpg 1024w\" sizes=\"auto, (max-width: 1280px) 100vw, 1280px\" \/><\/span><\/p>\n<p><span style=\"color: #000000;\">\u00cbsht\u00eb dor\u00ebzuar para pak \u00e7astesh edhe personi i tret\u00eb i dyshuar p\u00ebr vrasjen e 2 kush\u00ebrinjve n\u00eb La\u00e7 para dy dit\u00ebsh.<\/span><\/p>\n<p><span style=\"color: #000000;\"> Sipas policis\u00eb, \u00ebsht\u00eb vet\u00ebdor\u00ebzuar para pak \u00e7astesh 23-vje\u00e7ari me iniciale M.B. <\/span><\/p>\n<p><span style=\"color: #000000;\">Nd\u00ebrkoh\u00eb m\u00eb her\u00ebt pas nd\u00ebrhyrjes s\u00eb familjar\u00ebve u vet\u00ebdor\u00ebzuan p\u00ebr ngjarjen e r\u00ebnd\u00eb edhe 2 personat e tjer\u00eb t\u00eb cil\u00ebt akuzohen se n\u00eb bashk\u00ebpunim ekzekutuan kush\u00ebrinjt\u00eb Jushi.<\/span><\/p>\n<p><span style=\"color: #000000;\"><em>&#8220;Ne vijim te informacionit eshte dorezuar ne keto momente ne Polici\u00a0 edhe autori i trete i dyshuar i ngjarjes ku mbeten te vrare me arme zjarri dy shtetas. U vetedorezua M.B 23 vje\u00e7 banues ne Lac&#8221;.<\/em> &#8211; thuhet n\u00eb njoftimin e policis\u00eb.<\/span><\/p>\n<p><span style=\"color: #000000;\"><img loading=\"lazy\" decoding=\"async\" class=\"aligncenter size-full wp-image-293166\" src=\"https:\/\/hashtag.al\/wp-content\/uploads\/2019\/04\/LAc-Jushi.jpg\" alt=\"\" width=\"2000\" height=\"1175\" srcset=\"https:\/\/www.hashtag.al\/wp-content\/uploads\/2019\/04\/LAc-Jushi.jpg 2000w, https:\/\/www.hashtag.al\/wp-content\/uploads\/2019\/04\/LAc-Jushi-300x176.jpg 300w, https:\/\/www.hashtag.al\/wp-content\/uploads\/2019\/04\/LAc-Jushi-768x451.jpg 768w, https:\/\/www.hashtag.al\/wp-content\/uploads\/2019\/04\/LAc-Jushi-1024x602.jpg 1024w\" sizes=\"auto, (max-width: 2000px) 100vw, 2000px\" \/><\/span><\/p>\n","protected":false,"gt_translate_keys":[{"key":"rendered","format":"html"}]},"excerpt":{"rendered":"<p>\u00cbsht\u00eb dor\u00ebzuar para pak \u00e7astesh edhe personi i tret\u00eb i dyshuar p\u00ebr vrasjen e 2 kush\u00ebrinjve n\u00eb La\u00e7 para dy dit\u00ebsh. Sipas policis\u00eb, \u00ebsht\u00eb vet\u00ebdor\u00ebzuar para pak \u00e7astesh 23-vje\u00e7ari me iniciale M.B. Nd\u00ebrkoh\u00eb m\u00eb her\u00ebt pas nd\u00ebrhyrjes s\u00eb familjar\u00ebve u vet\u00ebdor\u00ebzuan p\u00ebr ngjarjen e r\u00ebnd\u00eb edhe 2 personat e tjer\u00eb t\u00eb cil\u00ebt akuzohen se n\u00eb [&hellip;]<\/p>\n","protected":false,"gt_translate_keys":[{"key":"rendered","format":"html"}]},"author":51,"featured_media":293284,"comment_status":"open","ping_status":"open","sticky":false,"template":"","format":"standard","meta":{"footnotes":""},"categories":[65,13],"tags":[],"class_list":["post-293557","post","type-post","status-publish","format-standard","has-post-thumbnail","hentry","category-lajme","category-te-fundit"],"gt_translate_keys":[{"key":"link","format":"url"}],"_links":{"self":[{"href":"https:\/\/www.hashtag.al\/index.php\/wp-json\/wp\/v2\/posts\/293557","targetHints":{"allow":["GET"]}}],"collection":[{"href":"https:\/\/www.hashtag.al\/index.php\/wp-json\/wp\/v2\/posts"}],"about":[{"href":"https:\/\/www.hashtag.al\/index.php\/wp-json\/wp\/v2\/types\/post"}],"author":[{"embeddable":true,"href":"https:\/\/www.hashtag.al\/index.php\/wp-json\/wp\/v2\/users\/51"}],"replies":[{"embeddable":true,"href":"https:\/\/www.hashtag.al\/index.php\/wp-json\/wp\/v2\/comments?post=293557"}],"version-history":[{"count":0,"href":"https:\/\/www.hashtag.al\/index.php\/wp-json\/wp\/v2\/posts\/293557\/revisions"}],"wp:featuredmedia":[{"embeddable":true,"href":"https:\/\/www.hashtag.al\/index.php\/wp-json\/wp\/v2\/media\/293284"}],"wp:attachment":[{"href":"https:\/\/www.hashtag.al\/index.php\/wp-json\/wp\/v2\/media?parent=293557"}],"wp:term":[{"taxonomy":"category","embeddable":true,"href":"https:\/\/www.hashtag.al\/index.php\/wp-json\/wp\/v2\/categories?post=293557"},{"taxonomy":"post_tag","embeddable":true,"href":"https:\/\/www.hashtag.al\/index.php\/wp-json\/wp\/v2\/tags?post=293557"}],"curies":[{"name":"wp","href":"https:\/\/api.w.org\/{rel}","templated":true}]}}