{"id":293550,"date":"2019-04-30T15:57:48","date_gmt":"2019-04-30T13:57:48","guid":{"rendered":"https:\/\/hashtag.al\/?p=293550"},"modified":"2019-04-30T16:10:28","modified_gmt":"2019-04-30T14:10:28","slug":"pas-samitit-te-berlinit-rama-refuzon-cmimin-e-rendesishem","status":"publish","type":"post","link":"https:\/\/www.hashtag.al\/index.php\/2019\/04\/30\/pas-samitit-te-berlinit-rama-refuzon-cmimin-e-rendesishem\/","title":{"rendered":"Pas samitit t\u00eb Berlinit, Rama refuzon &#8220;\u00e7mimin e r\u00ebnd\u00ebsish\u00ebm&#8221;","gt_translate_keys":[{"key":"rendered","format":"text"}]},"content":{"rendered":"<p><span style=\"color: #000000;\"><img loading=\"lazy\" decoding=\"async\" class=\"aligncenter size-full wp-image-293551\" src=\"https:\/\/hashtag.al\/wp-content\/uploads\/2019\/04\/ramarama.jpg\" alt=\"\" width=\"724\" height=\"405\" srcset=\"https:\/\/www.hashtag.al\/wp-content\/uploads\/2019\/04\/ramarama.jpg 724w, https:\/\/www.hashtag.al\/wp-content\/uploads\/2019\/04\/ramarama-300x168.jpg 300w\" sizes=\"auto, (max-width: 724px) 100vw, 724px\" \/><\/span><\/p>\n<p><span style=\"color: #000000;\">Kryeministri Rama ka refuzuar \u00e7mimin Qytetar Nderi i Dibr\u00ebs, dh\u00ebn\u00eb nga k\u00ebshilli bashkiak p\u00ebr Rrug\u00ebn e Arbrit.<\/span><\/p>\n<p><span style=\"color: #000000;\">N\u00eb mbledhjen e sotme Bashkia e Dibr\u00ebs e propozoi p\u00ebr t\u00eb shpallur qytetar nderi kryeministrin Edi Rama, por kreu i qeveris\u00eb e ka refuzuar titullin e ofruar. <\/span><\/p>\n<p><span style=\"color: #000000;\">Sipas zyr\u00ebs s\u00eb shtypit t\u00eb kryeministrit, shkak p\u00ebr k\u00ebt\u00eb refuzim \u00ebsht\u00eb kund\u00ebrshtimi i Ram\u00ebs p\u00ebr titujt honorifik\u00eb p\u00ebr politikan\u00ebt n\u00eb detyr\u00eb.<\/span><\/p>\n<p><span style=\"color: #000000;\">Refuzimi p\u00ebr titullin vjen nd\u00ebrkoh\u00eb q\u00eb kryeministri Rama ndodhet ende jasht\u00eb vendit pas pjes\u00ebmarrjes n\u00eb samitin e Berlinit.<\/span><\/p>\n<p><span style=\"color: #000000;\">Kujtojm\u00eb k\u00ebtu se kryeministri Rama ka marr\u00eb \u00e7mimin e Legjionit t\u00eb Nderit n\u00eb Franc\u00eb n\u00eb mars t\u00eb vitit 2017, n\u00eb nj\u00eb ceremoni t\u00eb zhvilluar n\u00eb Paris.<\/span><\/p>\n<p><span style=\"color: #000000;\"><img loading=\"lazy\" decoding=\"async\" class=\"aligncenter size-full wp-image-293424\" src=\"https:\/\/hashtag.al\/wp-content\/uploads\/2019\/04\/fotoja.jpg\" alt=\"\" width=\"960\" height=\"640\" srcset=\"https:\/\/www.hashtag.al\/wp-content\/uploads\/2019\/04\/fotoja.jpg 960w, https:\/\/www.hashtag.al\/wp-content\/uploads\/2019\/04\/fotoja-300x200.jpg 300w, https:\/\/www.hashtag.al\/wp-content\/uploads\/2019\/04\/fotoja-768x512.jpg 768w\" sizes=\"auto, (max-width: 960px) 100vw, 960px\" \/><\/span><\/p>\n","protected":false,"gt_translate_keys":[{"key":"rendered","format":"html"}]},"excerpt":{"rendered":"<p>Kryeministri Rama ka refuzuar \u00e7mimin Qytetar Nderi i Dibr\u00ebs, dh\u00ebn\u00eb nga k\u00ebshilli bashkiak p\u00ebr Rrug\u00ebn e Arbrit. N\u00eb mbledhjen e sotme Bashkia e Dibr\u00ebs e propozoi p\u00ebr t\u00eb shpallur qytetar nderi kryeministrin Edi Rama, por kreu i qeveris\u00eb e ka refuzuar titullin e ofruar. Sipas zyr\u00ebs s\u00eb shtypit t\u00eb kryeministrit, shkak p\u00ebr k\u00ebt\u00eb refuzim \u00ebsht\u00eb [&hellip;]<\/p>\n","protected":false,"gt_translate_keys":[{"key":"rendered","format":"html"}]},"author":51,"featured_media":293551,"comment_status":"open","ping_status":"open","sticky":false,"template":"","format":"standard","meta":{"footnotes":""},"categories":[65,13],"tags":[],"class_list":["post-293550","post","type-post","status-publish","format-standard","has-post-thumbnail","hentry","category-lajme","category-te-fundit"],"gt_translate_keys":[{"key":"link","format":"url"}],"_links":{"self":[{"href":"https:\/\/www.hashtag.al\/index.php\/wp-json\/wp\/v2\/posts\/293550","targetHints":{"allow":["GET"]}}],"collection":[{"href":"https:\/\/www.hashtag.al\/index.php\/wp-json\/wp\/v2\/posts"}],"about":[{"href":"https:\/\/www.hashtag.al\/index.php\/wp-json\/wp\/v2\/types\/post"}],"author":[{"embeddable":true,"href":"https:\/\/www.hashtag.al\/index.php\/wp-json\/wp\/v2\/users\/51"}],"replies":[{"embeddable":true,"href":"https:\/\/www.hashtag.al\/index.php\/wp-json\/wp\/v2\/comments?post=293550"}],"version-history":[{"count":0,"href":"https:\/\/www.hashtag.al\/index.php\/wp-json\/wp\/v2\/posts\/293550\/revisions"}],"wp:featuredmedia":[{"embeddable":true,"href":"https:\/\/www.hashtag.al\/index.php\/wp-json\/wp\/v2\/media\/293551"}],"wp:attachment":[{"href":"https:\/\/www.hashtag.al\/index.php\/wp-json\/wp\/v2\/media?parent=293550"}],"wp:term":[{"taxonomy":"category","embeddable":true,"href":"https:\/\/www.hashtag.al\/index.php\/wp-json\/wp\/v2\/categories?post=293550"},{"taxonomy":"post_tag","embeddable":true,"href":"https:\/\/www.hashtag.al\/index.php\/wp-json\/wp\/v2\/tags?post=293550"}],"curies":[{"name":"wp","href":"https:\/\/api.w.org\/{rel}","templated":true}]}}