{"id":293515,"date":"2019-04-30T12:55:15","date_gmt":"2019-04-30T10:55:15","guid":{"rendered":"https:\/\/hashtag.al\/?p=293515"},"modified":"2019-04-30T12:56:03","modified_gmt":"2019-04-30T10:56:03","slug":"silvio-berlusconi-me-gure-ne-veshka-shtrohet-ne-spital","status":"publish","type":"post","link":"https:\/\/www.hashtag.al\/index.php\/2019\/04\/30\/silvio-berlusconi-me-gure-ne-veshka-shtrohet-ne-spital\/","title":{"rendered":"Silvio Berlusconi me gur\u00eb n\u00eb veshka, shtrohet n\u00eb spital","gt_translate_keys":[{"key":"rendered","format":"text"}]},"content":{"rendered":"<p><img loading=\"lazy\" decoding=\"async\" class=\"aligncenter size-full wp-image-293517\" src=\"https:\/\/hashtag.al\/wp-content\/uploads\/2019\/04\/Berlusconi.jpeg\" alt=\"\" width=\"1920\" height=\"1200\" srcset=\"https:\/\/www.hashtag.al\/wp-content\/uploads\/2019\/04\/Berlusconi.jpeg 1920w, https:\/\/www.hashtag.al\/wp-content\/uploads\/2019\/04\/Berlusconi-300x188.jpeg 300w, https:\/\/www.hashtag.al\/wp-content\/uploads\/2019\/04\/Berlusconi-768x480.jpeg 768w, https:\/\/www.hashtag.al\/wp-content\/uploads\/2019\/04\/Berlusconi-1024x640.jpeg 1024w\" sizes=\"auto, (max-width: 1920px) 100vw, 1920px\" \/><\/p>\n<p><span style=\"color: #000000;\">Ish-kryeministri italian Silvio Berlusconi \u00ebsht\u00eb shtruar me urgjenc\u00eb n\u00eb spital.<\/span><\/p>\n<p><span style=\"color: #000000;\">Sipas Tgcom 24, Berlusconi \u00ebsht\u00eb shtruar n\u00eb spitalin e San Raffaele n\u00eb Milano m\u00ebngjesin e s\u00eb mart\u00ebs.<\/span><\/p>\n<p><span style=\"color: #000000;\"><span style=\"color: #0000ff;\"><a style=\"color: #0000ff;\" href=\"https:\/\/www.telegraph.co.uk\/news\/2019\/04\/30\/former-italian-prime-minister-silvio-berlusconi-hospitalised\/\">&#8220;The Telegraph&#8221;<\/a><\/span> shkruan se ish-kryeministri italian kishte dhimbje n\u00eb veshk\u00eb. Berlusconi ka patur mjaft shqet\u00ebsime sh\u00ebndet\u00ebsore vitet e fundit, madje n\u00eb 2016 iu n\u00ebnshtrua nj\u00eb nd\u00ebrhyrjeje kirurgjikale n\u00eb zem\u00ebr, por pavar\u00ebsisht k\u00ebsaj ai kurr\u00eb nuk \u00ebsht\u00eb treguar i gatsh\u00ebm t\u00eb t\u00ebrhiqet nga politika.<\/span><\/p>\n<p><span style=\"color: #000000;\">Ai kandidon p\u00ebr zgjedhjet evropiane t\u00eb 26 majit.<\/span><\/p>\n<p><span style=\"color: #000000;\">Partia e Berluscon-it &#8220;Forca Italia&#8221; e p\u00ebrshkroi shet\u00ebsimine\u00a0 tij, si nj\u00eb dhimbje t\u00eb r\u00ebnd\u00eb t\u00eb shkaktuar nga gur\u00ebt n\u00eb veshka. Por sapo t\u00eb mbaroj\u00eb me kontrollet mjek\u00ebsore, Berlusconi menj\u00ebher\u00eb do t&#8217;i rikthehet fushat\u00ebs.<\/span><\/p>\n<p><span style=\"color: #000000;\"><em>&#8220;Sapo t\u00eb kryhen kontrollet, ai ka premtuar t\u00eb jet\u00eb i pranish\u00ebm n\u00eb aktivitetin e Forza Italia t\u00eb caktuar p\u00ebr k\u00ebt\u00eb pasdite me kandidat\u00ebt p\u00ebr zgjedhjet evropiane&#8221;<\/em>, tha nj\u00eb z\u00ebdh\u00ebn\u00ebse p\u00ebr Forza Italia.<\/span><\/p>\n<p><span style=\"color: #000000;\">Dit\u00ebn e sotme rreth ore 14: 00, 82-vje\u00e7ari do t\u00eb dilte n\u00eb nj\u00eb konferenc\u00eb p\u00ebr shtyp ku do t\u00eb b\u00ebnte prezantimin e kandidat\u00ebve t\u00eb partis\u00eb s\u00eb tij.<\/span><\/p>\n<p><img loading=\"lazy\" decoding=\"async\" class=\"aligncenter size-full wp-image-293516\" src=\"https:\/\/hashtag.al\/wp-content\/uploads\/2019\/04\/silvio-Berlusconi.jpg\" alt=\"\" width=\"1200\" height=\"630\" srcset=\"https:\/\/www.hashtag.al\/wp-content\/uploads\/2019\/04\/silvio-Berlusconi.jpg 1200w, https:\/\/www.hashtag.al\/wp-content\/uploads\/2019\/04\/silvio-Berlusconi-300x158.jpg 300w, https:\/\/www.hashtag.al\/wp-content\/uploads\/2019\/04\/silvio-Berlusconi-768x403.jpg 768w, https:\/\/www.hashtag.al\/wp-content\/uploads\/2019\/04\/silvio-Berlusconi-1024x538.jpg 1024w\" sizes=\"auto, (max-width: 1200px) 100vw, 1200px\" \/><\/p>\n","protected":false,"gt_translate_keys":[{"key":"rendered","format":"html"}]},"excerpt":{"rendered":"<p>Ish-kryeministri italian Silvio Berlusconi \u00ebsht\u00eb shtruar me urgjenc\u00eb n\u00eb spital. Sipas Tgcom 24, Berlusconi \u00ebsht\u00eb shtruar n\u00eb spitalin e San Raffaele n\u00eb Milano m\u00ebngjesin e s\u00eb mart\u00ebs. &#8220;The Telegraph&#8221; shkruan se ish-kryeministri italian kishte dhimbje n\u00eb veshk\u00eb. Berlusconi ka patur mjaft shqet\u00ebsime sh\u00ebndet\u00ebsore vitet e fundit, madje n\u00eb 2016 iu n\u00ebnshtrua nj\u00eb nd\u00ebrhyrjeje kirurgjikale n\u00eb [&hellip;]<\/p>\n","protected":false,"gt_translate_keys":[{"key":"rendered","format":"html"}]},"author":30,"featured_media":293516,"comment_status":"open","ping_status":"open","sticky":false,"template":"","format":"standard","meta":{"footnotes":""},"categories":[6],"tags":[],"class_list":["post-293515","post","type-post","status-publish","format-standard","has-post-thumbnail","hentry","category-nderkombetare"],"gt_translate_keys":[{"key":"link","format":"url"}],"_links":{"self":[{"href":"https:\/\/www.hashtag.al\/index.php\/wp-json\/wp\/v2\/posts\/293515","targetHints":{"allow":["GET"]}}],"collection":[{"href":"https:\/\/www.hashtag.al\/index.php\/wp-json\/wp\/v2\/posts"}],"about":[{"href":"https:\/\/www.hashtag.al\/index.php\/wp-json\/wp\/v2\/types\/post"}],"author":[{"embeddable":true,"href":"https:\/\/www.hashtag.al\/index.php\/wp-json\/wp\/v2\/users\/30"}],"replies":[{"embeddable":true,"href":"https:\/\/www.hashtag.al\/index.php\/wp-json\/wp\/v2\/comments?post=293515"}],"version-history":[{"count":0,"href":"https:\/\/www.hashtag.al\/index.php\/wp-json\/wp\/v2\/posts\/293515\/revisions"}],"wp:featuredmedia":[{"embeddable":true,"href":"https:\/\/www.hashtag.al\/index.php\/wp-json\/wp\/v2\/media\/293516"}],"wp:attachment":[{"href":"https:\/\/www.hashtag.al\/index.php\/wp-json\/wp\/v2\/media?parent=293515"}],"wp:term":[{"taxonomy":"category","embeddable":true,"href":"https:\/\/www.hashtag.al\/index.php\/wp-json\/wp\/v2\/categories?post=293515"},{"taxonomy":"post_tag","embeddable":true,"href":"https:\/\/www.hashtag.al\/index.php\/wp-json\/wp\/v2\/tags?post=293515"}],"curies":[{"name":"wp","href":"https:\/\/api.w.org\/{rel}","templated":true}]}}