{"id":293501,"date":"2019-04-30T12:29:16","date_gmt":"2019-04-30T10:29:16","guid":{"rendered":"https:\/\/hashtag.al\/?p=293501"},"modified":"2019-04-30T12:43:52","modified_gmt":"2019-04-30T10:43:52","slug":"ekzekutimi-i-dy-kusherinjve-ne-lac-vetedorezohen-dy-prej-te-dyshuarve","status":"publish","type":"post","link":"https:\/\/www.hashtag.al\/index.php\/2019\/04\/30\/ekzekutimi-i-dy-kusherinjve-ne-lac-vetedorezohen-dy-prej-te-dyshuarve\/","title":{"rendered":"Ekzekutimi i dy kush\u00ebrinjve n\u00eb La\u00e7, vet\u00ebdor\u00ebzohen dy prej t\u00eb dyshuarve","gt_translate_keys":[{"key":"rendered","format":"text"}]},"content":{"rendered":"<p><img loading=\"lazy\" decoding=\"async\" class=\"aligncenter size-full wp-image-293166\" src=\"https:\/\/hashtag.al\/wp-content\/uploads\/2019\/04\/LAc-Jushi.jpg\" alt=\"\" width=\"2000\" height=\"1175\" srcset=\"https:\/\/www.hashtag.al\/wp-content\/uploads\/2019\/04\/LAc-Jushi.jpg 2000w, https:\/\/www.hashtag.al\/wp-content\/uploads\/2019\/04\/LAc-Jushi-300x176.jpg 300w, https:\/\/www.hashtag.al\/wp-content\/uploads\/2019\/04\/LAc-Jushi-768x451.jpg 768w, https:\/\/www.hashtag.al\/wp-content\/uploads\/2019\/04\/LAc-Jushi-1024x602.jpg 1024w\" sizes=\"auto, (max-width: 2000px) 100vw, 2000px\" \/><\/p>\n<p><span style=\"color: #000000;\">Dy autor\u00ebt e dyshuar p\u00ebr vrasjen e dy kush\u00ebrinjve Mikel dhe Jani Jushi n\u00eb La\u00e7, jan\u00eb vet\u00ebdor\u00ebzuar n\u00eb polici. Uniformat blu b\u00ebjn\u00eb me dije se dy t\u00eb rinjt\u00eb, Markel Gjonbushi dhe Vincens Pali, pas bisedimeve me familjar\u00ebt, kan\u00eb vendosur t\u00eb vet\u00ebdor\u00ebzohen.<\/span><\/p>\n<p><em><span style=\"color: #000000;\">&#8220;N\u00eb vijim t\u00eb veprimeve p\u00ebr zbardhjen e ngjarjes s\u00eb ndodhur n\u00eb lagjen nr. 1 La\u00e7, Kurbin, ku pas nj\u00eb konflikti p\u00ebr motive t\u00eb dob\u00ebta u plagos\u00ebn me arm\u00eb zjarri dy shtetas t\u00eb cil\u00ebt m\u00eb pas gjet\u00ebn vdekjen n\u00eb nj\u00eb nga spitalet private n\u00eb Tiran\u00eb ju informojm\u00eb se: Si rezultat i pun\u00ebs hetimore t\u00eb kryer nga grupi i posa\u00e7\u00ebm hetimor n\u00ebn drejtimin e Prokuroris\u00eb s\u00eb Rrethit Gjyq\u00ebsor Kurbin u b\u00eb e mundur identifikimi dhe shpallja n\u00eb k\u00ebrkim e autor\u00ebve t\u00eb dyshuar t\u00eb k\u00ebsaj ngjarje. Policia n\u00eb vijim dhe pa nd\u00ebrprer\u00eb ushtroi kontrolle t\u00eb shumta dhe p\u00ebrdori metodat speciale t\u00eb hetimit p\u00ebr t\u00eb b\u00ebr\u00eb t\u00eb mundur kapjen e autor\u00ebve.<\/span><\/em><\/p>\n<p><span style=\"color: #000000;\"><em>Nj\u00ebkoh\u00ebsisht Grupi i posa\u00e7\u00ebm hetimor negocioi me familjar\u00ebt e autor\u00ebve t\u00eb dyshuar q\u00eb ata t\u00eb dor\u00ebzoheshin organeve t\u00eb drejt\u00ebsis\u00eb. Dy nga autor\u00ebt e dyshuar, shtetasit M. B., 25 vje\u00e7 dhe V. B., 28 vje\u00e7, t\u00eb dy lindur e banues n\u00eb Kurbin, pas negociatave me familjar\u00ebt, jan\u00eb vet\u00eb dor\u00ebzuar n\u00eb Polici. Grupi i posa\u00e7\u00ebm hetimor n\u00ebn drejtimin e Prokuroris\u00eb po vijon pun\u00ebn p\u00ebr dokumentin e plot\u00eb t\u00eb k\u00ebsaj ngjarje. Materialet iu referuan Prokuroris\u00eb pran\u00eb Gjykat\u00ebs s\u00eb Shkall\u00ebs s\u00eb Pare Kurbin, p\u00ebr veprime te m\u00ebtejshme hetimore, p\u00ebr veprat penale \u201cVrasja n\u00eb rrethana t\u00eb tjera t\u00eb cil\u00ebsuara, n\u00eb bashk\u00ebpunim&#8221; dhe \u201cMbajtja pa leje e arm\u00ebve dhe municioneve luftarake\u201d, parashikuar nga nenet 79\/dh, 25 dhe 278\/1 t\u00eb Kodit Penal.&#8221;<\/em>, thuhet n\u00eb njoftimin e policis\u00eb.<\/span><\/p>\n<p><span style=\"color: #000000;\">P\u00ebrplasja me arm\u00eb ndodhi dy net\u00eb m\u00eb par\u00eb n\u00eb qytetin e La\u00e7it, ku mbet\u00ebn t\u00eb vrar\u00eb dy kush\u00ebrinjt\u00eb Mikel Jushi, 35 vje\u00e7 dhe Jani Jushi, 30 vje\u00e7.<\/span><\/p>\n<p><span style=\"color: #000000;\">\u00a0Gjith\u00e7ka ka nisur nga nj\u00eb debat n\u00eb lokal, nd\u00ebrsa pas tensionimit t\u00eb situat\u00ebs, Mikel dhe Jani Jushi , jan\u00eb ndjekur nga pas nga autor\u00ebt. Dy djemt\u00eb e xhaxhallar\u00ebve jan\u00eb p\u00ebrpjekur q\u00eb t\u00eb fshihen n\u00eb nj\u00eb rrugic\u00eb, por autori i ka arritur dhe i ka q\u00eblluar disa her\u00eb.\u00a0<\/span><\/p>\n<p><span style=\"color: #000000;\">Pak pas ngjarjes t\u00eb rinjt\u00eb u d\u00ebrguan me urgjenc\u00eb drejt Spitalit t\u00eb Traum\u00ebs n\u00eb Tiran\u00eb, pasi gjendja e tyre paraqitej e r\u00ebnd\u00eb. Por ende pa mb\u00ebrritur n\u00eb spital ata humb\u00ebn jet\u00ebn. Dit\u00ebn e djeshme, policia shpalli n\u00eb k\u00ebrkim tre t\u00eb rinj, Markel Gjonbushi 25 vje\u00e7,Vincens Pali (Bushi) si dhe nj\u00eb 23-vje\u00e7ar me inicialet M.B.<strong>\/Hashtag.al<\/strong><\/span><\/p>\n<p><img loading=\"lazy\" decoding=\"async\" class=\"aligncenter size-full wp-image-293168\" src=\"https:\/\/hashtag.al\/wp-content\/uploads\/2019\/04\/Jushi.jpg\" alt=\"\" width=\"720\" height=\"720\" srcset=\"https:\/\/www.hashtag.al\/wp-content\/uploads\/2019\/04\/Jushi.jpg 720w, https:\/\/www.hashtag.al\/wp-content\/uploads\/2019\/04\/Jushi-150x150.jpg 150w, https:\/\/www.hashtag.al\/wp-content\/uploads\/2019\/04\/Jushi-300x300.jpg 300w, https:\/\/www.hashtag.al\/wp-content\/uploads\/2019\/04\/Jushi-120x120.jpg 120w\" sizes=\"auto, (max-width: 720px) 100vw, 720px\" \/> <img loading=\"lazy\" decoding=\"async\" class=\"aligncenter size-full wp-image-293173\" src=\"https:\/\/hashtag.al\/wp-content\/uploads\/2019\/04\/Jani-Jushi.jpg\" alt=\"\" width=\"589\" height=\"444\" srcset=\"https:\/\/www.hashtag.al\/wp-content\/uploads\/2019\/04\/Jani-Jushi.jpg 589w, https:\/\/www.hashtag.al\/wp-content\/uploads\/2019\/04\/Jani-Jushi-300x226.jpg 300w\" sizes=\"auto, (max-width: 589px) 100vw, 589px\" \/><\/p>\n","protected":false,"gt_translate_keys":[{"key":"rendered","format":"html"}]},"excerpt":{"rendered":"<p>Dy autor\u00ebt e dyshuar p\u00ebr vrasjen e dy kush\u00ebrinjve Mikel dhe Jani Jushi n\u00eb La\u00e7, jan\u00eb vet\u00ebdor\u00ebzuar n\u00eb polici. Uniformat blu b\u00ebjn\u00eb me dije se dy t\u00eb rinjt\u00eb, Markel Gjonbushi dhe Vincens Pali, pas bisedimeve me familjar\u00ebt, kan\u00eb vendosur t\u00eb vet\u00ebdor\u00ebzohen. &#8220;N\u00eb vijim t\u00eb veprimeve p\u00ebr zbardhjen e ngjarjes s\u00eb ndodhur n\u00eb lagjen nr. 1 [&hellip;]<\/p>\n","protected":false,"gt_translate_keys":[{"key":"rendered","format":"html"}]},"author":30,"featured_media":293284,"comment_status":"open","ping_status":"open","sticky":false,"template":"","format":"standard","meta":{"footnotes":""},"categories":[22,65,13],"tags":[],"class_list":["post-293501","post","type-post","status-publish","format-standard","has-post-thumbnail","hentry","category-ballina","category-lajme","category-te-fundit"],"gt_translate_keys":[{"key":"link","format":"url"}],"_links":{"self":[{"href":"https:\/\/www.hashtag.al\/index.php\/wp-json\/wp\/v2\/posts\/293501","targetHints":{"allow":["GET"]}}],"collection":[{"href":"https:\/\/www.hashtag.al\/index.php\/wp-json\/wp\/v2\/posts"}],"about":[{"href":"https:\/\/www.hashtag.al\/index.php\/wp-json\/wp\/v2\/types\/post"}],"author":[{"embeddable":true,"href":"https:\/\/www.hashtag.al\/index.php\/wp-json\/wp\/v2\/users\/30"}],"replies":[{"embeddable":true,"href":"https:\/\/www.hashtag.al\/index.php\/wp-json\/wp\/v2\/comments?post=293501"}],"version-history":[{"count":0,"href":"https:\/\/www.hashtag.al\/index.php\/wp-json\/wp\/v2\/posts\/293501\/revisions"}],"wp:featuredmedia":[{"embeddable":true,"href":"https:\/\/www.hashtag.al\/index.php\/wp-json\/wp\/v2\/media\/293284"}],"wp:attachment":[{"href":"https:\/\/www.hashtag.al\/index.php\/wp-json\/wp\/v2\/media?parent=293501"}],"wp:term":[{"taxonomy":"category","embeddable":true,"href":"https:\/\/www.hashtag.al\/index.php\/wp-json\/wp\/v2\/categories?post=293501"},{"taxonomy":"post_tag","embeddable":true,"href":"https:\/\/www.hashtag.al\/index.php\/wp-json\/wp\/v2\/tags?post=293501"}],"curies":[{"name":"wp","href":"https:\/\/api.w.org\/{rel}","templated":true}]}}