{"id":293420,"date":"2019-04-30T08:40:18","date_gmt":"2019-04-30T06:40:18","guid":{"rendered":"https:\/\/hashtag.al\/?p=293420"},"modified":"2019-04-30T08:40:18","modified_gmt":"2019-04-30T06:40:18","slug":"hashim-thaci-pas-samitit-jemi-pajtuar-qe-te-mos-pajtohemi","status":"publish","type":"post","link":"https:\/\/www.hashtag.al\/index.php\/2019\/04\/30\/hashim-thaci-pas-samitit-jemi-pajtuar-qe-te-mos-pajtohemi\/","title":{"rendered":"Hashim Tha\u00e7i pas Samitit: Jemi pajtuar q\u00eb t\u00eb mos pajtohemi","gt_translate_keys":[{"key":"rendered","format":"text"}]},"content":{"rendered":"<p><img loading=\"lazy\" decoding=\"async\" class=\"aligncenter size-full wp-image-293421\" src=\"https:\/\/hashtag.al\/wp-content\/uploads\/2019\/04\/THaci.jpg\" alt=\"\" width=\"624\" height=\"351\" srcset=\"https:\/\/www.hashtag.al\/wp-content\/uploads\/2019\/04\/THaci.jpg 624w, https:\/\/www.hashtag.al\/wp-content\/uploads\/2019\/04\/THaci-300x169.jpg 300w\" sizes=\"auto, (max-width: 624px) 100vw, 624px\" \/><\/p>\n<p><span style=\"color: #000000;\">Pas p\u00ebrfundimit t\u00eb Samitit t\u00eb Berlinit p\u00ebr Ballkanin Per\u00ebndimor, presidenti i Ksoov\u00ebs Hashim Tha\u00e7i, ka pranuar n\u00eb nj\u00eb konferenc\u00eb p\u00ebr mediat se lajmi p\u00ebr liberalizimin e vizave \u00ebsht\u00eb zhg\u00ebnjyes.<\/span><\/p>\n<p><span style=\"color: #000000;\"><em>\u00a0\u201cKosova ka theksuar shum\u00eb qart\u00eb se na duhet liberalizimi i vizave, dhe i kemi plot\u00ebsuar kriteret. Kishte nj\u00eb paqart\u00ebsi p\u00ebr liberalizimin e vizave, pasi \u00ebsht\u00eb padrejt\u00ebsi dhe nd\u00ebshkim p\u00ebr Kosov\u00ebn\u201d,<\/em> tha Tha\u00e7i.<\/span><\/p>\n<p><span style=\"color: #000000;\">Po ashtu, i pyetur edhe lidhur me \u00eb\u00ebshtjen e vendosjes s\u00eb taks\u00ebs ndaj produkteve serbe, Tha\u00e7i se vendosja e taks\u00ebs ka qen\u00eb nj\u00eb propozim legjitim. N\u00eb fund, ai ka shtuar se <em>&#8221; em\u00ebruesi i p\u00ebrbashk\u00ebt e takimit ishte \u201cjemi pajtuar q\u00eb t\u00eb mos pajtohemi\u201d.<\/em><\/span><\/p>\n<p><iframe loading=\"lazy\" title=\"KONFERENCA E PRESIDENTIT THACI PAS SAMITIT NE BERLIN  29 04 2019\" width=\"1170\" height=\"658\" src=\"https:\/\/www.youtube.com\/embed\/A5GFUuC48NQ?feature=oembed\" frameborder=\"0\" allow=\"accelerometer; autoplay; clipboard-write; encrypted-media; gyroscope; picture-in-picture\" allowfullscreen><\/iframe><\/p>\n","protected":false,"gt_translate_keys":[{"key":"rendered","format":"html"}]},"excerpt":{"rendered":"<p>Pas p\u00ebrfundimit t\u00eb Samitit t\u00eb Berlinit p\u00ebr Ballkanin Per\u00ebndimor, presidenti i Ksoov\u00ebs Hashim Tha\u00e7i, ka pranuar n\u00eb nj\u00eb konferenc\u00eb p\u00ebr mediat se lajmi p\u00ebr liberalizimin e vizave \u00ebsht\u00eb zhg\u00ebnjyes. \u00a0\u201cKosova ka theksuar shum\u00eb qart\u00eb se na duhet liberalizimi i vizave, dhe i kemi plot\u00ebsuar kriteret. Kishte nj\u00eb paqart\u00ebsi p\u00ebr liberalizimin e vizave, pasi \u00ebsht\u00eb padrejt\u00ebsi [&hellip;]<\/p>\n","protected":false,"gt_translate_keys":[{"key":"rendered","format":"html"}]},"author":30,"featured_media":293421,"comment_status":"open","ping_status":"open","sticky":false,"template":"","format":"standard","meta":{"footnotes":""},"categories":[65],"tags":[],"class_list":["post-293420","post","type-post","status-publish","format-standard","has-post-thumbnail","hentry","category-lajme"],"gt_translate_keys":[{"key":"link","format":"url"}],"_links":{"self":[{"href":"https:\/\/www.hashtag.al\/index.php\/wp-json\/wp\/v2\/posts\/293420","targetHints":{"allow":["GET"]}}],"collection":[{"href":"https:\/\/www.hashtag.al\/index.php\/wp-json\/wp\/v2\/posts"}],"about":[{"href":"https:\/\/www.hashtag.al\/index.php\/wp-json\/wp\/v2\/types\/post"}],"author":[{"embeddable":true,"href":"https:\/\/www.hashtag.al\/index.php\/wp-json\/wp\/v2\/users\/30"}],"replies":[{"embeddable":true,"href":"https:\/\/www.hashtag.al\/index.php\/wp-json\/wp\/v2\/comments?post=293420"}],"version-history":[{"count":0,"href":"https:\/\/www.hashtag.al\/index.php\/wp-json\/wp\/v2\/posts\/293420\/revisions"}],"wp:featuredmedia":[{"embeddable":true,"href":"https:\/\/www.hashtag.al\/index.php\/wp-json\/wp\/v2\/media\/293421"}],"wp:attachment":[{"href":"https:\/\/www.hashtag.al\/index.php\/wp-json\/wp\/v2\/media?parent=293420"}],"wp:term":[{"taxonomy":"category","embeddable":true,"href":"https:\/\/www.hashtag.al\/index.php\/wp-json\/wp\/v2\/categories?post=293420"},{"taxonomy":"post_tag","embeddable":true,"href":"https:\/\/www.hashtag.al\/index.php\/wp-json\/wp\/v2\/tags?post=293420"}],"curies":[{"name":"wp","href":"https:\/\/api.w.org\/{rel}","templated":true}]}}