{"id":293236,"date":"2019-04-29T12:00:15","date_gmt":"2019-04-29T10:00:15","guid":{"rendered":"https:\/\/hashtag.al\/?p=293236"},"modified":"2019-04-29T12:00:15","modified_gmt":"2019-04-29T10:00:15","slug":"dashamir-shehi-pika-ku-ndahemi-me-pd-ne","status":"publish","type":"post","link":"https:\/\/www.hashtag.al\/index.php\/2019\/04\/29\/dashamir-shehi-pika-ku-ndahemi-me-pd-ne\/","title":{"rendered":"Dashamir Shehi: Pika ku ndahemi me PD-n\u00eb","gt_translate_keys":[{"key":"rendered","format":"text"}]},"content":{"rendered":"<p><span style=\"color: #000000;\"> <img loading=\"lazy\" decoding=\"async\" class=\"aligncenter size-full wp-image-293238\" src=\"https:\/\/hashtag.al\/wp-content\/uploads\/2019\/04\/shehi.jpg\" alt=\"\" width=\"770\" height=\"433\" srcset=\"https:\/\/www.hashtag.al\/wp-content\/uploads\/2019\/04\/shehi.jpg 770w, https:\/\/www.hashtag.al\/wp-content\/uploads\/2019\/04\/shehi-300x169.jpg 300w, https:\/\/www.hashtag.al\/wp-content\/uploads\/2019\/04\/shehi-768x432.jpg 768w\" sizes=\"auto, (max-width: 770px) 100vw, 770px\" \/>Pes\u00eb aleat\u00ebt e Partis\u00eb demokratike me p\u00ebrjashtim t\u00eb PDIU-s\u00eb, kan\u00eb hartuar nj\u00eb platform\u00eb p\u00ebr t\u00eb arritur nj\u00eb marr\u00ebveshje kushtetuese mes forcave politike.<\/span><\/p>\n<p><span style=\"color: #000000;\">N\u00eb prezantimin e k\u00ebsaj platform, kreu i LZHK-s\u00eb Dashamir Shehi tha se cili \u00ebsht\u00eb ndryshimi i k\u00ebrkesave t\u00eb partive t\u00eb vogla me ato t\u00eb PD-s\u00eb. Shehi tha se pika e vetme q\u00eb I ndan nga PD jan\u00eb \u201cNdryshimet n\u00eb Kodin Zgjedhor\u201d.<\/span><\/p>\n<p><span style=\"color: #000000;\"><em>&#8220;Dhe ne t\u00eb 5 k\u00ebtu nuk \u00ebsht\u00eb se mendojm\u00eb nj\u00eblloj p\u00ebr Kodin Zgjedhor. N\u00eb k\u00ebrkojm\u00eb prej vitesh ndryshimin e kodit zgjedhor. A ka tek PD q\u00eb mendojn\u00eb si ne ose ndryshe? Plot. PD n\u00eb k\u00ebt\u00eb pik\u00eb nuk ka dh\u00ebn\u00eb nj\u00eb q\u00ebndrim t\u00eb saj definisht. Me PD-n\u00eb kjo \u00ebsht\u00eb nj\u00eb nga pikat q\u00eb kemi debat,\u00a0ndaj jemi me k\u00ebt\u00eb platform\u00eb. \u00a0Urojm\u00eb q\u00eb edhe PD t\u00eb vij\u00eb n\u00eb k\u00ebt\u00eb pik\u00eb sa i p\u00ebrket Kodit Zgjedhor&#8221;<\/em>, tha Shehi.<\/span><\/p>\n<p><span style=\"color: #000000;\">Ai sqaroi gazetar\u00ebt nj\u00ebher\u00eb e mir\u00eb se as partit\u00eb e vogla, nj\u00eblloj si PD nuk kan\u00eb nd\u00ebrmend t\u00eb hyjn\u00eb n\u00eb zgjedhje me kryeministrin Rama.<\/span><\/p>\n<p><span style=\"color: #000000;\"><em>&#8220;Ku do hym\u00eb n\u00eb zgjedhje, nga penxherja do hym\u00eb n\u00eb zgjedhje? Iku ajo pun\u00eb, kjo \u00ebsht\u00eb pyetje koti. Ne n\u00eb zgjedhje nuk futemi, u mbyll afati, iku kjo pun\u00eb, kemi firmosur nj\u00eb marr\u00ebveshje me PD q\u00eb nuk hyjm\u00eb n\u00eb zgjedhje, dhe nuk e duam Ram\u00ebn kryeminist\u00ebr. U dogj\u00ebn mandatet, u dogj\u00ebn zgjedhjet, nuk duam Ram\u00ebn kryeminist\u00ebr. Kjo nuk \u00ebsht\u00eb \u00e7\u00ebshtje p\u00ebr parlament, \u00ebsht\u00eb marr\u00ebveshje kushtetuese. Do t\u00eb ishim shum\u00eb t\u00eb lumtur, kryeministri Rama me ata q\u00eb ka n\u00eb kuvend&#8221;<\/em>, tha kreu i LZHK-s\u00eb.<\/span><\/p>\n<p>&nbsp;<\/p>\n","protected":false,"gt_translate_keys":[{"key":"rendered","format":"html"}]},"excerpt":{"rendered":"<p>Pes\u00eb aleat\u00ebt e Partis\u00eb demokratike me p\u00ebrjashtim t\u00eb PDIU-s\u00eb, kan\u00eb hartuar nj\u00eb platform\u00eb p\u00ebr t\u00eb arritur nj\u00eb marr\u00ebveshje kushtetuese mes forcave politike. N\u00eb prezantimin e k\u00ebsaj platform, kreu i LZHK-s\u00eb Dashamir Shehi tha se cili \u00ebsht\u00eb ndryshimi i k\u00ebrkesave t\u00eb partive t\u00eb vogla me ato t\u00eb PD-s\u00eb. Shehi tha se pika e vetme q\u00eb I [&hellip;]<\/p>\n","protected":false,"gt_translate_keys":[{"key":"rendered","format":"html"}]},"author":30,"featured_media":293239,"comment_status":"open","ping_status":"open","sticky":false,"template":"","format":"standard","meta":{"footnotes":""},"categories":[65,13],"tags":[],"class_list":["post-293236","post","type-post","status-publish","format-standard","has-post-thumbnail","hentry","category-lajme","category-te-fundit"],"gt_translate_keys":[{"key":"link","format":"url"}],"_links":{"self":[{"href":"https:\/\/www.hashtag.al\/index.php\/wp-json\/wp\/v2\/posts\/293236","targetHints":{"allow":["GET"]}}],"collection":[{"href":"https:\/\/www.hashtag.al\/index.php\/wp-json\/wp\/v2\/posts"}],"about":[{"href":"https:\/\/www.hashtag.al\/index.php\/wp-json\/wp\/v2\/types\/post"}],"author":[{"embeddable":true,"href":"https:\/\/www.hashtag.al\/index.php\/wp-json\/wp\/v2\/users\/30"}],"replies":[{"embeddable":true,"href":"https:\/\/www.hashtag.al\/index.php\/wp-json\/wp\/v2\/comments?post=293236"}],"version-history":[{"count":0,"href":"https:\/\/www.hashtag.al\/index.php\/wp-json\/wp\/v2\/posts\/293236\/revisions"}],"wp:featuredmedia":[{"embeddable":true,"href":"https:\/\/www.hashtag.al\/index.php\/wp-json\/wp\/v2\/media\/293239"}],"wp:attachment":[{"href":"https:\/\/www.hashtag.al\/index.php\/wp-json\/wp\/v2\/media?parent=293236"}],"wp:term":[{"taxonomy":"category","embeddable":true,"href":"https:\/\/www.hashtag.al\/index.php\/wp-json\/wp\/v2\/categories?post=293236"},{"taxonomy":"post_tag","embeddable":true,"href":"https:\/\/www.hashtag.al\/index.php\/wp-json\/wp\/v2\/tags?post=293236"}],"curies":[{"name":"wp","href":"https:\/\/api.w.org\/{rel}","templated":true}]}}