{"id":293232,"date":"2019-04-29T11:49:50","date_gmt":"2019-04-29T09:49:50","guid":{"rendered":"https:\/\/hashtag.al\/?p=293232"},"modified":"2019-04-29T11:58:39","modified_gmt":"2019-04-29T09:58:39","slug":"pse-falimentoi-insig-u-i-kosoves-disa-pyetje-per-drejtor-ervinin","status":"publish","type":"post","link":"https:\/\/www.hashtag.al\/index.php\/2019\/04\/29\/pse-falimentoi-insig-u-i-kosoves-disa-pyetje-per-drejtor-ervinin\/","title":{"rendered":"Pse falimentoi &#8220;INSIG&#8217;-u i Kosov\u00ebs? Disa pyetje p\u00ebr drejtor Ervinin","gt_translate_keys":[{"key":"rendered","format":"text"}]},"content":{"rendered":"<div id=\"attachment_293233\" style=\"width: 1034px\" class=\"wp-caption aligncenter\"><img loading=\"lazy\" decoding=\"async\" aria-describedby=\"caption-attachment-293233\" class=\"wp-image-293233 size-full\" src=\"https:\/\/hashtag.al\/wp-content\/uploads\/2019\/04\/ervinkoci.jpg\" alt=\"\" width=\"1024\" height=\"576\" srcset=\"https:\/\/www.hashtag.al\/wp-content\/uploads\/2019\/04\/ervinkoci.jpg 1024w, https:\/\/www.hashtag.al\/wp-content\/uploads\/2019\/04\/ervinkoci-300x169.jpg 300w, https:\/\/www.hashtag.al\/wp-content\/uploads\/2019\/04\/ervinkoci-768x432.jpg 768w\" sizes=\"auto, (max-width: 1024px) 100vw, 1024px\" \/><p id=\"caption-attachment-293233\" class=\"wp-caption-text\"><span style=\"font-size: 12px;\"><em>Ervin Ko\u00e7i, drejtori i P\u00ebrgjithsh\u00ebm Ekzekutiv i AMF-s\u00eb<\/em><\/span><\/p><\/div>\n<p><span style=\"color: #000000;\">N\u00eb nj\u00eb njoftim (jo)surpriz\u00eb, Banka Qendrore e Kosov\u00ebs ka publikuar vendimin e Bordit Ekzekutiv t\u00eb saj,t\u00eb marr\u00eb n\u00eb takimin e mbajtur me dat\u00eb 26 prill 2019 p\u00ebr revokim t\u00eb licenc\u00ebs\u00a0 s\u00eb\u00a0 kompanis\u00eb s\u00eb\u00a0 sigurimeve s\u00eb SH.A. \u201cInsig\u201d, Dega n\u00eb Kosov\u00eb.<\/span><\/p>\n<p><span style=\"color: #000000;\">P\u00ebr lexuesin kujtojm\u00eb q\u00eb kompania e sigurimeve \u201cInsig\u201d ka qen\u00eb e vetmja kompani sigurimesh n\u00eb Shqip\u00ebri p\u00ebr vite t\u00eb t\u00ebra, me kapital shtet\u00ebror. Pas disa raundesh privatizimi t\u00eb pasuksessh\u00ebm, kompania m\u00ebm\u00eb, &#8220;Insig&#8221; n\u00eb Shqip\u00ebri u privatizua duke u bler\u00eb n\u00eb vitin 2016 nga nj\u00eb tjet\u00ebr kompani sigurimesh shqiptare, &#8220;Eurosig&#8221;, proces ky i p\u00ebrfolur si i kryer n\u00ebn bekimin e kryeministrit Edi Rama.<\/span><\/p>\n<p><span style=\"color: #000000;\">Nd\u00ebrkoh\u00eb, vet\u00ebm pas tri vitesh nga privizatimi i &#8220;Insig&#8221; n\u00eb Shqip\u00ebri, dega e saj e Kosov\u00eb, e cila ka funksionuar prej vitit 2002, falimenton. Falimenti i deg\u00ebs s\u00eb &#8220;Insig&#8221; n\u00eb Kosov\u00eb sigurisht ka implikime q\u00eb lidhen me reputacionin e institucioneve financiare shqiptare brenda dhe jasht\u00eb vendit.<\/span><\/p>\n<p><span style=\"color: #000000;\">Publiku me t\u00eb drejt\u00eb shqet\u00ebsohet dhe ka nevoj\u00eb t\u00eb dij\u00eb se \u00e7far\u00eb rrethanash \u00e7uan n\u00eb k\u00ebt\u00eb falimentim. Prandaj sot ne po u drejtojm\u00eb disa pyetje autoriteteve n\u00eb Shqip\u00ebri:<\/span><\/p>\n<p><span style=\"color: #000000;\"><strong>Pyetje p\u00ebr pronarin e &#8220;Eurosig&#8221; dhe K\u00ebshillin Mbik\u00ebqyr\u00ebs t\u00eb p\u00ebrb\u00ebr\u00eb nga zot\u00ebrinjt\u00eb Vaso Pilo (kryetar), Rexhep Meidani dhe Thanas Xhillari (an\u00ebtar\u00eb) t\u00eb shoq\u00ebris\u00eb &#8220;Insig&#8221;:<\/strong><\/span><\/p>\n<ol>\n<li><span style=\"color: #000000;\">P\u00ebrse d\u00ebshtuan n\u00eb p\u00ebrmbushjen e k\u00ebrkesave ligjore dhe p\u00ebrmir\u00ebsimin e gjendjes financiare t\u00eb deg\u00ebs s\u00eb &#8220;Insig&#8221;-ut n\u00eb Kosov\u00eb? U kujtojm\u00eb q\u00eb &#8220;Insig&#8221;-u n\u00eb Shqip\u00ebri \u00ebsht\u00eb kompania m\u00ebm\u00eb dhe organet drejtuese t\u00eb kompanis\u00eb kan\u00eb p\u00ebrgjegj\u00ebsi p\u00ebr k\u00ebt\u00eb situat\u00eb.<\/span><\/li>\n<li><span style=\"color: #000000;\">Sa \u00ebsht\u00eb deficiti i aft\u00ebsis\u00eb paguese p\u00ebr deg\u00ebn n\u00eb Kosov\u00eb dhe \u00e7far\u00eb ndikimi ka n\u00eb gjendjen financiare t\u00eb t\u00eb gjiith\u00eb kompanis\u00eb?<\/span><\/li>\n<li><span style=\"color: #000000;\">A kan\u00eb probleme t\u00eb tilla t\u00eb ngjashme n\u00eb kompanit\u00eb e grupit?<\/span><\/li>\n<\/ol>\n<p><span style=\"color: #000000;\"><strong>Pyetje p\u00ebr Autoritetin e Mbik\u00ebqyrjes Financiare, i cili ka p\u00ebrgjegj\u00ebsin\u00eb p\u00ebr mbik\u00ebqyrjen e kompanive t\u00eb sigurimit:<\/strong><\/span><\/p>\n<ol>\n<li><span style=\"color: #000000;\">\u00c7far\u00eb ndikimi ka falimenti i &#8220;Insig&#8221;-ut n\u00eb Kosov\u00eb p\u00ebr shoq\u00ebrin\u00eb &#8220;Insig&#8221; si nj\u00eb kompani e t\u00ebr\u00eb dhe p\u00ebr tregun shqiptar t\u00eb sigurimeve?<\/span><\/li>\n<li><span style=\"color: #000000;\">A ishte ky nj\u00eb vendim surpriz\u00eb p\u00ebr AMF-n\u00eb dhe Bordin e saj apo kan\u00eb patur informacionet dhe sinjalet e nevojshme nga BQK-ja p\u00ebr k\u00ebt\u00eb situat\u00eb?<\/span><\/li>\n<li><span style=\"color: #000000;\">N\u00ebse kan\u00eb patur informacionet e nevojshme \u00e7far\u00eb masash e vendimesh kan\u00eb marr\u00eb p\u00ebr t\u00eb ndikuar n\u00eb sh\u00ebndoshjen e situat\u00ebs financiare t\u00eb shoq\u00ebris\u00eb &#8220;Insig&#8221;?<\/span><\/li>\n<li><span style=\"color: #000000;\">A jan\u00eb kompanit\u00eb e tjera t\u00eb zot\u00ebruara nga i nj\u00ebjti aksioner, pra nga Eurosig, t\u00eb kapitalizuara sipas ligjit, apo kan\u00eb dhe ato v\u00ebshtir\u00ebsi (do t\u00eb kemi p\u00ebrs\u00ebri \u201csurpriza\u201d)?<\/span><\/li>\n<li><span style=\"color: #000000;\">Situata q\u00eb po p\u00ebrjeton &#8220;Insig&#8221; \u00ebsht\u00eb e hershme apo u agravua vitet e fundit? A \u00ebsht\u00eb b\u00ebr\u00eb vler\u00ebsim nga bordi i &#8220;AMF&#8221;-s\u00eb, sipas kompetencave ligjore q\u00eb ka, para se t\u00eb privatizohej &#8220;Insig&#8221; dhe a kan\u00eb qen\u00eb n\u00eb dijeni t\u00eb v\u00ebshtir\u00ebsive n\u00eb Kosov\u00eb? A ka patur komunikim me BQK-n\u00eb para dhe pas privatizimit?<\/span><\/li>\n<li><span style=\"color: #000000;\">N\u00ebse kompania &#8220;Insig&#8221; ka qen\u00eb deg\u00eb, a ka p\u00ebrgjegj\u00ebsi m\u00ebma t\u00eb mbuloj\u00eb t\u00eb gjitha humbjet dhe a ka m\u00ebma kapital t\u00eb mjaftuesh\u00ebm p\u00ebr ta absorbuar k\u00ebt\u00eb humbje? A do t\u00eb vijoj\u00eb kompania m\u00ebm\u00eb (&#8220;Insig&#8221; n\u00eb Shqip\u00ebri) t\u00eb ket\u00eb aft\u00ebsia paguese sipas ligjit?<\/span><\/li>\n<li><span style=\"color: #000000;\">A kan\u00eb patur aft\u00ebsi paguese kompania m\u00ebm\u00eb dhe pronari i ri para privatizimit dhe \u00e7far\u00eb ka ndodhur pas privatizimit?<\/span><\/li>\n<li><span style=\"color: #000000;\">A mund t\u00eb konsiderohet i suksessh\u00ebm privatizimi i &#8220;Insig&#8221; dhe \u00e7far\u00eb ndikimi ka patur ndryshimi i pronarit n\u00eb situat\u00ebn e &#8220;Insig&#8221;?<\/span><\/li>\n<li><span style=\"color: #000000;\">A ndjen p\u00ebrgjegj\u00ebsi Bordi i AMF-s\u00eb, i p\u00ebrb\u00ebr\u00eb nga Pajtim Melani, kryetar, Enkeleda Shehi an\u00ebtare dhe drejtore e P\u00ebrgjithshme Ekzekutive, Mimoza Ka\u00e7i an\u00ebtare dhe n\u00ebndrejtore, Klodion Shehu dhe Arjan Salati an\u00ebtar\u00eb, kur n\u00eb vitin 2016 miratuan kalimin e pron\u00ebsis\u00eb s\u00eb &#8220;Insig&#8221; n\u00eb nj\u00eb shoq\u00ebri tjet\u00ebr sigurimesh p\u00ebr t\u00eb cil\u00ebn n\u00eb m\u00ebnyr\u00eb t\u00eb vazhdueshme jan\u00eb marr\u00eb vendime administrative (mjafton t\u00eb num\u00ebrosh k\u00ebto vendime n\u00eb \u00ebebpage t\u00eb &#8220;AMF&#8221;, megjith\u00ebse mungon transparenca nga ky institucion p\u00ebr t\u00eb kuptuar natyr\u00ebn e vendimeve)?<\/span><\/li>\n<li><span style=\"color: #000000;\">Po Bordi aktuali AMF-s\u00eb, i p\u00ebrb\u00ebr\u00eb nga Pajtim Melani, kryetar, Ervin Ko\u00e7i an\u00ebtar dhe drejtori i P\u00ebrgjithsh\u00ebm Ekzekutiv, Mimoza Ka\u00e7i an\u00ebtare dhe n\u00ebndrejtore, Klodion Shehu dhe Idlir Gjata, an\u00ebtar\u00eb, a ndjen p\u00ebgjegj\u00ebsi p\u00ebr k\u00ebt\u00eb situat\u00eb dhe a besojn\u00eb realisht se kan\u00eb marr\u00eb vendimet me integritetin e duhur n\u00eb t\u00eb mir\u00eb t\u00eb sistemit financiar?<\/span><\/li>\n<li><span style=\"color: #000000;\">Kush do e p\u00ebrballoj\u00eb k\u00ebt\u00eb fatur\u00eb, tregu i Kosov\u00ebs apo ai i Shqip\u00ebris\u00eb? \u00c7far\u00eb ndodh n\u00eb k\u00ebt\u00eb rast me stabilitetin e tregut n\u00eb Shqip\u00ebri? A \u00ebsht\u00eb n\u00eb gjendje ky treg t\u00eb p\u00ebrballoj\u00eb k\u00ebt\u00eb humbje?<\/span><\/li>\n<li><span style=\"color: #000000;\">A \u00ebsht\u00eb kjo humbje e izoluar apo shtrihet m\u00eb gjer\u00eb (brenda kompanis\u00eb &#8220;Insig&#8221; dhe te pronar\u00ebt e saj)?<\/span><\/li>\n<li><span style=\"color: #000000;\">Po n\u00ebse kompanit\u00eb e tjera t\u00eb k\u00ebtij grupi kan\u00eb v\u00ebshtir\u00ebsi dhe dalin nga tregu, sa \u00ebsht\u00eb fatura dhe a ka tregu kapacitet ta p\u00ebrballoj\u00eb? \u00c7far\u00eb plani ka AMF n\u00eb k\u00ebt\u00eb rast?<\/span><\/li>\n<li><span style=\"color: #000000;\">A ka nd\u00ebrtuar &#8220;AMF&#8221; mekanizma dhe a ka fonde p\u00ebr t\u2019i p\u00ebrballuar, apo do t\u00eb ndodh\u00eb si me fondin e kompensimit, ku &#8220;AMF&#8221;-ja nuk kujdeset p\u00ebr konsumator\u00ebt dhe mund t\u2019i ler\u00eb t\u00eb presin me dekada p\u00ebr t\u2019u d\u00ebmshp\u00ebrblyer?<\/span><\/li>\n<li><span style=\"color: #000000;\">Aksioneri i kompanis\u00eb &#8220;Insig&#8221; ka nj\u00eb kompani tjet\u00ebr n\u00eb Kosov\u00eb dhe \u00ebsht\u00eb i pranish\u00ebm edhe n\u00eb Maqedoni. Sa \u00ebsht\u00eb kapitali i k\u00ebtij grupi aktualisht? A ka aft\u00ebsi paguese? N\u00ebse jo, a ka aft\u00ebsi tregu ta p\u00ebrballoj\u00eb k\u00ebt\u00eb situat\u00eb?<\/span><\/li>\n<li><span style=\"color: #000000;\">Si do i mbroj\u00eb AMF konsumator\u00ebt?<\/span><\/li>\n<\/ol>\n<p><img loading=\"lazy\" decoding=\"async\" class=\"aligncenter size-full wp-image-293234\" src=\"https:\/\/hashtag.al\/wp-content\/uploads\/2019\/04\/insigkosove.jpg\" alt=\"\" width=\"960\" height=\"720\" srcset=\"https:\/\/www.hashtag.al\/wp-content\/uploads\/2019\/04\/insigkosove.jpg 960w, https:\/\/www.hashtag.al\/wp-content\/uploads\/2019\/04\/insigkosove-300x225.jpg 300w, https:\/\/www.hashtag.al\/wp-content\/uploads\/2019\/04\/insigkosove-768x576.jpg 768w\" sizes=\"auto, (max-width: 960px) 100vw, 960px\" \/><\/p>\n<p><strong><span style=\"color: #000000;\">Pyetje p\u00ebr Ministrin\u00eb e Financave dhe Komisionin e Ekonomis\u00eb dhe Financave, i cili ka qen\u00eb pronari kompanis\u00eb &#8220;Insig&#8221;:<\/span><\/strong><\/p>\n<ol>\n<li><span style=\"color: #000000;\">A ka patur dijeni Ministria e Financave p\u00ebr situat\u00ebn e &#8220;Insig&#8221; n\u00eb Kosov\u00eb, si pronare dhe n\u00ebp\u00ebrmjet p\u00ebrfaq\u00ebsis\u00eb q\u00eb ka patur n\u00eb Bordin e &#8220;Insig&#8221;? P\u00ebr shembull a kan\u00eb patur dijeni z. Ervin Mete, ish-kryetari K\u00ebshillit Mbik\u00ebqyr\u00ebs t\u00eb &#8220;Insig&#8221;, aktualisht n\u00eb gar\u00eb p\u00ebr kryetar Bordi i AMF-s\u00eb, Engj\u00ebll Aga\u00e7i, ish-z\u00ebvend\u00ebskryetar, aktualisht sekretari p\u00ebrgjithsh\u00ebm n\u00eb Kryeministri, znj, Anila Denaj, ish-an\u00ebtare e k\u00ebtij K\u00ebshilli, aktualisht ministre e financave, Luneda Sufali ish-an\u00ebtare dhe aktualisht drejtore n\u00eb administrat\u00ebn shtet\u00ebrore, Edlira Lu\u00e7i sh-an\u00ebtare, aktualisht an\u00ebtare e K\u00ebshillit Mbik\u00ebqyr\u00ebs t\u00eb Bank\u00ebs, apo Spiro Brumbulli, ish-an\u00ebtar dhe ish-shef i Kabinetit t\u00eb Ministrit t\u00eb Financave?<\/span><\/li>\n<\/ol>\n<ol start=\"2\">\n<li><span style=\"color: #000000;\">A ka patur dijeni dhe a ndjen p\u00ebrgjegj\u00ebsi ish-ministri i Financave n\u00ebn drejtimin e t\u00eb cilit u b\u00eb privatizimi i &#8220;Insig&#8221;-ut, z. Arben Ahmetaj? A do t\u00eb ket\u00eb tani n\u00eb rolin e kryetarit t\u00eb Komisionit t\u00eb Ekonomis\u00eb dhe Financave n\u00eb Kuvend forc\u00ebn dhe pavar\u00ebsin\u00eb e nevojshme p\u00ebr t\u00eb k\u00ebrkuar llogari p\u00ebr AMF-n\u00eb?<\/span><\/li>\n<li><span style=\"color: #000000;\">A kan\u00eb urdh\u00ebruar Ministrat e Financave auditime n\u00eb kompanin\u00eb &#8220;Insig&#8221; kur ajo ka qen\u00eb shtet\u00ebrore dhe \u00e7far\u00eb kan\u00eb b\u00ebr\u00eb e konkluzionet e k\u00ebtyre raporteve?<\/span><\/li>\n<\/ol>\n<p><span style=\"color: #000000;\">Lista e k\u00ebtyre pyetjeve mund t\u00eb zgjatet shum\u00eb m\u00eb tep\u00ebr, sepse falimentimi i deg\u00ebs s\u00eb &#8220;Insig&#8221;-ut n\u00eb Kosov\u00eb i ngjan nj\u00eb kronike t\u00eb paralajm\u00ebruar, me veprime t\u00eb pap\u00ebrgjegjshme e mosveprime nga pothuaj t\u00eb gjith\u00eb pal\u00ebt vendimmarr\u00ebse, q\u00eb n\u00eb rrethana t\u00eb nj\u00eb shteti serioz do t\u00eb duhej t\u00eb p\u00ebrb\u00ebnin objekt pune p\u00ebr prokurorin\u00eb.<\/span><\/p>\n<p><span style=\"color: #000000;\">N\u00eb shtetin shqiptar do t\u00eb ishim t\u00eb lumtur n\u00ebse vendimmarr\u00ebsit m\u00eb sip\u00ebr do t\u00eb denonjonin t\u00eb p\u00ebrgjigjeshin qoft\u00eb edhe n\u00eb m\u00ebnyr\u00eb demagogjike. Prandaj k\u00ebt\u00eb radhe vendos\u00ebm q\u00eb t\u2019i b\u00ebjm\u00eb publike pyetjet, sepse p\u00ebrgjigjet ua dim\u00eb me koh\u00eb. <strong><em>\/Hashtag.al<\/em><\/strong><\/span><\/p>\n","protected":false,"gt_translate_keys":[{"key":"rendered","format":"html"}]},"excerpt":{"rendered":"<p>N\u00eb nj\u00eb njoftim (jo)surpriz\u00eb, Banka Qendrore e Kosov\u00ebs ka publikuar vendimin e Bordit Ekzekutiv t\u00eb saj,t\u00eb marr\u00eb n\u00eb takimin e mbajtur me dat\u00eb 26 prill 2019 p\u00ebr revokim t\u00eb licenc\u00ebs\u00a0 s\u00eb\u00a0 kompanis\u00eb s\u00eb\u00a0 sigurimeve s\u00eb SH.A. \u201cInsig\u201d, Dega n\u00eb Kosov\u00eb. P\u00ebr lexuesin kujtojm\u00eb q\u00eb kompania e sigurimeve \u201cInsig\u201d ka qen\u00eb e vetmja kompani sigurimesh n\u00eb [&hellip;]<\/p>\n","protected":false,"gt_translate_keys":[{"key":"rendered","format":"html"}]},"author":6,"featured_media":293233,"comment_status":"open","ping_status":"open","sticky":false,"template":"","format":"standard","meta":{"footnotes":""},"categories":[22,65,13],"tags":[],"class_list":["post-293232","post","type-post","status-publish","format-standard","has-post-thumbnail","hentry","category-ballina","category-lajme","category-te-fundit"],"gt_translate_keys":[{"key":"link","format":"url"}],"_links":{"self":[{"href":"https:\/\/www.hashtag.al\/index.php\/wp-json\/wp\/v2\/posts\/293232","targetHints":{"allow":["GET"]}}],"collection":[{"href":"https:\/\/www.hashtag.al\/index.php\/wp-json\/wp\/v2\/posts"}],"about":[{"href":"https:\/\/www.hashtag.al\/index.php\/wp-json\/wp\/v2\/types\/post"}],"author":[{"embeddable":true,"href":"https:\/\/www.hashtag.al\/index.php\/wp-json\/wp\/v2\/users\/6"}],"replies":[{"embeddable":true,"href":"https:\/\/www.hashtag.al\/index.php\/wp-json\/wp\/v2\/comments?post=293232"}],"version-history":[{"count":0,"href":"https:\/\/www.hashtag.al\/index.php\/wp-json\/wp\/v2\/posts\/293232\/revisions"}],"wp:featuredmedia":[{"embeddable":true,"href":"https:\/\/www.hashtag.al\/index.php\/wp-json\/wp\/v2\/media\/293233"}],"wp:attachment":[{"href":"https:\/\/www.hashtag.al\/index.php\/wp-json\/wp\/v2\/media?parent=293232"}],"wp:term":[{"taxonomy":"category","embeddable":true,"href":"https:\/\/www.hashtag.al\/index.php\/wp-json\/wp\/v2\/categories?post=293232"},{"taxonomy":"post_tag","embeddable":true,"href":"https:\/\/www.hashtag.al\/index.php\/wp-json\/wp\/v2\/tags?post=293232"}],"curies":[{"name":"wp","href":"https:\/\/api.w.org\/{rel}","templated":true}]}}