{"id":293031,"date":"2019-04-28T13:35:47","date_gmt":"2019-04-28T11:35:47","guid":{"rendered":"https:\/\/hashtag.al\/?p=293031"},"modified":"2019-04-28T15:00:53","modified_gmt":"2019-04-28T13:00:53","slug":"meta-uron-pashket-nga-katedralja-ringjallja-e-krishtit-shprese-per-te-ardhmemeta-uron-pashket-nga-katedralja-ngjallja-e-krishtit-shprese-per-te-ardhmen","status":"publish","type":"post","link":"https:\/\/www.hashtag.al\/index.php\/2019\/04\/28\/meta-uron-pashket-nga-katedralja-ringjallja-e-krishtit-shprese-per-te-ardhmemeta-uron-pashket-nga-katedralja-ngjallja-e-krishtit-shprese-per-te-ardhmen\/","title":{"rendered":"Meta uron Pashk\u00ebt nga Katedralja \u201cNgjallja e Krishtit\u201d: Shpres\u00eb p\u00ebr t\u00eb ardhmen!","gt_translate_keys":[{"key":"rendered","format":"text"}]},"content":{"rendered":"<p><img loading=\"lazy\" decoding=\"async\" class=\"aligncenter size-full wp-image-293032\" src=\"https:\/\/hashtag.al\/wp-content\/uploads\/2019\/04\/METAA.jpg\" alt=\"\" width=\"731\" height=\"370\" srcset=\"https:\/\/www.hashtag.al\/wp-content\/uploads\/2019\/04\/METAA.jpg 731w, https:\/\/www.hashtag.al\/wp-content\/uploads\/2019\/04\/METAA-300x152.jpg 300w\" sizes=\"auto, (max-width: 731px) 100vw, 731px\" \/><\/p>\n<p><span style=\"color: #000000;\">Presidenti i Republik\u00ebs Ilir Meta, u ka uruar sot Pashk\u00ebt besimtar\u00ebve ortodoks\u00eb, nga katedralja \u201cNgjallja e Krishtit\u201d n\u00eb kryeqytet. Pasi mori pjes\u00eb n\u00eb mesh\u00ebn e shenjt\u00eb, Presidenti \u00ebsht\u00eb shprehur se <em>&#8220;Pashk\u00ebt jan\u00eb shpres\u00eb p\u00ebr nj\u00eb t\u00eb ardhme m\u00eb t\u00eb mir\u00eb, jan\u00eb simbol i luft\u00ebs mbi t\u00eb keqen&#8221;.<\/em><\/span><\/p>\n<p><span style=\"color: #000000;\"><em>&#8220;Sot \u00ebsht\u00eb dit\u00eb e triumfit t\u00eb jet\u00ebs mbi vdekjen, shpres\u00ebs mbi frik\u00ebn dhe pasigurin\u00eb, \u00ebsht\u00eb nj\u00eb dit\u00eb q\u00eb na bashkon t\u00eb gjith\u00ebve dhe na ndihmon t\u00eb reflektojm\u00eb p\u00ebr m\u00eb shum\u00eb bashk\u00ebpunim dhe harmoni p\u00ebr t\u00eb mir\u00ebn e p\u00ebrbashk\u00ebt&#8221;<\/em>, vijoi m\u00eb tej presidenti.<\/span><\/p>\n<p><span style=\"color: #000000;\">Meta edhe m\u00eb her\u00ebt, i uroi besimtar\u00ebt p\u00ebrmes rrjeteve sociale. Meta shkruan se shpresa dhe e mira nuk vdesin kurr\u00eb para malit t\u00eb s\u00eb keqes, padrejt\u00ebsive, veseve, frik\u00ebs e zhg\u00ebnjimit, mosbesimit e arroganc\u00ebs, korrupsionit, dhun\u00ebs dhe \u00e7do fenomeni negativ q\u00eb vret paqen, drejt\u00ebsin\u00eb e barazin\u00eb sociale dhe helmon r\u00ebnd\u00eb shoq\u00ebrin\u00eb.<\/span><\/p>\n<p><em><span style=\"color: #000000;\">&#8220;N\u00eb vigjilje t\u00eb kremtimit t\u00eb Dit\u00ebs s\u00eb Ringjalljes s\u00eb Krishtit, u uroj nga zemra besimtar\u00ebve ortodoks\u00eb dhe mbar\u00eb popullit shqiptar: Nga mot g\u00ebzuar Pashk\u00ebt! Mbar\u00ebsi, sh\u00ebndet, paqe e begati n\u00eb familjet tuaja!<\/span><\/em><\/p>\n<p><em><span style=\"color: #000000;\">Festa e Pashk\u00ebve dhe e drit\u00ebs q\u00eb nuk per\u00ebndon kurr\u00eb, na kujton sot se para malit t\u00eb s\u00eb keqes, padrejt\u00ebsive, veseve, frik\u00ebs e zhg\u00ebnjimit, mosbesimit e arroganc\u00ebs, korrupsionit, dhun\u00ebs dhe \u00e7do fenomeni negativ q\u00eb vret paqen, drejt\u00ebsin\u00eb e barazin\u00eb sociale dhe helmon r\u00ebnd\u00eb shoq\u00ebrin\u00eb, shpresa dhe e mira nuk vdesin kurr\u00eb.<\/span><\/em><\/p>\n<p><em><span style=\"color: #000000;\">Me besimin n\u00eb Zot dhe duke p\u00ebrqafuar gjithmon\u00eb vlerat m\u00eb t\u00eb mira hyjnore, morale e sociale, por edhe komb\u00ebtare, me dashuri, harmoni t\u00eb plot\u00eb, dialog, mir\u00ebkuptim, bashk\u00ebpunim e v\u00ebllaz\u00ebrim, secili prej nesh dhe shoq\u00ebria jon\u00eb n\u00eb t\u00ebr\u00ebsi, mund t\u00eb tejkaloj\u00eb \u00e7do sfid\u00eb, pavar\u00ebsisht sakrificave, p\u00ebr t\u00eb ecur e sigurt drejt s\u00eb ardhmes m\u00eb t\u00eb mir\u00eb, n\u00eb familjen europiane.<\/span><\/em><\/p>\n<p><em><span style=\"color: #000000;\">T\u00eb dashur miq,<\/span><\/em><\/p>\n<p><em><span style=\"color: #000000;\">Dita e Ringjalljes s\u00eb Krishtit gjithashtu na kujton nevoj\u00ebn p\u00ebr t\u00eb forcuar jo vet\u00ebm harmonin\u00eb ton\u00eb t\u00eb shk\u00eblqyer nd\u00ebrfetare, por edhe solidaritetin me njer\u00ebzit n\u00eb nevoj\u00eb, t\u00eb s\u00ebmur\u00ebt, t\u00eb pamundurit, f\u00ebmij\u00ebt e t\u00eb moshuarit, q\u00eb kan\u00eb aq shum\u00eb nevoj\u00eb p\u00ebr p\u00ebrkujdesje e dashuri t\u00eb p\u00ebrhershme.<\/span><\/em><\/p>\n<p><em><span style=\"color: #000000;\">Duke u p\u00ebrcjell\u00eb t\u00eb gjith\u00ebve urimet e mia m\u00eb t\u00eb mira n\u00eb prag t\u00eb k\u00ebsaj Dite t\u00eb Shenjt\u00eb, jam i bindur se shpresat te jeta m\u00eb e mir\u00eb do t\u00eb ringjallen p\u00ebr mbar\u00eb shqiptar\u00ebt!<\/span><\/em><\/p>\n<p><span style=\"color: #000000;\"><em>G\u00cbZUAR PASHK\u00cbT!&#8221;<\/em>, shkruan presidenti.<\/span><\/p>\n<p>&nbsp;<\/p>\n<p>&nbsp;<\/p>\n<p>&nbsp;<\/p>\n","protected":false,"gt_translate_keys":[{"key":"rendered","format":"html"}]},"excerpt":{"rendered":"<p>Presidenti i Republik\u00ebs Ilir Meta, u ka uruar sot Pashk\u00ebt besimtar\u00ebve ortodoks\u00eb, nga katedralja \u201cNgjallja e Krishtit\u201d n\u00eb kryeqytet. Pasi mori pjes\u00eb n\u00eb mesh\u00ebn e shenjt\u00eb, Presidenti \u00ebsht\u00eb shprehur se &#8220;Pashk\u00ebt jan\u00eb shpres\u00eb p\u00ebr nj\u00eb t\u00eb ardhme m\u00eb t\u00eb mir\u00eb, jan\u00eb simbol i luft\u00ebs mbi t\u00eb keqen&#8221;. &#8220;Sot \u00ebsht\u00eb dit\u00eb e triumfit t\u00eb jet\u00ebs mbi [&hellip;]<\/p>\n","protected":false,"gt_translate_keys":[{"key":"rendered","format":"html"}]},"author":30,"featured_media":293033,"comment_status":"open","ping_status":"open","sticky":false,"template":"","format":"standard","meta":{"footnotes":""},"categories":[65,13],"tags":[],"class_list":["post-293031","post","type-post","status-publish","format-standard","has-post-thumbnail","hentry","category-lajme","category-te-fundit"],"gt_translate_keys":[{"key":"link","format":"url"}],"_links":{"self":[{"href":"https:\/\/www.hashtag.al\/index.php\/wp-json\/wp\/v2\/posts\/293031","targetHints":{"allow":["GET"]}}],"collection":[{"href":"https:\/\/www.hashtag.al\/index.php\/wp-json\/wp\/v2\/posts"}],"about":[{"href":"https:\/\/www.hashtag.al\/index.php\/wp-json\/wp\/v2\/types\/post"}],"author":[{"embeddable":true,"href":"https:\/\/www.hashtag.al\/index.php\/wp-json\/wp\/v2\/users\/30"}],"replies":[{"embeddable":true,"href":"https:\/\/www.hashtag.al\/index.php\/wp-json\/wp\/v2\/comments?post=293031"}],"version-history":[{"count":0,"href":"https:\/\/www.hashtag.al\/index.php\/wp-json\/wp\/v2\/posts\/293031\/revisions"}],"wp:featuredmedia":[{"embeddable":true,"href":"https:\/\/www.hashtag.al\/index.php\/wp-json\/wp\/v2\/media\/293033"}],"wp:attachment":[{"href":"https:\/\/www.hashtag.al\/index.php\/wp-json\/wp\/v2\/media?parent=293031"}],"wp:term":[{"taxonomy":"category","embeddable":true,"href":"https:\/\/www.hashtag.al\/index.php\/wp-json\/wp\/v2\/categories?post=293031"},{"taxonomy":"post_tag","embeddable":true,"href":"https:\/\/www.hashtag.al\/index.php\/wp-json\/wp\/v2\/tags?post=293031"}],"curies":[{"name":"wp","href":"https:\/\/api.w.org\/{rel}","templated":true}]}}