{"id":292907,"date":"2019-04-27T22:11:29","date_gmt":"2019-04-27T20:11:29","guid":{"rendered":"https:\/\/hashtag.al\/?p=292907"},"modified":"2019-04-27T22:15:44","modified_gmt":"2019-04-27T20:15:44","slug":"italia-do-te-donte-te-shihte-rusine-ne-bashkimin-europian-ne-vend-te-turqise-zv-kryeministri-italian","status":"publish","type":"post","link":"https:\/\/www.hashtag.al\/index.php\/2019\/04\/27\/italia-do-te-donte-te-shihte-rusine-ne-bashkimin-europian-ne-vend-te-turqise-zv-kryeministri-italian\/","title":{"rendered":"&#8220;Italia do t\u00eb donte t\u00eb shihte Rusin\u00eb n\u00eb Bashkimin Europian n\u00eb vend t\u00eb Turqis\u00eb&#8221; &#8211; Zv.kryeministri italian","gt_translate_keys":[{"key":"rendered","format":"text"}]},"content":{"rendered":"<p><img loading=\"lazy\" decoding=\"async\" class=\"aligncenter size-full wp-image-292908\" src=\"https:\/\/hashtag.al\/wp-content\/uploads\/2019\/04\/salviniputin.jpg\" alt=\"\" width=\"853\" height=\"640\" srcset=\"https:\/\/www.hashtag.al\/wp-content\/uploads\/2019\/04\/salviniputin.jpg 853w, https:\/\/www.hashtag.al\/wp-content\/uploads\/2019\/04\/salviniputin-300x225.jpg 300w, https:\/\/www.hashtag.al\/wp-content\/uploads\/2019\/04\/salviniputin-768x576.jpg 768w\" sizes=\"auto, (max-width: 853px) 100vw, 853px\" \/><\/p>\n<p><span style=\"color: #000000;\">Z\u00ebvend\u00ebskryeministri italian ka qen\u00eb nj\u00eb kritik i hersh\u00ebm i planeve turke p\u00ebr t&#8217;u bashkuar me Bashkimin Evropian, duke sugjeruar m\u00eb her\u00ebt k\u00ebt\u00eb muaj se Ankaraja nuk ka &#8220;t\u00eb b\u00ebj\u00eb me Evrop\u00ebn&#8221; dhe nuk do t\u00eb lejohet &#8220;kurr\u00eb&#8221; t\u00eb hyj\u00eb n\u00eb bllok.<\/span><\/p>\n<p><span style=\"color: #000000;\">Z\u00ebvend\u00ebskryeministri italian, Ministri i Brendsh\u00ebm dhe kreu i Partis\u00eb Lega, Matteo Salvini, ka pohuar se do preferonte t\u00eb shihte Mosk\u00ebn t\u00eb bashkohej me komunitetin evropian n\u00eb vend t\u00eb Ankaras\u00eb.<\/span><\/p>\n<p><span style=\"color: #000000;\"><em>&#8220;P\u00ebr dekada me radh\u00eb kemi shpenzuar miliarda euro p\u00ebr t\u00eb bindur turqit t\u00eb hyjn\u00eb n\u00eb BE, edhe pse Turqia nuk ka t\u00eb b\u00ebj\u00eb aspak me Evrop\u00ebn&#8221;<\/em>, tha Salvini n\u00eb nj\u00eb deklarat\u00eb p\u00ebr mediat.<\/span><\/p>\n<p><span style=\"color: #000000;\"><em>&#8220;N\u00eb vend q\u00eb t\u00eb mb\u00ebshtes iden\u00eb e pranimit t\u00eb Turqis\u00eb n\u00eb BE, t\u00eb jem i sinqert\u00eb, do t\u00eb preferoja t\u00eb shihja pranimin e Rusis\u00eb n\u00eb komunitetin evropian&#8221;<\/em>, tha z\u00ebvend\u00ebskryeministri.<\/span><\/p>\n<p><span style=\"color: #000000;\"><em>&#8220;Rusia \u00ebsht\u00eb shum\u00eb m\u00eb af\u00ebr nesh sa i p\u00ebrket historis\u00eb, kultur\u00ebs, ekonomis\u00eb dhe traditave tona sesa Turqia&#8221;<\/em>, vuri n\u00eb dukje Salvini.<\/span><\/p>\n<p><span style=\"color: #000000;\">Salvini ka qen\u00eb nj\u00eb kritik i herdh\u00ebm i p\u00ebrpjekjeve t\u00eb Turqis\u00eb p\u00ebr t&#8217;u bashkuar me Bashkimin Evropian, duke th\u00ebn\u00eb m\u00eb her\u00ebt k\u00ebt\u00eb muaj se procesi i pranimit &#8220;duhet t\u00eb anullohet&#8221; dhe &#8220;t\u00eb ndalet p\u00ebrfundimisht\u201d.<\/span><\/p>\n<p><img loading=\"lazy\" decoding=\"async\" class=\"aligncenter size-full wp-image-292909\" src=\"https:\/\/hashtag.al\/wp-content\/uploads\/2019\/04\/C68zwnpW0AAu95M.jpg\" alt=\"\" width=\"1024\" height=\"576\" srcset=\"https:\/\/www.hashtag.al\/wp-content\/uploads\/2019\/04\/C68zwnpW0AAu95M.jpg 1024w, https:\/\/www.hashtag.al\/wp-content\/uploads\/2019\/04\/C68zwnpW0AAu95M-300x169.jpg 300w, https:\/\/www.hashtag.al\/wp-content\/uploads\/2019\/04\/C68zwnpW0AAu95M-768x432.jpg 768w\" sizes=\"auto, (max-width: 1024px) 100vw, 1024px\" \/><\/p>\n","protected":false,"gt_translate_keys":[{"key":"rendered","format":"html"}]},"excerpt":{"rendered":"<p>Z\u00ebvend\u00ebskryeministri italian ka qen\u00eb nj\u00eb kritik i hersh\u00ebm i planeve turke p\u00ebr t&#8217;u bashkuar me Bashkimin Evropian, duke sugjeruar m\u00eb her\u00ebt k\u00ebt\u00eb muaj se Ankaraja nuk ka &#8220;t\u00eb b\u00ebj\u00eb me Evrop\u00ebn&#8221; dhe nuk do t\u00eb lejohet &#8220;kurr\u00eb&#8221; t\u00eb hyj\u00eb n\u00eb bllok. Z\u00ebvend\u00ebskryeministri italian, Ministri i Brendsh\u00ebm dhe kreu i Partis\u00eb Lega, Matteo Salvini, ka pohuar [&hellip;]<\/p>\n","protected":false,"gt_translate_keys":[{"key":"rendered","format":"html"}]},"author":51,"featured_media":292908,"comment_status":"open","ping_status":"open","sticky":false,"template":"","format":"standard","meta":{"footnotes":""},"categories":[6],"tags":[],"class_list":["post-292907","post","type-post","status-publish","format-standard","has-post-thumbnail","hentry","category-nderkombetare"],"gt_translate_keys":[{"key":"link","format":"url"}],"_links":{"self":[{"href":"https:\/\/www.hashtag.al\/index.php\/wp-json\/wp\/v2\/posts\/292907","targetHints":{"allow":["GET"]}}],"collection":[{"href":"https:\/\/www.hashtag.al\/index.php\/wp-json\/wp\/v2\/posts"}],"about":[{"href":"https:\/\/www.hashtag.al\/index.php\/wp-json\/wp\/v2\/types\/post"}],"author":[{"embeddable":true,"href":"https:\/\/www.hashtag.al\/index.php\/wp-json\/wp\/v2\/users\/51"}],"replies":[{"embeddable":true,"href":"https:\/\/www.hashtag.al\/index.php\/wp-json\/wp\/v2\/comments?post=292907"}],"version-history":[{"count":0,"href":"https:\/\/www.hashtag.al\/index.php\/wp-json\/wp\/v2\/posts\/292907\/revisions"}],"wp:featuredmedia":[{"embeddable":true,"href":"https:\/\/www.hashtag.al\/index.php\/wp-json\/wp\/v2\/media\/292908"}],"wp:attachment":[{"href":"https:\/\/www.hashtag.al\/index.php\/wp-json\/wp\/v2\/media?parent=292907"}],"wp:term":[{"taxonomy":"category","embeddable":true,"href":"https:\/\/www.hashtag.al\/index.php\/wp-json\/wp\/v2\/categories?post=292907"},{"taxonomy":"post_tag","embeddable":true,"href":"https:\/\/www.hashtag.al\/index.php\/wp-json\/wp\/v2\/tags?post=292907"}],"curies":[{"name":"wp","href":"https:\/\/api.w.org\/{rel}","templated":true}]}}