{"id":292796,"date":"2019-04-27T12:39:14","date_gmt":"2019-04-27T10:39:14","guid":{"rendered":"https:\/\/hashtag.al\/?p=292796"},"modified":"2019-04-27T13:33:22","modified_gmt":"2019-04-27T11:33:22","slug":"loja-me-partite-zevendesministri-i-rames-futet-me-parti-me-vete-ne-zgjedhje","status":"publish","type":"post","link":"https:\/\/www.hashtag.al\/index.php\/2019\/04\/27\/loja-me-partite-zevendesministri-i-rames-futet-me-parti-me-vete-ne-zgjedhje\/","title":{"rendered":"&#8220;Loja me partit\u00eb&#8221;\/ Z\u00ebvend\u00ebsministri i Ram\u00ebs futet me parti m\u00eb vete n\u00eb zgjedhje","gt_translate_keys":[{"key":"rendered","format":"text"}]},"content":{"rendered":"<p><span style=\"color: #000000;\"><img loading=\"lazy\" decoding=\"async\" class=\"aligncenter size-full wp-image-292797\" src=\"https:\/\/hashtag.al\/wp-content\/uploads\/2019\/04\/ediramaastritpatoziredishtino.png\" alt=\"\" width=\"778\" height=\"341\" srcset=\"https:\/\/www.hashtag.al\/wp-content\/uploads\/2019\/04\/ediramaastritpatoziredishtino.png 778w, https:\/\/www.hashtag.al\/wp-content\/uploads\/2019\/04\/ediramaastritpatoziredishtino-300x131.png 300w, https:\/\/www.hashtag.al\/wp-content\/uploads\/2019\/04\/ediramaastritpatoziredishtino-768x337.png 768w\" sizes=\"auto, (max-width: 778px) 100vw, 778px\" \/><\/span><\/p>\n<p><span style=\"color: #000000;\">Z\u00ebvend\u00ebsministri i Arsimit n\u00eb qeverin\u00eb e Edi Ram\u00ebs nuk do t\u00eb luftoj\u00eb p\u00ebr socialist\u00ebt, p\u00ebrkundrazi, ai ka futur\u00a0 jo m\u00eb larg se sot partin\u00eb e tij, &#8220;G-99&#8221; p\u00ebr zgjedhjet vendore, si kund\u00ebrshtar i atij q\u00eb drejton qeverin\u00eb, pjes\u00eb e s\u00eb cil\u00ebs \u00ebsht\u00eb.<\/span><\/p>\n<p><span style=\"color: #000000;\">Redi Shtino, zv.minist\u00ebr i Arsimit e ka marr\u00eb konfirmimin sot nga Komisioni Q\u00ebndror Zgjedhor.<\/span><\/p>\n<p><span style=\"color: #000000;\"><em>\u201cP\u00ebr regjistrimin si subjekt zgjedhor \u201cPartia G-99\u201d p\u00ebr zgjedhjet p\u00ebr organet e qeverisjes vendore t\u00eb dat\u00ebs 30 qershor 2019\u201d. KQZ vendosi t\u00eb regjistroj\u00eb \u2018Partia G-99\u2019, me kryetar z. <strong>Redi Shtino,<\/strong> si subjekt zgjedhor p\u00ebr organet e qeverisjes vendore, t\u00eb dat\u00ebs 30 qershor 2019.&#8221;,<\/em> thuhet n\u00eb vendim.<\/span><\/p>\n<p><span style=\"color: #000000;\">Por partia e Shtinos \u00ebsht\u00eb nj\u00eb pik\u00eb e vog\u00ebl n\u00eb &#8220;detin&#8221; e partive t\u00eb vogla q\u00eb po mbijn\u00eb si k\u00ebrpudhat pas shiut.<\/span><\/p>\n<p><span style=\"color: #000000;\"><strong>Astrit Patozi<\/strong>, <span style=\"color: #0000ff;\"><strong><a style=\"color: #0000ff;\" href=\"https:\/\/hashtag.al\/index.php\/2019\/04\/24\/fraza-identike-a-po-imitojne-ramen-rudina-me-astritin\/\"><u>imituesi besnik i retorik\u00ebs s\u00eb Ram\u00ebs<\/u> <\/a><\/strong><\/span>krijoi pak dit\u00eb m\u00eb par\u00eb partin\u00eb &#8220;Bindja Demokratike&#8221;, me logo thuajse t\u00eb ngjashme me Partin\u00eb Demokratike dhe n\u00eb nj\u00eb koh\u00eb rekord, edhe pse nj\u00eb pjes\u00eb e jurist\u00ebve parashikuan munges\u00ebn e hap\u00ebsir\u00ebs ligjore p\u00ebr nj\u00eb hap t\u00eb till\u00eb, mori konfirmimin nga KQZ-ja p\u00ebr futjen e tij n\u00eb zgjedhjet vendore. Kund\u00ebr k\u00ebtij vendimi votoi kryetari i komisionit, Klement Zguri.<\/span><\/p>\n<p><img loading=\"lazy\" decoding=\"async\" class=\"aligncenter wp-image-292791\" src=\"https:\/\/hashtag.al\/wp-content\/uploads\/2019\/04\/astritpatoziedirama.png\" alt=\"\" width=\"745\" height=\"533\" srcset=\"https:\/\/www.hashtag.al\/wp-content\/uploads\/2019\/04\/astritpatoziedirama.png 510w, https:\/\/www.hashtag.al\/wp-content\/uploads\/2019\/04\/astritpatoziedirama-300x215.png 300w\" sizes=\"auto, (max-width: 745px) 100vw, 745px\" \/><\/p>\n<p><span style=\"color: #000000;\"><em>\u201cP\u00ebr regjistrimin si subjekt zgjedhor \u2018Partia Bindja Demokratike\u2019 p\u00ebr zgjedhjet p\u00ebr organet e qeverisjes vendore t\u00eb dat\u00ebs 30 qershor 2019\u201d. KQZ vendosi t\u00eb regjistroj\u00eb \u2018Partia Bindja Demokratike\u2019, me kryetar z. Astrit Patozi, si subjekt zgjedhor p\u00ebr organet e qeverisjes vendore, t\u00eb dat\u00ebs 30 qershor 2019.&#8221;,<\/em> thuhet n\u00eb vendimin p\u00ebr Patozin.<\/span><\/p>\n<p><span style=\"color: #000000;\">Ivi Kaso, juristi i opozit\u00ebs n\u00eb rastet q\u00eb ka shqyrtuar zakonisht KQZ-ja, thot\u00eb se &#8220;Bindja&#8221; nuk quhet ende parti dhe si e till\u00eb nuk mund t\u00eb regjistrohet p\u00ebr zgjedhje.<\/span><\/p>\n<p><em><span style=\"color: #000000;\">&#8220;Arsyeja pse Edi Rama vendosi qe te uzurponte KQZ, duke emeruar ne kund\u00ebrshtim me ligjin 4 anetare nga PS, eshte qe, sa here ka zgjedhje, te shpik\u00eb rregullat e lojes sipas qejfit. Sot vendosi te rregjistroje Bindjen si opozite fasade, si patericen e tij ne zgjedhje me synimin per te zbehur mungesen e opozites se vertete.<\/span><\/em><\/p>\n<p><em><span style=\"color: #000000;\">Sot KQZ ka vendosur te regjistroje si parti politike ne zgjedhje, nje subjekt qe ligjerisht nuk konsiderohet parti politike, per shkak se vendimi i regjistrimit i shkalles se pare nuk ka marre forme te prere. KQZ, ka rrezuar edhe qendrimin e vet te meparshem per kete \u00e7eshtje, kur ne nje rast identik me votim 7 me 0 kishte vendosur mosregjistrimin e subjektit ne zgjedhje.&#8221;, argumenton Kaso.<\/span><\/em><\/p>\n<p><span style=\"color: #000000;\">Po t\u00eb shoh\u00ebsh m\u00eb n\u00eb detaje vendimet e sotme t\u00eb KQZ-s\u00eb, p\u00ebr zgjedhjet n\u00eb t\u00eb cilat opozita nuk do t\u00eb marr\u00eb pjes\u00eb konstaton edhe parti t\u00eb tjera, t\u00eb vogla, si\u00e7 \u00ebsht\u00eb ajo e <strong>Gjet Ndojit,<\/strong> ish-drejtori i Arkiv\u00ebs Q\u00ebndrore t\u00eb Shtetit, i cili do t\u00eb hyj\u00eb n\u00eb zgjedhje me partin\u00eb &#8220;Partia Aleanca Arbnore Komb\u00ebtare&#8221;. <\/span><\/p>\n<p><span style=\"color: #000000;\">Sot jan\u00eb konfirmuar p\u00ebr zgjedhjet edhe \u2018Partia Aleanca e Maqedonasve p\u00ebr Integrim Europian\u2019, me kryetar \u00a0<strong>Edmond Themelko, <\/strong>\u00a0\u2018Partia Balli Komb\u00ebtar\u2019, me kryetar <strong>\u00a0Adriatik Alimadhi,<\/strong> \u2018Partia Aleanca Demokrate Shqiptare, me kryetar <strong>Eduart Abazi,<\/strong> \u00a0\u2018Partia Shqip\u00ebria e Re\u2019, me kryetar <strong>Oltion Kordha dhe<\/strong> \u2018Partia Aleanca Popullore\u2019, me kryetar <strong>Artur Dojaka.<\/strong>\/<strong>Hashtag.al<\/strong><\/span><\/p>\n","protected":false,"gt_translate_keys":[{"key":"rendered","format":"html"}]},"excerpt":{"rendered":"<p>Z\u00ebvend\u00ebsministri i Arsimit n\u00eb qeverin\u00eb e Edi Ram\u00ebs nuk do t\u00eb luftoj\u00eb p\u00ebr socialist\u00ebt, p\u00ebrkundrazi, ai ka futur\u00a0 jo m\u00eb larg se sot partin\u00eb e tij, &#8220;G-99&#8221; p\u00ebr zgjedhjet vendore, si kund\u00ebrshtar i atij q\u00eb drejton qeverin\u00eb, pjes\u00eb e s\u00eb cil\u00ebs \u00ebsht\u00eb. Redi Shtino, zv.minist\u00ebr i Arsimit e ka marr\u00eb konfirmimin sot nga Komisioni Q\u00ebndror [&hellip;]<\/p>\n","protected":false,"gt_translate_keys":[{"key":"rendered","format":"html"}]},"author":6,"featured_media":292797,"comment_status":"open","ping_status":"open","sticky":false,"template":"","format":"standard","meta":{"footnotes":""},"categories":[22,65,13],"tags":[],"class_list":["post-292796","post","type-post","status-publish","format-standard","has-post-thumbnail","hentry","category-ballina","category-lajme","category-te-fundit"],"gt_translate_keys":[{"key":"link","format":"url"}],"_links":{"self":[{"href":"https:\/\/www.hashtag.al\/index.php\/wp-json\/wp\/v2\/posts\/292796","targetHints":{"allow":["GET"]}}],"collection":[{"href":"https:\/\/www.hashtag.al\/index.php\/wp-json\/wp\/v2\/posts"}],"about":[{"href":"https:\/\/www.hashtag.al\/index.php\/wp-json\/wp\/v2\/types\/post"}],"author":[{"embeddable":true,"href":"https:\/\/www.hashtag.al\/index.php\/wp-json\/wp\/v2\/users\/6"}],"replies":[{"embeddable":true,"href":"https:\/\/www.hashtag.al\/index.php\/wp-json\/wp\/v2\/comments?post=292796"}],"version-history":[{"count":0,"href":"https:\/\/www.hashtag.al\/index.php\/wp-json\/wp\/v2\/posts\/292796\/revisions"}],"wp:featuredmedia":[{"embeddable":true,"href":"https:\/\/www.hashtag.al\/index.php\/wp-json\/wp\/v2\/media\/292797"}],"wp:attachment":[{"href":"https:\/\/www.hashtag.al\/index.php\/wp-json\/wp\/v2\/media?parent=292796"}],"wp:term":[{"taxonomy":"category","embeddable":true,"href":"https:\/\/www.hashtag.al\/index.php\/wp-json\/wp\/v2\/categories?post=292796"},{"taxonomy":"post_tag","embeddable":true,"href":"https:\/\/www.hashtag.al\/index.php\/wp-json\/wp\/v2\/tags?post=292796"}],"curies":[{"name":"wp","href":"https:\/\/api.w.org\/{rel}","templated":true}]}}