{"id":292784,"date":"2019-04-27T11:33:49","date_gmt":"2019-04-27T09:33:49","guid":{"rendered":"https:\/\/hashtag.al\/?p=292784"},"modified":"2019-04-27T11:34:52","modified_gmt":"2019-04-27T09:34:52","slug":"edi-rama-nuk-i-mbush-dot-karriget-me-njerez-ne-elbasan-foto","status":"publish","type":"post","link":"https:\/\/www.hashtag.al\/index.php\/2019\/04\/27\/edi-rama-nuk-i-mbush-dot-karriget-me-njerez-ne-elbasan-foto\/","title":{"rendered":"Edi Rama nuk i mbush dot karriget me njer\u00ebz n\u00eb Elbasan (FOTO)","gt_translate_keys":[{"key":"rendered","format":"text"}]},"content":{"rendered":"<p><img loading=\"lazy\" decoding=\"async\" class=\"aligncenter size-full wp-image-292785\" src=\"https:\/\/hashtag.al\/wp-content\/uploads\/2019\/04\/ediramakarriget.jpg\" alt=\"\" width=\"1024\" height=\"768\" srcset=\"https:\/\/www.hashtag.al\/wp-content\/uploads\/2019\/04\/ediramakarriget.jpg 1024w, https:\/\/www.hashtag.al\/wp-content\/uploads\/2019\/04\/ediramakarriget-300x225.jpg 300w, https:\/\/www.hashtag.al\/wp-content\/uploads\/2019\/04\/ediramakarriget-768x576.jpg 768w\" sizes=\"auto, (max-width: 1024px) 100vw, 1024px\" \/><\/p>\n<p><span style=\"color: #000000;\">Kryeministri Edi Rama nuk i mbush dot me njer\u00ebz karriget q\u00eb transporton nga nj\u00eb qytet n\u00eb nj\u00eb tjet\u00ebr.<\/span><\/p>\n<p><span style=\"color: #000000;\">Kjo \u00ebsht\u00eb nj\u00eb foto e realizuar nga lart gjat\u00eb takimit &#8220;Bashkia q\u00eb duam&#8221;, q\u00eb po mbahet n\u00eb Elbasan.<\/span><\/p>\n<p><span style=\"color: #000000;\">Edhe\u00a0 n\u00eb Elbasan, ashtu si n\u00eb Shkod\u00ebr ku student\u00ebt dol\u00ebn para, qindra qytetar\u00eb kan\u00eb dal\u00eb p\u00ebr t\u00eb protestuar.<\/span><\/p>\n<p><span style=\"color: #000000;\">Por menj\u00ebher\u00eb ka reaguar Policia e Shtetit, q\u00eb ka nisur t\u00eb shp\u00ebrndaj\u00eb qytetar\u00ebt, me q\u00ebllim q\u00eb kryeministri t\u00eb realizoj\u00eb i qet\u00eb takimin &#8220;Bashkia q\u00eb duam&#8221;.<\/span><\/p>\n<p><span style=\"color: #000000;\">Protestuesit kan\u00eb kund\u00ebrshtuar efektiv\u00ebt, duke k\u00ebrkuar p\u00ebrballje me Ram\u00ebn.<\/span><\/p>\n<p><img loading=\"lazy\" decoding=\"async\" class=\"aligncenter size-full wp-image-292775\" src=\"https:\/\/hashtag.al\/wp-content\/uploads\/2019\/04\/perplasjaelbasan.jpg\" alt=\"\" width=\"640\" height=\"376\" srcset=\"https:\/\/www.hashtag.al\/wp-content\/uploads\/2019\/04\/perplasjaelbasan.jpg 640w, https:\/\/www.hashtag.al\/wp-content\/uploads\/2019\/04\/perplasjaelbasan-300x176.jpg 300w\" sizes=\"auto, (max-width: 640px) 100vw, 640px\" \/><\/p>\n","protected":false,"gt_translate_keys":[{"key":"rendered","format":"html"}]},"excerpt":{"rendered":"<p>Kryeministri Edi Rama nuk i mbush dot me njer\u00ebz karriget q\u00eb transporton nga nj\u00eb qytet n\u00eb nj\u00eb tjet\u00ebr. Kjo \u00ebsht\u00eb nj\u00eb foto e realizuar nga lart gjat\u00eb takimit &#8220;Bashkia q\u00eb duam&#8221;, q\u00eb po mbahet n\u00eb Elbasan. Edhe\u00a0 n\u00eb Elbasan, ashtu si n\u00eb Shkod\u00ebr ku student\u00ebt dol\u00ebn para, qindra qytetar\u00eb kan\u00eb dal\u00eb p\u00ebr t\u00eb protestuar. Por [&hellip;]<\/p>\n","protected":false,"gt_translate_keys":[{"key":"rendered","format":"html"}]},"author":6,"featured_media":292785,"comment_status":"open","ping_status":"open","sticky":false,"template":"","format":"standard","meta":{"footnotes":""},"categories":[65,13],"tags":[],"class_list":["post-292784","post","type-post","status-publish","format-standard","has-post-thumbnail","hentry","category-lajme","category-te-fundit"],"gt_translate_keys":[{"key":"link","format":"url"}],"_links":{"self":[{"href":"https:\/\/www.hashtag.al\/index.php\/wp-json\/wp\/v2\/posts\/292784","targetHints":{"allow":["GET"]}}],"collection":[{"href":"https:\/\/www.hashtag.al\/index.php\/wp-json\/wp\/v2\/posts"}],"about":[{"href":"https:\/\/www.hashtag.al\/index.php\/wp-json\/wp\/v2\/types\/post"}],"author":[{"embeddable":true,"href":"https:\/\/www.hashtag.al\/index.php\/wp-json\/wp\/v2\/users\/6"}],"replies":[{"embeddable":true,"href":"https:\/\/www.hashtag.al\/index.php\/wp-json\/wp\/v2\/comments?post=292784"}],"version-history":[{"count":0,"href":"https:\/\/www.hashtag.al\/index.php\/wp-json\/wp\/v2\/posts\/292784\/revisions"}],"wp:featuredmedia":[{"embeddable":true,"href":"https:\/\/www.hashtag.al\/index.php\/wp-json\/wp\/v2\/media\/292785"}],"wp:attachment":[{"href":"https:\/\/www.hashtag.al\/index.php\/wp-json\/wp\/v2\/media?parent=292784"}],"wp:term":[{"taxonomy":"category","embeddable":true,"href":"https:\/\/www.hashtag.al\/index.php\/wp-json\/wp\/v2\/categories?post=292784"},{"taxonomy":"post_tag","embeddable":true,"href":"https:\/\/www.hashtag.al\/index.php\/wp-json\/wp\/v2\/tags?post=292784"}],"curies":[{"name":"wp","href":"https:\/\/api.w.org\/{rel}","templated":true}]}}