{"id":292723,"date":"2019-04-26T21:16:01","date_gmt":"2019-04-26T19:16:01","guid":{"rendered":"https:\/\/hashtag.al\/?p=292723"},"modified":"2019-04-26T21:16:01","modified_gmt":"2019-04-26T19:16:01","slug":"kush-eshte-ragip-hajdini-i-arrestuari-i-6-per-grabitjen-ne-rinas","status":"publish","type":"post","link":"https:\/\/www.hashtag.al\/index.php\/2019\/04\/26\/kush-eshte-ragip-hajdini-i-arrestuari-i-6-per-grabitjen-ne-rinas\/","title":{"rendered":"Kush \u00ebsht\u00eb Ragip Hajdini, i arrestuari i 6 p\u00ebr grabitjen n\u00eb Rinas","gt_translate_keys":[{"key":"rendered","format":"text"}]},"content":{"rendered":"<p><img loading=\"lazy\" decoding=\"async\" class=\"aligncenter size-full wp-image-292724\" src=\"https:\/\/hashtag.al\/wp-content\/uploads\/2019\/04\/ragip-ajdini.jpg\" alt=\"\" width=\"960\" height=\"717\" srcset=\"https:\/\/www.hashtag.al\/wp-content\/uploads\/2019\/04\/ragip-ajdini.jpg 960w, https:\/\/www.hashtag.al\/wp-content\/uploads\/2019\/04\/ragip-ajdini-300x224.jpg 300w, https:\/\/www.hashtag.al\/wp-content\/uploads\/2019\/04\/ragip-ajdini-768x574.jpg 768w\" sizes=\"auto, (max-width: 960px) 100vw, 960px\" \/><\/p>\n<p><span style=\"color: #000000;\">Personi i 6 i arrestuar si i dyshuar p\u00ebr grabitjen n\u00eb Rinas i cili njihet edhe me nofk\u00ebn \u201cdaja\u201d ka qen\u00eb me precedent\u00eb t\u00eb m\u00ebparsh\u00ebm.<\/span><\/p>\n<p><span style=\"color: #000000;\">Ragip Hajdini nga Peja e Kosov\u00ebs i arrestuar dit\u00ebn e sotme n\u00eb zonat p\u00ebrreth Kavaj\u00ebs \u00ebsht\u00eb i njohur p\u00ebr drejt\u00ebsin\u00eb.<\/span><\/p>\n<p><span style=\"color: #000000;\">Arrestimi i tij erdhi pas d\u00ebshmis\u00eb s\u00eb d\u00ebshmitarit t\u00eb drejt\u00ebsis\u00eb, Alkond Bengasi, q\u00eb tha se \u201cdaja\u201d nga Kosova ishte nj\u00eb person tullac, t\u00eb cilin e kishte takuar disa her\u00eb me Admir Muratajn.<\/span><\/p>\n<p><span style=\"color: #000000;\">Ragip Hajdini rezulton me precedent\u00eb t\u00eb ngjash\u00ebm penal\u00eb edhe n\u00eb Kosov\u00eb, aty ku ka qen\u00eb i dyshuar p\u00ebr grabitjen e 25 kg ar nga Dhoma e D\u00ebshmive n\u00eb Policin\u00eb e Pej\u00ebs, bashk\u00eb me 5 persona t\u00eb tjer\u00eb.<\/span><\/p>\n<p><span style=\"color: #000000;\">Deri m\u00eb tani jan\u00eb arrestuar Alkond Bengasi, Renaldo Sula, Oltian Veseli, Saimir \u00c7ela, Elton Pikli dhe Ragip Hajdini.<\/span><\/p>\n","protected":false,"gt_translate_keys":[{"key":"rendered","format":"html"}]},"excerpt":{"rendered":"<p>Personi i 6 i arrestuar si i dyshuar p\u00ebr grabitjen n\u00eb Rinas i cili njihet edhe me nofk\u00ebn \u201cdaja\u201d ka qen\u00eb me precedent\u00eb t\u00eb m\u00ebparsh\u00ebm. Ragip Hajdini nga Peja e Kosov\u00ebs i arrestuar dit\u00ebn e sotme n\u00eb zonat p\u00ebrreth Kavaj\u00ebs \u00ebsht\u00eb i njohur p\u00ebr drejt\u00ebsin\u00eb. Arrestimi i tij erdhi pas d\u00ebshmis\u00eb s\u00eb d\u00ebshmitarit t\u00eb drejt\u00ebsis\u00eb, [&hellip;]<\/p>\n","protected":false,"gt_translate_keys":[{"key":"rendered","format":"html"}]},"author":32,"featured_media":292724,"comment_status":"open","ping_status":"open","sticky":false,"template":"","format":"standard","meta":{"footnotes":""},"categories":[65,13],"tags":[],"class_list":["post-292723","post","type-post","status-publish","format-standard","has-post-thumbnail","hentry","category-lajme","category-te-fundit"],"gt_translate_keys":[{"key":"link","format":"url"}],"_links":{"self":[{"href":"https:\/\/www.hashtag.al\/index.php\/wp-json\/wp\/v2\/posts\/292723","targetHints":{"allow":["GET"]}}],"collection":[{"href":"https:\/\/www.hashtag.al\/index.php\/wp-json\/wp\/v2\/posts"}],"about":[{"href":"https:\/\/www.hashtag.al\/index.php\/wp-json\/wp\/v2\/types\/post"}],"author":[{"embeddable":true,"href":"https:\/\/www.hashtag.al\/index.php\/wp-json\/wp\/v2\/users\/32"}],"replies":[{"embeddable":true,"href":"https:\/\/www.hashtag.al\/index.php\/wp-json\/wp\/v2\/comments?post=292723"}],"version-history":[{"count":0,"href":"https:\/\/www.hashtag.al\/index.php\/wp-json\/wp\/v2\/posts\/292723\/revisions"}],"wp:featuredmedia":[{"embeddable":true,"href":"https:\/\/www.hashtag.al\/index.php\/wp-json\/wp\/v2\/media\/292724"}],"wp:attachment":[{"href":"https:\/\/www.hashtag.al\/index.php\/wp-json\/wp\/v2\/media?parent=292723"}],"wp:term":[{"taxonomy":"category","embeddable":true,"href":"https:\/\/www.hashtag.al\/index.php\/wp-json\/wp\/v2\/categories?post=292723"},{"taxonomy":"post_tag","embeddable":true,"href":"https:\/\/www.hashtag.al\/index.php\/wp-json\/wp\/v2\/tags?post=292723"}],"curies":[{"name":"wp","href":"https:\/\/api.w.org\/{rel}","templated":true}]}}