{"id":292496,"date":"2019-04-25T21:45:51","date_gmt":"2019-04-25T19:45:51","guid":{"rendered":"https:\/\/hashtag.al\/?p=292496"},"modified":"2019-04-25T21:45:51","modified_gmt":"2019-04-25T19:45:51","slug":"macron-zona-shengen-ka-deshtuar","status":"publish","type":"post","link":"https:\/\/www.hashtag.al\/index.php\/2019\/04\/25\/macron-zona-shengen-ka-deshtuar\/","title":{"rendered":"Macron: Zona shengen ka d\u00ebshtuar","gt_translate_keys":[{"key":"rendered","format":"text"}]},"content":{"rendered":"<p><img loading=\"lazy\" decoding=\"async\" class=\"aligncenter size-full wp-image-279988\" src=\"https:\/\/hashtag.al\/wp-content\/uploads\/2019\/03\/macron.jpeg\" alt=\"\" width=\"480\" height=\"300\" srcset=\"https:\/\/www.hashtag.al\/wp-content\/uploads\/2019\/03\/macron.jpeg 480w, https:\/\/www.hashtag.al\/wp-content\/uploads\/2019\/03\/macron-300x188.jpeg 300w\" sizes=\"auto, (max-width: 480px) 100vw, 480px\" \/><\/p>\n<p><span style=\"color: #000000;\">Presidenti i Franc\u00ebs, Emmanuel Macron, i ka paralajm\u00ebruar reforma t\u00eb cilat i ka p\u00ebrmendur prej dy vite, raporton Euro News.<\/span><\/p>\n<p><span style=\"color: #000000;\">Macron, n\u00eb nj\u00eb fjalim gjat\u00eb dit\u00ebs s\u00eb enjte, paralajm\u00ebroi reformat p\u00ebr kat\u00ebr sektor\u00eb t\u00eb m\u00ebdha: ndryshime administrative, vendosja e t\u00eb drejtave t\u00eb njeriut dhe drejt\u00ebsis\u00eb n\u00eb themel t\u00eb republik\u00ebs, investime madhore n\u00eb arkitektur\u00eb, mbajtja e gjall\u00eb e \u201cProjektit Francez\u201d t\u00eb demokracis\u00eb.<\/span><\/p>\n<p><span style=\"color: #000000;\">N\u00eb k\u00ebt\u00eb fjalim, Macron tha se projekti i \u2018Zon\u00ebs Shengen\u2019 nuk po funksionon m\u00eb.<\/span><\/p>\n<p><span style=\"color: #000000;\">K\u00ebto komente vin\u00eb pas pak\u00ebnaq\u00ebsive t\u00eb francez\u00ebve mbi arritjen e shum\u00eb emigrant\u00ebve dhe refugjat\u00ebve t\u00eb cil\u00ebt kan\u00eb arritur n\u00eb vendet tjera t\u00eb BE-s\u00eb e m\u00eb pas p\u00ebrmes shfryt\u00ebzimit t\u00eb Zon\u00ebs Shengen kan\u00eb arritur n\u00eb Franc\u00eb.<\/span><\/p>\n<p><span style=\"color: #000000;\">Tema e emigrant\u00ebve ka qen\u00eb nj\u00eb tem\u00eb e nxeht\u00eb n\u00eb politik\u00ebn franceze, gj\u00eb q\u00eb \u00ebsht\u00eb shfryt\u00ebzuar n\u00eb maksimum nga partit\u00eb e ekstremit t\u00eb djatht\u00eb.<\/span><\/p>\n<p><span style=\"color: #000000;\">Ai gjithashtu shtoi se ky projekt i ka sjell\u00eb nj\u00eb frym\u00eb t\u00eb ndjenj\u00ebs s\u00eb padrejt\u00ebsis\u00eb n\u00eb popullin Francez, t\u00eb cil\u00ebt jan\u00eb ndier se jan\u00eb tradhtuar nga vendet tjera t\u00eb Zon\u00ebs Shengen.<\/span><\/p>\n<p><span style=\"color: #000000;\">Zona Shengen, \u00ebsht\u00eb projekt i cili mund\u00ebson l\u00ebvizjen e lir\u00eb mes njer\u00ebzve n\u00eb BE, e nga ky projekt p\u00ebrfitojn\u00eb edhe vende t\u00eb cilat nuk jan\u00eb pjes\u00eb e saj. N\u00ebse Kosov\u00ebs i liberalizohen vizat, at\u00ebher\u00eb Kosova do t\u00eb jet\u00eb pjes\u00eb e k\u00ebsaj zone.<\/span><\/p>\n","protected":false,"gt_translate_keys":[{"key":"rendered","format":"html"}]},"excerpt":{"rendered":"<p>Presidenti i Franc\u00ebs, Emmanuel Macron, i ka paralajm\u00ebruar reforma t\u00eb cilat i ka p\u00ebrmendur prej dy vite, raporton Euro News. Macron, n\u00eb nj\u00eb fjalim gjat\u00eb dit\u00ebs s\u00eb enjte, paralajm\u00ebroi reformat p\u00ebr kat\u00ebr sektor\u00eb t\u00eb m\u00ebdha: ndryshime administrative, vendosja e t\u00eb drejtave t\u00eb njeriut dhe drejt\u00ebsis\u00eb n\u00eb themel t\u00eb republik\u00ebs, investime madhore n\u00eb arkitektur\u00eb, mbajtja e [&hellip;]<\/p>\n","protected":false,"gt_translate_keys":[{"key":"rendered","format":"html"}]},"author":32,"featured_media":260613,"comment_status":"open","ping_status":"open","sticky":false,"template":"","format":"standard","meta":{"footnotes":""},"categories":[6,13],"tags":[],"class_list":["post-292496","post","type-post","status-publish","format-standard","has-post-thumbnail","hentry","category-nderkombetare","category-te-fundit"],"gt_translate_keys":[{"key":"link","format":"url"}],"_links":{"self":[{"href":"https:\/\/www.hashtag.al\/index.php\/wp-json\/wp\/v2\/posts\/292496","targetHints":{"allow":["GET"]}}],"collection":[{"href":"https:\/\/www.hashtag.al\/index.php\/wp-json\/wp\/v2\/posts"}],"about":[{"href":"https:\/\/www.hashtag.al\/index.php\/wp-json\/wp\/v2\/types\/post"}],"author":[{"embeddable":true,"href":"https:\/\/www.hashtag.al\/index.php\/wp-json\/wp\/v2\/users\/32"}],"replies":[{"embeddable":true,"href":"https:\/\/www.hashtag.al\/index.php\/wp-json\/wp\/v2\/comments?post=292496"}],"version-history":[{"count":0,"href":"https:\/\/www.hashtag.al\/index.php\/wp-json\/wp\/v2\/posts\/292496\/revisions"}],"wp:featuredmedia":[{"embeddable":true,"href":"https:\/\/www.hashtag.al\/index.php\/wp-json\/wp\/v2\/media\/260613"}],"wp:attachment":[{"href":"https:\/\/www.hashtag.al\/index.php\/wp-json\/wp\/v2\/media?parent=292496"}],"wp:term":[{"taxonomy":"category","embeddable":true,"href":"https:\/\/www.hashtag.al\/index.php\/wp-json\/wp\/v2\/categories?post=292496"},{"taxonomy":"post_tag","embeddable":true,"href":"https:\/\/www.hashtag.al\/index.php\/wp-json\/wp\/v2\/tags?post=292496"}],"curies":[{"name":"wp","href":"https:\/\/api.w.org\/{rel}","templated":true}]}}