{"id":292490,"date":"2019-04-25T21:11:34","date_gmt":"2019-04-25T19:11:34","guid":{"rendered":"https:\/\/hashtag.al\/?p=292490"},"modified":"2019-04-25T21:11:34","modified_gmt":"2019-04-25T19:11:34","slug":"raportuesi-per-shqiperine-ne-bundestag-faji-nuk-duhet-kerkuar-vetem-tek-opozita-por-edhe-te-qeveria","status":"publish","type":"post","link":"https:\/\/www.hashtag.al\/index.php\/2019\/04\/25\/raportuesi-per-shqiperine-ne-bundestag-faji-nuk-duhet-kerkuar-vetem-tek-opozita-por-edhe-te-qeveria\/","title":{"rendered":"Raportuesi p\u00ebr Shqip\u00ebrin\u00eb n\u00eb Bundestag: Faji nuk duhet k\u00ebrkuar vet\u00ebm tek opozita por edhe te qeveria","gt_translate_keys":[{"key":"rendered","format":"text"}]},"content":{"rendered":"<p><img loading=\"lazy\" decoding=\"async\" class=\"aligncenter size-full wp-image-282463\" src=\"https:\/\/hashtag.al\/wp-content\/uploads\/2019\/03\/schmidt.jpg\" alt=\"\" width=\"700\" height=\"394\" srcset=\"https:\/\/www.hashtag.al\/wp-content\/uploads\/2019\/03\/schmidt.jpg 700w, https:\/\/www.hashtag.al\/wp-content\/uploads\/2019\/03\/schmidt-300x169.jpg 300w\" sizes=\"auto, (max-width: 700px) 100vw, 700px\" \/><\/p>\n<p><span style=\"color: #000000;\">Raportuesi p\u00ebr Shqip\u00ebrin\u00eb n\u00eb Komisionin e Jasht\u00ebm t\u00eb Bundestagut gjerman, Christian Schmidt ndodhet p\u00ebr vizit\u00eb n\u00eb Tiran\u00eb p\u00ebr tu takuar me kryetarin e Partis\u00eb Demokratike Lulzim Basha. I pyetur nga Vizion Plus, n\u00eb lidhje me kriz\u00ebn politike n\u00eb Shqip\u00ebri, Schmidt shprehet se pal\u00ebt duhet t\u00eb ulen n\u00eb dialog.<\/span><\/p>\n<p><span style=\"color: #000000;\"><em>\u201cQeveria dhe opozita jan\u00eb pjes\u00eb e nj\u00eb demokracie funksionale. Kjo gjithashtu do t\u00eb thot\u00eb se t\u00eb gjith\u00eb kan\u00eb nj\u00eb shans t\u00eb drejt\u00eb p\u00ebr t\u00eb shprehur publikisht pozicionin e tyre. Jo vet\u00ebm nga pik\u00ebpamja e opozit\u00ebs, p\u00ebr fat t\u00eb keq, ekziston shqet\u00ebsimi se kjo drejt\u00ebsi nuk ekziston n\u00eb Shqip\u00ebri.<\/em><\/span><\/p>\n<p><span style=\"color: #000000;\"><em>Nuk duhet faj\u00ebsuar veten opozita e cila ka marr\u00eb hap ekstrem. Duhet tu k\u00ebrkohet t\u00eb gjith\u00ebve, posa\u00e7\u00ebrisht qeveris\u00eb. Natyrisht, n\u00eb fund, nj\u00eb parlament i plot\u00eb duhet t\u00eb jet\u00eb n\u00eb gjendje t\u00eb punoj\u00eb dhe t\u00eb marr\u00eb vendime. Un\u00eb jam i shqet\u00ebsuar sepse kultura e bashk\u00ebsis\u00eb s\u00eb t\u00eb gjith\u00eb demokrat\u00ebve \u00ebsht\u00eb \u00e7rregulluar r\u00ebnd\u00eb\u201d.<\/em><\/span><\/p>\n<p><span style=\"color: #000000;\">I pyetur p\u00ebr mund\u00ebsit\u00eb e zgjidhjes se k\u00ebtij ng\u00ebr\u00e7i, Schmidt thekson se \u00ebsht\u00eb garancia jan\u00eb zgjedhjet e lira e t\u00eb drejta.<\/span><\/p>\n<p><span style=\"color: #000000;\"><em>\u201cProblemet n\u00eb Shqip\u00ebri duhet t\u00eb zgjidhen para s\u00eb gjithash nga shqiptar\u00ebt. Kjo p\u00ebrfshin besimin n\u00eb m\u00ebnyr\u00eb t\u00eb besueshme se kriteret Kopenhagenit t\u00eb BE-s\u00eb p\u00ebr sundimin e ligjit. Gjermania \u00ebsht\u00eb nj\u00eb partner konstruktiv dhe i p\u00ebrkushtuar p\u00ebr k\u00ebt\u00eb.<\/em><\/span><\/p>\n<p><span style=\"color: #000000;\"><em>N\u00ebse d\u00ebshironi t\u00eb vini n\u00eb Bashkimin Evropian, ju duhet t\u00eb pranoni Rregullat e Sht\u00ebpis\u00eb Evropiane. Kjo p\u00ebrfshin sigurimin e zgjedhjeve t\u00eb drejta dhe t\u00eb lira. Prandaj, pres q\u00eb gjetjet e prokurorit mbi manipulimin e zgjedhjeve do t\u00eb hetohen dhe autor\u00ebt do t\u00eb d\u00ebnohen. Testi ardhsh\u00ebm p\u00ebr k\u00ebt\u00eb do t\u00eb jet\u00eb zgjedhjet lokale n\u00eb qershor\u201d.<\/em><\/span><\/p>\n<p><span style=\"color: #000000;\">Gjithashtu raportuesi p\u00ebr Shqip\u00ebrin\u00eb Christian Schmidt shpreh shqet\u00ebsimin e tij \u00ebsht\u00eb p\u00ebr artikulimet rreth tez\u00ebs s\u00eb \u201cShqip\u00ebris\u00eb s\u00eb Madhe\u201d. Ai b\u00ebn apel p\u00ebr vet\u00ebp\u00ebrmbajtje nd\u00ebrsa thot\u00eb se t\u00eb gjith\u00eb duhet t\u00eb punojn\u00eb p\u00ebr integrimin n\u00eb Bashkimin Evropian.<\/span><\/p>\n<p>&nbsp;<\/p>\n","protected":false,"gt_translate_keys":[{"key":"rendered","format":"html"}]},"excerpt":{"rendered":"<p>Raportuesi p\u00ebr Shqip\u00ebrin\u00eb n\u00eb Komisionin e Jasht\u00ebm t\u00eb Bundestagut gjerman, Christian Schmidt ndodhet p\u00ebr vizit\u00eb n\u00eb Tiran\u00eb p\u00ebr tu takuar me kryetarin e Partis\u00eb Demokratike Lulzim Basha. I pyetur nga Vizion Plus, n\u00eb lidhje me kriz\u00ebn politike n\u00eb Shqip\u00ebri, Schmidt shprehet se pal\u00ebt duhet t\u00eb ulen n\u00eb dialog. \u201cQeveria dhe opozita jan\u00eb pjes\u00eb e nj\u00eb [&hellip;]<\/p>\n","protected":false,"gt_translate_keys":[{"key":"rendered","format":"html"}]},"author":32,"featured_media":282463,"comment_status":"open","ping_status":"open","sticky":false,"template":"","format":"standard","meta":{"footnotes":""},"categories":[65,13],"tags":[],"class_list":["post-292490","post","type-post","status-publish","format-standard","has-post-thumbnail","hentry","category-lajme","category-te-fundit"],"gt_translate_keys":[{"key":"link","format":"url"}],"_links":{"self":[{"href":"https:\/\/www.hashtag.al\/index.php\/wp-json\/wp\/v2\/posts\/292490","targetHints":{"allow":["GET"]}}],"collection":[{"href":"https:\/\/www.hashtag.al\/index.php\/wp-json\/wp\/v2\/posts"}],"about":[{"href":"https:\/\/www.hashtag.al\/index.php\/wp-json\/wp\/v2\/types\/post"}],"author":[{"embeddable":true,"href":"https:\/\/www.hashtag.al\/index.php\/wp-json\/wp\/v2\/users\/32"}],"replies":[{"embeddable":true,"href":"https:\/\/www.hashtag.al\/index.php\/wp-json\/wp\/v2\/comments?post=292490"}],"version-history":[{"count":0,"href":"https:\/\/www.hashtag.al\/index.php\/wp-json\/wp\/v2\/posts\/292490\/revisions"}],"wp:featuredmedia":[{"embeddable":true,"href":"https:\/\/www.hashtag.al\/index.php\/wp-json\/wp\/v2\/media\/282463"}],"wp:attachment":[{"href":"https:\/\/www.hashtag.al\/index.php\/wp-json\/wp\/v2\/media?parent=292490"}],"wp:term":[{"taxonomy":"category","embeddable":true,"href":"https:\/\/www.hashtag.al\/index.php\/wp-json\/wp\/v2\/categories?post=292490"},{"taxonomy":"post_tag","embeddable":true,"href":"https:\/\/www.hashtag.al\/index.php\/wp-json\/wp\/v2\/tags?post=292490"}],"curies":[{"name":"wp","href":"https:\/\/api.w.org\/{rel}","templated":true}]}}