{"id":292403,"date":"2019-04-25T15:18:41","date_gmt":"2019-04-25T13:18:41","guid":{"rendered":"https:\/\/hashtag.al\/?p=292403"},"modified":"2019-04-25T15:18:51","modified_gmt":"2019-04-25T13:18:51","slug":"hajdari-i-kerkon-rames-ti-jape-me-shume-drite-shqiperise","status":"publish","type":"post","link":"https:\/\/www.hashtag.al\/index.php\/2019\/04\/25\/hajdari-i-kerkon-rames-ti-jape-me-shume-drite-shqiperise\/","title":{"rendered":"Hajdari i k\u00ebrkon Ram\u00ebs t&#8217;i jap\u00eb m\u00eb shum\u00eb drit\u00eb Shqip\u00ebris\u00eb","gt_translate_keys":[{"key":"rendered","format":"text"}]},"content":{"rendered":"<p><img loading=\"lazy\" decoding=\"async\" class=\"aligncenter size-full wp-image-292404\" src=\"https:\/\/hashtag.al\/wp-content\/uploads\/2019\/04\/RUDINA-HAJDARI-KUVEND.jpg\" alt=\"\" width=\"1024\" height=\"682\" srcset=\"https:\/\/www.hashtag.al\/wp-content\/uploads\/2019\/04\/RUDINA-HAJDARI-KUVEND.jpg 1024w, https:\/\/www.hashtag.al\/wp-content\/uploads\/2019\/04\/RUDINA-HAJDARI-KUVEND-300x200.jpg 300w, https:\/\/www.hashtag.al\/wp-content\/uploads\/2019\/04\/RUDINA-HAJDARI-KUVEND-768x512.jpg 768w\" sizes=\"auto, (max-width: 1024px) 100vw, 1024px\" \/><\/p>\n<p><span style=\"color: #000000;\">Deputetja e Partis\u00eb Demokatrike, Rudina Hajdari, ka th\u00ebn\u00eb se sipas llogarive t\u00eb saj, Shqip\u00ebria duhe t\u00eb ishte n\u00eb Bashkimin Europian. Nd\u00ebrkoh\u00eb kritikoi qeverisje e kryeminsitrit Rama p\u00ebr situat\u00ebn n\u00eb t\u00eb cil\u00ebn gjendet vendi.<\/span><\/p>\n<p><span style=\"color: #000000;\"><em>\u201cShqip\u00ebria sot sipas llogarive t\u00eb mia duhej t\u00eb ishte n\u00eb BE. Ne nuk jemi. T\u00eb dal\u00ebsh k\u00ebtu t\u00eb flas\u00ebsh p\u00ebrralla me mbret, t\u00eb jap\u00ebsh histori batuta q\u00eb qeshin disa deputet\u00eb t\u00eb tjer\u00eb q\u00eb se din\u00eb a t\u00eb qeshin a ajo. \u00cbsht\u00eb p\u00ebr t\u00eb ardhur keq. \u00cbsht\u00eb ky kryeminist\u00ebr q\u00eb thot\u00eb hajde debatojm\u00eb ide. ku i keni iden\u00eb? Pse merreni me Bash\u00ebn, Kryemadhin e Berish\u00ebn? E mor\u00ebm vesh. ata kan\u00eb pasur eksperienc\u00ebn e tyre, problemet e tyre, abuzimet e tyre, jan\u00eb provuar, dhe shqiptar\u00ebt nuk i kan\u00eb besuar, k\u00ebshtu treguan edhe zgjedhjet e fundit. ato zgjedhje ishin legjitime, se firmos\u00ebn, dhe pas dy vitesh vijn\u00eb k\u00ebtu dhe thon\u00eb q\u00eb nuk jan\u00eb legjitime. Ne kemi mund\u00ebsi t\u00eb kemi zgjidhje t\u00eb lira dhe t\u00eb ndershme? Jo! Se kemi pasur zgjedhje q\u00eb nuk jan\u00eb pranuar edhe nga ju.\u201d<\/em> &#8211; tha Hajdari.<\/span><\/p>\n<p><span style=\"color: #000000;\">Nd\u00ebrkoh\u00eb nuk la pa kritikuar edhe opozit\u00ebn e bashkuar dhe marr\u00ebveshjen e n\u00ebnshkruar prej PD-s\u00eb, LSI-s\u00eb dhe aleat\u00ebve t\u00eb tjer\u00eb para pak dit\u00ebsh.<\/span><\/p>\n<p><span style=\"color: #000000;\"><em>\u201cMarr\u00ebveshja e fundit e opozit\u00ebs joparlamentare \u00ebsht\u00eb p\u00ebr t\u00eb ardhur, keq, e gabuar. Un\u00eb jam kund\u00ebr bojkotit, nuk mund t\u00eb shkojm\u00eb dot n\u00eb zgjedhje duke bojkotuar. Duhet t\u00eb marrim fund metodat antikushtetuese n\u00eb nj\u00eb vend q\u00eb k\u00ebrkon t\u00eb futet n\u00eb BE. Duhet t\u00eb tregojm\u00eb t\u00eb gjitha poal\u00ebt vullnetin p\u00ebr ta zgjidhur k\u00ebt\u00eb kriz\u00eb. Nuk mund thjesht t\u00eb kritikojm\u00eb p\u00ebr opozit\u00ebn q\u00eb tashm\u00eb \u00ebsht\u00eb jasht\u00eb parlamentit. Ka qytetar\u00eb t\u00eb ndersh\u00ebm q\u00eb k\u00ebrkojn\u00eb q\u00eb kjo mazhoranc\u00eb t&#8217;i jap\u00eb m\u00eb shum\u00eb drit\u00eb k\u00ebtij vendi.\u201d<\/em> &#8211; shtoi Hajdari.<\/span><\/p>\n<p><img loading=\"lazy\" decoding=\"async\" class=\"aligncenter size-full wp-image-292405\" src=\"https:\/\/hashtag.al\/wp-content\/uploads\/2019\/04\/28058875_684946218516533_7323282418165152984_n.jpg\" alt=\"\" width=\"960\" height=\"960\" srcset=\"https:\/\/www.hashtag.al\/wp-content\/uploads\/2019\/04\/28058875_684946218516533_7323282418165152984_n.jpg 960w, https:\/\/www.hashtag.al\/wp-content\/uploads\/2019\/04\/28058875_684946218516533_7323282418165152984_n-150x150.jpg 150w, https:\/\/www.hashtag.al\/wp-content\/uploads\/2019\/04\/28058875_684946218516533_7323282418165152984_n-300x300.jpg 300w, https:\/\/www.hashtag.al\/wp-content\/uploads\/2019\/04\/28058875_684946218516533_7323282418165152984_n-768x768.jpg 768w, https:\/\/www.hashtag.al\/wp-content\/uploads\/2019\/04\/28058875_684946218516533_7323282418165152984_n-120x120.jpg 120w\" sizes=\"auto, (max-width: 960px) 100vw, 960px\" \/><\/p>\n","protected":false,"gt_translate_keys":[{"key":"rendered","format":"html"}]},"excerpt":{"rendered":"<p>Deputetja e Partis\u00eb Demokatrike, Rudina Hajdari, ka th\u00ebn\u00eb se sipas llogarive t\u00eb saj, Shqip\u00ebria duhe t\u00eb ishte n\u00eb Bashkimin Europian. Nd\u00ebrkoh\u00eb kritikoi qeverisje e kryeminsitrit Rama p\u00ebr situat\u00ebn n\u00eb t\u00eb cil\u00ebn gjendet vendi. \u201cShqip\u00ebria sot sipas llogarive t\u00eb mia duhej t\u00eb ishte n\u00eb BE. Ne nuk jemi. T\u00eb dal\u00ebsh k\u00ebtu t\u00eb flas\u00ebsh p\u00ebrralla me mbret, [&hellip;]<\/p>\n","protected":false,"gt_translate_keys":[{"key":"rendered","format":"html"}]},"author":51,"featured_media":292404,"comment_status":"open","ping_status":"open","sticky":false,"template":"","format":"standard","meta":{"footnotes":""},"categories":[65,13],"tags":[],"class_list":["post-292403","post","type-post","status-publish","format-standard","has-post-thumbnail","hentry","category-lajme","category-te-fundit"],"gt_translate_keys":[{"key":"link","format":"url"}],"_links":{"self":[{"href":"https:\/\/www.hashtag.al\/index.php\/wp-json\/wp\/v2\/posts\/292403","targetHints":{"allow":["GET"]}}],"collection":[{"href":"https:\/\/www.hashtag.al\/index.php\/wp-json\/wp\/v2\/posts"}],"about":[{"href":"https:\/\/www.hashtag.al\/index.php\/wp-json\/wp\/v2\/types\/post"}],"author":[{"embeddable":true,"href":"https:\/\/www.hashtag.al\/index.php\/wp-json\/wp\/v2\/users\/51"}],"replies":[{"embeddable":true,"href":"https:\/\/www.hashtag.al\/index.php\/wp-json\/wp\/v2\/comments?post=292403"}],"version-history":[{"count":0,"href":"https:\/\/www.hashtag.al\/index.php\/wp-json\/wp\/v2\/posts\/292403\/revisions"}],"wp:featuredmedia":[{"embeddable":true,"href":"https:\/\/www.hashtag.al\/index.php\/wp-json\/wp\/v2\/media\/292404"}],"wp:attachment":[{"href":"https:\/\/www.hashtag.al\/index.php\/wp-json\/wp\/v2\/media?parent=292403"}],"wp:term":[{"taxonomy":"category","embeddable":true,"href":"https:\/\/www.hashtag.al\/index.php\/wp-json\/wp\/v2\/categories?post=292403"},{"taxonomy":"post_tag","embeddable":true,"href":"https:\/\/www.hashtag.al\/index.php\/wp-json\/wp\/v2\/tags?post=292403"}],"curies":[{"name":"wp","href":"https:\/\/api.w.org\/{rel}","templated":true}]}}