{"id":292399,"date":"2019-04-25T15:01:42","date_gmt":"2019-04-25T13:01:42","guid":{"rendered":"https:\/\/hashtag.al\/?p=292399"},"modified":"2019-04-25T15:07:07","modified_gmt":"2019-04-25T13:07:07","slug":"diversioni-diletant-i-rames-per-partine-e-astrit-patozit","status":"publish","type":"post","link":"https:\/\/www.hashtag.al\/index.php\/2019\/04\/25\/diversioni-diletant-i-rames-per-partine-e-astrit-patozit\/","title":{"rendered":"Diversioni diletant i Ram\u00ebs p\u00ebr partin\u00eb e Astrit Patozit","gt_translate_keys":[{"key":"rendered","format":"text"}]},"content":{"rendered":"<p><span style=\"color: #000000;\"><img loading=\"lazy\" decoding=\"async\" class=\"aligncenter size-full wp-image-292400\" src=\"https:\/\/hashtag.al\/wp-content\/uploads\/2019\/04\/ballaramapatozi.jpg\" alt=\"\" width=\"2000\" height=\"1011\" srcset=\"https:\/\/www.hashtag.al\/wp-content\/uploads\/2019\/04\/ballaramapatozi.jpg 2000w, https:\/\/www.hashtag.al\/wp-content\/uploads\/2019\/04\/ballaramapatozi-300x152.jpg 300w, https:\/\/www.hashtag.al\/wp-content\/uploads\/2019\/04\/ballaramapatozi-768x388.jpg 768w, https:\/\/www.hashtag.al\/wp-content\/uploads\/2019\/04\/ballaramapatozi-1024x518.jpg 1024w\" sizes=\"auto, (max-width: 2000px) 100vw, 2000px\" \/><\/span><\/p>\n<p><span style=\"color: #000000;\">Kryeministri Rama p\u00ebrs\u00ebriti t\u00eb nj\u00ebjt\u00ebn gj\u00eb si kreu i grupit parlamentar Balla pak m\u00eb her\u00ebt, se partia Bindja Demokratike \u00ebsht\u00eb loj\u00eb e Sali Berish\u00ebs.<\/span><\/p>\n<p><span style=\"color: #000000;\">Fillimisht kjo deklarat\u00eb u b\u00eb nga numri 2 i PS-s\u00eb dhe pas k\u00ebsaj n\u00eb sken\u00eb u fut Rama, q\u00eb p\u00ebrforcoi at\u00eb q\u00eb Balla kishte deklaruar pak m\u00eb her\u00ebt.<\/span><\/p>\n<p><span style=\"color: #000000;\"><em>\u201cPse duhet t\u00eb kem t\u00eb b\u00ebj un\u00eb me partin\u00eb e Astrit Patozit dhe kjo t\u00eb mos jet\u00eb loj\u00eb e Saliut. Pse duhet t\u00eb krijoj un\u00eb nj\u00eb parti t\u00eb till\u00eb. Na doli tani se un\u00eb paskam formuar &#8216;Bindjen Demokratike&#8217;?! Pse jo Saliu, se ku ndryshon Patozi nga Saliu dhe Luli. Ata merrnin pjes\u00eb n\u00eb aferat e qeveris\u00eb, Astriti vinte k\u00ebtu me duar n\u00eb xhepa dhe u b\u00ebnte avokatin. Patozin e futi Saliun n\u00eb zgjedhje. Nj\u00eb \u00e7un p\u00ebr rrug\u00eb dhe nj\u00eb p\u00ebr zgjedhje.\u201d<\/em> &#8211; tha Rama.<\/span><\/p>\n<p><span style=\"color: #000000;\">Nd\u00ebrsa pak m\u00eb her\u00ebt, gjat\u00eb fjal\u00ebs s\u00eb tij n\u00eb Kuvend, Balla, tha: \u201c<em>Astrit Patozi ka qen\u00eb kryetar i grupit t\u00eb PD-s\u00eb p\u00ebr 8 vjet dhe e ka pasur mund\u00ebsin\u00eb t\u00eb ndryshoj\u00eb partitokracin\u00eb n\u00ebse do t\u00eb kishte dashur. Ju nuk keni faj por partis\u00eb n\u00ebn thojini q\u00eb Astrit Patozi \u00ebsht\u00eb i tyre, jo i yni. Si mund t\u00eb mb\u00ebshtesim ne kund\u00ebrshtarin ton\u00eb? Ku e dim\u00eb ne q\u00eb nuk \u00ebsht\u00eb loj\u00eb e Berish\u00ebs kjo e Astritit? D\u00ebshtoi Luli ka futur Astritin.\u201d<\/em> &#8211; tha Balla.<\/span><\/p>\n<p><span style=\"color: #000000;\">Nd\u00ebrkoh\u00eb dit\u00ebn e sotme jan\u00eb betuar n\u00eb Kuvend 4 deputet\u00eb t\u00eb rinj nga listat e opozit\u00ebs n\u00eb zgjedhjet e vitit 2017. Nj\u00ebri prej tyre \u00ebsht\u00eb Andi P\u00ebrmeti, i cili \u00ebsht\u00eb nj\u00eb nga themeluesit e partis\u00eb s\u00eb re, \u201cBindja Demokratike\u201d.<\/span><\/p>\n<p><span style=\"color: #000000;\">Mediat pran\u00eb Ram\u00ebs nuk kan\u00eb ngurruar q\u00eb ta publikojn\u00eb me shpejt\u00ebsi lajmin se P\u00ebrmeti \u00ebsht\u00eb themelues i partis\u00eb s\u00eb re dhe \u00ebsht\u00eb betuar sot. Nd\u00ebrkoh\u00eb kreu i k\u00ebsaj partie, Patozi, n\u00eb intervistat n\u00eb media e tij ka p\u00ebrdorur shprehjet e kryeministrit Rama.<\/span><\/p>\n<p><span style=\"color: #000000;\">Gjat\u00eb nj\u00eb interviste n\u00eb televizionin ABC News, e para intervist\u00eb e tij si drejtues i nj\u00eb grupi politik, Patozi tha se n\u00eb postin e ri do t\u00eb ndihet si Ronaldo n\u00eb koh\u00ebn kur shkoi te Juventuas pas nj\u00eb periudhe t\u00eb gjat\u00eb n\u00eb Madrid.<\/span><\/p>\n<p><span style=\"color: #000000;\"><em>\u201cKjo \u00ebsht\u00eb nj\u00eb gj\u00eb q\u00eb nuk e kisha menduar m\u00eb par\u00eb, por kam p\u00ebrshtypjen se \u00ebsht\u00eb si ndjesia e Ronaldos kur ka shkuar te Juventus pasi q\u00ebndroi te Real Madridi p\u00ebr nj\u00eb koh\u00eb t\u00eb gjat\u00eb. Jan\u00eb gj\u00ebra q\u00eb ndodhin n\u00eb jet\u00eb.\u201d<\/em> &#8211; tha Patozi.<\/span><\/p>\n<p><span style=\"color: #000000;\">Kujtojm\u00eb se kryeministri Rama, gjat\u00eb nj\u00eb interviste p\u00ebr televizionin RAI e krahasoi veten me yllin e Juventusit. Nd\u00ebrsa fliste p\u00ebr protestat e opozit\u00ebs, Rama tha se nuk do t\u00eb mund t\u00eb hedh\u00eb pushtetin e tij vet\u00ebm p\u00ebr kapri\u00e7on pse ai \u00ebsht\u00eb m\u00eb i miri, nj\u00ebsoj si Ronaldo.<\/span><\/p>\n<p><span style=\"color: #000000;\"><em>\u201c\u00cbsht\u00eb sikur t\u00eb k\u00ebrkosh nga Juventus, meq\u00eb \u00ebsht\u00eb shum\u00eb i fort\u00eb, t\u00eb pranoj\u00eb q\u00eb formacionin t\u2019ia b\u00ebjn\u00eb t\u00eb tjer\u00ebt, jo trajneri i tyre dhe q\u00eb kampionati t\u00eb nis\u00eb s\u00ebrish nga fillimi\u2026 pa Ronaldon.\u201d<\/em> &#8211; ka th\u00ebn\u00eb Rama p\u00ebr veten m\u00eb her\u00ebt.<\/span><\/p>\n<p><span style=\"color: #000000;\">N\u00ebse Astritin e ka futur Berisha, pse Astriti imiton Ram\u00ebn? <em><strong>\/Hashtag.al<\/strong><\/em><\/span><\/p>\n<p><span style=\"color: #000000;\"><img loading=\"lazy\" decoding=\"async\" class=\"aligncenter size-full wp-image-292401\" src=\"https:\/\/hashtag.al\/wp-content\/uploads\/2019\/04\/d3w5.jpg\" alt=\"\" width=\"960\" height=\"639\" srcset=\"https:\/\/www.hashtag.al\/wp-content\/uploads\/2019\/04\/d3w5.jpg 960w, https:\/\/www.hashtag.al\/wp-content\/uploads\/2019\/04\/d3w5-300x200.jpg 300w, https:\/\/www.hashtag.al\/wp-content\/uploads\/2019\/04\/d3w5-768x511.jpg 768w\" sizes=\"auto, (max-width: 960px) 100vw, 960px\" \/><\/span><\/p>\n","protected":false,"gt_translate_keys":[{"key":"rendered","format":"html"}]},"excerpt":{"rendered":"<p>Kryeministri Rama p\u00ebrs\u00ebriti t\u00eb nj\u00ebjt\u00ebn gj\u00eb si kreu i grupit parlamentar Balla pak m\u00eb her\u00ebt, se partia Bindja Demokratike \u00ebsht\u00eb loj\u00eb e Sali Berish\u00ebs. Fillimisht kjo deklarat\u00eb u b\u00eb nga numri 2 i PS-s\u00eb dhe pas k\u00ebsaj n\u00eb sken\u00eb u fut Rama, q\u00eb p\u00ebrforcoi at\u00eb q\u00eb Balla kishte deklaruar pak m\u00eb her\u00ebt. \u201cPse duhet t\u00eb [&hellip;]<\/p>\n","protected":false,"gt_translate_keys":[{"key":"rendered","format":"html"}]},"author":51,"featured_media":292400,"comment_status":"open","ping_status":"open","sticky":false,"template":"","format":"standard","meta":{"footnotes":""},"categories":[22,65,13],"tags":[],"class_list":["post-292399","post","type-post","status-publish","format-standard","has-post-thumbnail","hentry","category-ballina","category-lajme","category-te-fundit"],"gt_translate_keys":[{"key":"link","format":"url"}],"_links":{"self":[{"href":"https:\/\/www.hashtag.al\/index.php\/wp-json\/wp\/v2\/posts\/292399","targetHints":{"allow":["GET"]}}],"collection":[{"href":"https:\/\/www.hashtag.al\/index.php\/wp-json\/wp\/v2\/posts"}],"about":[{"href":"https:\/\/www.hashtag.al\/index.php\/wp-json\/wp\/v2\/types\/post"}],"author":[{"embeddable":true,"href":"https:\/\/www.hashtag.al\/index.php\/wp-json\/wp\/v2\/users\/51"}],"replies":[{"embeddable":true,"href":"https:\/\/www.hashtag.al\/index.php\/wp-json\/wp\/v2\/comments?post=292399"}],"version-history":[{"count":0,"href":"https:\/\/www.hashtag.al\/index.php\/wp-json\/wp\/v2\/posts\/292399\/revisions"}],"wp:featuredmedia":[{"embeddable":true,"href":"https:\/\/www.hashtag.al\/index.php\/wp-json\/wp\/v2\/media\/292400"}],"wp:attachment":[{"href":"https:\/\/www.hashtag.al\/index.php\/wp-json\/wp\/v2\/media?parent=292399"}],"wp:term":[{"taxonomy":"category","embeddable":true,"href":"https:\/\/www.hashtag.al\/index.php\/wp-json\/wp\/v2\/categories?post=292399"},{"taxonomy":"post_tag","embeddable":true,"href":"https:\/\/www.hashtag.al\/index.php\/wp-json\/wp\/v2\/tags?post=292399"}],"curies":[{"name":"wp","href":"https:\/\/api.w.org\/{rel}","templated":true}]}}