{"id":292327,"date":"2019-04-25T11:31:17","date_gmt":"2019-04-25T09:31:17","guid":{"rendered":"https:\/\/hashtag.al\/?p=292327"},"modified":"2019-04-25T11:40:44","modified_gmt":"2019-04-25T09:40:44","slug":"intervista-ridvan-bode-permend-rolin-por-jo-emrin-e-samir-manes","status":"publish","type":"post","link":"https:\/\/www.hashtag.al\/index.php\/2019\/04\/25\/intervista-ridvan-bode-permend-rolin-por-jo-emrin-e-samir-manes\/","title":{"rendered":"INTERVISTA-Ridvan Bode p\u00ebrmend rolin por jo emrin e Samir Manes","gt_translate_keys":[{"key":"rendered","format":"text"}]},"content":{"rendered":"<p><span style=\"color: #000000;\"><img loading=\"lazy\" decoding=\"async\" class=\"aligncenter size-full wp-image-292331\" src=\"https:\/\/hashtag.al\/wp-content\/uploads\/2019\/04\/ritvanbodeediramasamirmane.png\" alt=\"\" width=\"800\" height=\"264\" srcset=\"https:\/\/www.hashtag.al\/wp-content\/uploads\/2019\/04\/ritvanbodeediramasamirmane.png 800w, https:\/\/www.hashtag.al\/wp-content\/uploads\/2019\/04\/ritvanbodeediramasamirmane-300x99.png 300w, https:\/\/www.hashtag.al\/wp-content\/uploads\/2019\/04\/ritvanbodeediramasamirmane-768x253.png 768w\" sizes=\"auto, (max-width: 800px) 100vw, 800px\" \/><\/span><\/p>\n<p><span style=\"color: #000000;\">Ridvan Bode ka rr\u00ebfyer dit\u00ebn e djeshme p\u00ebr televizionin &#8220;A2 CNN&#8221; detaje rreth propozimit q\u00eb Edi Rama i b\u00ebri atij p\u00ebr t\u00eb qen\u00eb pjes\u00eb e K\u00ebshillit Mbik\u00ebqyr\u00ebs t\u00eb Bank\u00ebs s\u00eb Shqip\u00ebris\u00eb.<\/span><\/p>\n<p><span style=\"color: #000000;\">I ftuar n\u00eb emisionin \u201cA2 Business Week\u201d, deri te emri i Ram\u00ebs si propozues, Bode nuk tha ndonj\u00eb gj\u00eb q\u00eb nuk dihej sepse emri i Ram\u00ebs si propozues ka dal\u00eb q\u00eb vitin e kaluar, por ish-ministri i Financave, dikur pjes\u00eb e r\u00ebnd\u00ebsishme e Partis\u00eb Demokratike ka konfirmuar rolin e nj\u00eb individi n\u00eb negocimin me t\u00eb.<\/span><\/p>\n<p><strong><span style=\"color: #000000;\">Thot\u00eb n\u00eb studion televizive Bode:<\/span><\/strong><\/p>\n<p><span style=\"color: #000000;\"><em>&#8220;Praktikisht, pas zgjedhjeve t\u00eb vitit 2017 nuk kam qen\u00eb i angazhuar. E v\u00ebrteta \u00ebsht\u00eb se nuk kam pasur asnj\u00eb kontakt me zotin Rama m\u00eb p\u00ebrpara. <span style=\"text-decoration: underline;\">Ka qen\u00eb nj\u00eb ftes\u00eb e tij, nj\u00eb propozim i tij me mesazh dhe p\u00ebrmes nj\u00eb individi.&#8221;<\/span><\/em><\/span><\/p>\n<p><iframe loading=\"lazy\" title=\"Bode zbulon n\u00eb \u201cA2 Business Week\u201d pse pranoi ofert\u00ebn e Ram\u00ebs\" width=\"1170\" height=\"658\" src=\"https:\/\/www.youtube.com\/embed\/FYuWedFxc2A?feature=oembed\" frameborder=\"0\" allow=\"accelerometer; autoplay; clipboard-write; encrypted-media; gyroscope; picture-in-picture\" allowfullscreen><\/iframe><\/p>\n<p><span style=\"color: #000000;\">Pra, ish-ministri tashm\u00eb n\u00eb nj\u00eb pozicion ky\u00e7 t\u00eb Bank\u00ebs s\u00eb Shqip\u00ebris\u00eb thot\u00eb se ka qen\u00eb nj\u00eb individ q\u00eb i ka kaluar mesazhin e Ram\u00ebs, me gjas\u00eb duke b\u00ebr\u00eb edhe &#8220;negociatorin&#8221;.<\/span><\/p>\n<p><span style=\"color: #000000;\"><strong>&#8220;Hashtag.al&#8221;<\/strong> shkroi muaj m\u00eb par\u00eb se n\u00eb Shtator 2018, Samir Mane nisi nj\u00eb lobim n\u00eb prapasken\u00eb p\u00ebr t\u00eb em\u00ebruar n\u00eb bordin drejtues t\u00eb Bank\u00ebs s\u00eb Shqip\u00ebris\u00eb, mikun e tij, ish-ministrin e Financave, Ridvan Bode.<\/span><\/p>\n<p><span style=\"color: #000000;\">Z.Bode p\u00ebrmend rolin e Samir Manes si individi q\u00eb &#8220;\u00e7oi mesazhin e Edi Ram\u00ebs&#8221;, por jo emrin e tij.\/<strong><em>Hashtag.al<\/em><\/strong><\/span><\/p>\n","protected":false,"gt_translate_keys":[{"key":"rendered","format":"html"}]},"excerpt":{"rendered":"<p>Ridvan Bode ka rr\u00ebfyer dit\u00ebn e djeshme p\u00ebr televizionin &#8220;A2 CNN&#8221; detaje rreth propozimit q\u00eb Edi Rama i b\u00ebri atij p\u00ebr t\u00eb qen\u00eb pjes\u00eb e K\u00ebshillit Mbik\u00ebqyr\u00ebs t\u00eb Bank\u00ebs s\u00eb Shqip\u00ebris\u00eb. I ftuar n\u00eb emisionin \u201cA2 Business Week\u201d, deri te emri i Ram\u00ebs si propozues, Bode nuk tha ndonj\u00eb gj\u00eb q\u00eb nuk dihej sepse emri [&hellip;]<\/p>\n","protected":false,"gt_translate_keys":[{"key":"rendered","format":"html"}]},"author":6,"featured_media":292333,"comment_status":"open","ping_status":"open","sticky":false,"template":"","format":"standard","meta":{"footnotes":""},"categories":[22,65,13],"tags":[],"class_list":["post-292327","post","type-post","status-publish","format-standard","has-post-thumbnail","hentry","category-ballina","category-lajme","category-te-fundit"],"gt_translate_keys":[{"key":"link","format":"url"}],"_links":{"self":[{"href":"https:\/\/www.hashtag.al\/index.php\/wp-json\/wp\/v2\/posts\/292327","targetHints":{"allow":["GET"]}}],"collection":[{"href":"https:\/\/www.hashtag.al\/index.php\/wp-json\/wp\/v2\/posts"}],"about":[{"href":"https:\/\/www.hashtag.al\/index.php\/wp-json\/wp\/v2\/types\/post"}],"author":[{"embeddable":true,"href":"https:\/\/www.hashtag.al\/index.php\/wp-json\/wp\/v2\/users\/6"}],"replies":[{"embeddable":true,"href":"https:\/\/www.hashtag.al\/index.php\/wp-json\/wp\/v2\/comments?post=292327"}],"version-history":[{"count":0,"href":"https:\/\/www.hashtag.al\/index.php\/wp-json\/wp\/v2\/posts\/292327\/revisions"}],"wp:featuredmedia":[{"embeddable":true,"href":"https:\/\/www.hashtag.al\/index.php\/wp-json\/wp\/v2\/media\/292333"}],"wp:attachment":[{"href":"https:\/\/www.hashtag.al\/index.php\/wp-json\/wp\/v2\/media?parent=292327"}],"wp:term":[{"taxonomy":"category","embeddable":true,"href":"https:\/\/www.hashtag.al\/index.php\/wp-json\/wp\/v2\/categories?post=292327"},{"taxonomy":"post_tag","embeddable":true,"href":"https:\/\/www.hashtag.al\/index.php\/wp-json\/wp\/v2\/tags?post=292327"}],"curies":[{"name":"wp","href":"https:\/\/api.w.org\/{rel}","templated":true}]}}