{"id":292163,"date":"2019-04-24T16:30:46","date_gmt":"2019-04-24T14:30:46","guid":{"rendered":"https:\/\/hashtag.al\/?p=292163"},"modified":"2019-05-01T22:32:53","modified_gmt":"2019-05-01T20:32:53","slug":"gazetari-perpiqet-te-vere-ne-siklet-trajneren-e-pare-femer-ajo-i-kthen-pergjigjen-epike-2","status":"publish","type":"post","link":"https:\/\/www.hashtag.al\/index.php\/2019\/04\/24\/gazetari-perpiqet-te-vere-ne-siklet-trajneren-e-pare-femer-ajo-i-kthen-pergjigjen-epike-2\/","title":{"rendered":"Gazetari p\u00ebrpiqet t\u00eb v\u00ebr\u00eb n\u00eb siklet trajneren e par\u00eb fem\u00ebr, ajo i kthen p\u00ebrgjigjen epike","gt_translate_keys":[{"key":"rendered","format":"text"}]},"content":{"rendered":"<p><img loading=\"lazy\" decoding=\"async\" class=\"aligncenter size-full wp-image-292164\" src=\"https:\/\/hashtag.al\/wp-content\/uploads\/2019\/04\/Imke.jpg\" alt=\"\" width=\"980\" height=\"551\" srcset=\"https:\/\/www.hashtag.al\/wp-content\/uploads\/2019\/04\/Imke.jpg 980w, https:\/\/www.hashtag.al\/wp-content\/uploads\/2019\/04\/Imke-300x169.jpg 300w, https:\/\/www.hashtag.al\/wp-content\/uploads\/2019\/04\/Imke-768x432.jpg 768w\" sizes=\"auto, (max-width: 980px) 100vw, 980px\" \/><\/p>\n<p><span style=\"color: #000000;\">Trajnerja e par\u00eb fem\u00ebr e nj\u00eb ekipi futbolli n\u00eb 5 ligat profesioniste t\u00eb futbollit gjerman, Imke W\u00fcbbenhorst, pushtoi titujt e par\u00eb t\u00eb mediave sportive n\u00eb Gjermani\u00a0 n\u00eb muajin dhjetor, duke thyer nj\u00eb tabu si rasti i par\u00eb n\u00eb histori.<\/span><\/p>\n<p><span style=\"color: #000000;\">Pas k\u00ebsaj, ajo i ka pushtuar s\u00ebrish faqet e para t\u00eb mediave, por k\u00ebt\u00eb her\u00eb p\u00ebr nj\u00eb tjet\u00ebr arsye.<\/span><\/p>\n<p><span style=\"color: #000000;\">Gjat\u00eb nj\u00eb interviste, gazetari i \u201cDie Welt\u201d p\u00ebr ta v\u00ebn\u00eb n\u00eb siklet trajneren e pyeti: Kur futesh n\u00eb dhom\u00ebn e zhveshjes s\u00eb lojtar\u00ebve, a sigurohesh p\u00ebrpara q\u00eb ata jan\u00eb t\u00eb mbuluar.<\/span><\/p>\n<p><span style=\"color: #000000;\">Kurse W\u00fcbbenhorst u p\u00ebrgjigj: Natyrisht q\u00eb jo. Un\u00eb jam profesioniste dhe i p\u00ebrzgjedh lojtar\u00ebt nga madh\u00ebsia e organit seksual.<\/span><\/p>\n<p><span style=\"color: #000000;\">W\u00fcbbenhorst u em\u00ebrua trajnere e BV Cloppenburg n\u00eb dhjetor 2018, por ende nuk ka drejtuar asnj\u00eb ndeshje duke qen\u00eb se futbolli gjerman \u00ebsht\u00eb ndalur p\u00ebr shkak pushimeve dim\u00ebrore.<\/span><\/p>\n<p><span style=\"color: #000000;\">Ajo ka qen\u00eb ish-lojtare p\u00ebr ekipin e grave t\u00eb Cloppenburg dhe u em\u00ebrua trajnere pasi u t\u00ebrhoq nga karriera si futbolliste.<\/span><\/p>\n<p><img loading=\"lazy\" decoding=\"async\" class=\"aligncenter size-full wp-image-292165\" src=\"https:\/\/hashtag.al\/wp-content\/uploads\/2019\/04\/imke-3.jpg\" alt=\"\" width=\"587\" height=\"493\" srcset=\"https:\/\/www.hashtag.al\/wp-content\/uploads\/2019\/04\/imke-3.jpg 587w, https:\/\/www.hashtag.al\/wp-content\/uploads\/2019\/04\/imke-3-300x252.jpg 300w\" sizes=\"auto, (max-width: 587px) 100vw, 587px\" \/><\/p>\n","protected":false,"gt_translate_keys":[{"key":"rendered","format":"html"}]},"excerpt":{"rendered":"<p>Trajnerja e par\u00eb fem\u00ebr e nj\u00eb ekipi futbolli n\u00eb 5 ligat profesioniste t\u00eb futbollit gjerman, Imke W\u00fcbbenhorst, pushtoi titujt e par\u00eb t\u00eb mediave sportive n\u00eb Gjermani\u00a0 n\u00eb muajin dhjetor, duke thyer nj\u00eb tabu si rasti i par\u00eb n\u00eb histori. Pas k\u00ebsaj, ajo i ka pushtuar s\u00ebrish faqet e para t\u00eb mediave, por k\u00ebt\u00eb her\u00eb p\u00ebr [&hellip;]<\/p>\n","protected":false,"gt_translate_keys":[{"key":"rendered","format":"html"}]},"author":51,"featured_media":292164,"comment_status":"open","ping_status":"open","sticky":false,"template":"","format":"standard","meta":{"footnotes":""},"categories":[134],"tags":[],"class_list":["post-292163","post","type-post","status-publish","format-standard","has-post-thumbnail","hentry","category-sport"],"gt_translate_keys":[{"key":"link","format":"url"}],"_links":{"self":[{"href":"https:\/\/www.hashtag.al\/index.php\/wp-json\/wp\/v2\/posts\/292163","targetHints":{"allow":["GET"]}}],"collection":[{"href":"https:\/\/www.hashtag.al\/index.php\/wp-json\/wp\/v2\/posts"}],"about":[{"href":"https:\/\/www.hashtag.al\/index.php\/wp-json\/wp\/v2\/types\/post"}],"author":[{"embeddable":true,"href":"https:\/\/www.hashtag.al\/index.php\/wp-json\/wp\/v2\/users\/51"}],"replies":[{"embeddable":true,"href":"https:\/\/www.hashtag.al\/index.php\/wp-json\/wp\/v2\/comments?post=292163"}],"version-history":[{"count":0,"href":"https:\/\/www.hashtag.al\/index.php\/wp-json\/wp\/v2\/posts\/292163\/revisions"}],"wp:featuredmedia":[{"embeddable":true,"href":"https:\/\/www.hashtag.al\/index.php\/wp-json\/wp\/v2\/media\/292164"}],"wp:attachment":[{"href":"https:\/\/www.hashtag.al\/index.php\/wp-json\/wp\/v2\/media?parent=292163"}],"wp:term":[{"taxonomy":"category","embeddable":true,"href":"https:\/\/www.hashtag.al\/index.php\/wp-json\/wp\/v2\/categories?post=292163"},{"taxonomy":"post_tag","embeddable":true,"href":"https:\/\/www.hashtag.al\/index.php\/wp-json\/wp\/v2\/tags?post=292163"}],"curies":[{"name":"wp","href":"https:\/\/api.w.org\/{rel}","templated":true}]}}