{"id":292081,"date":"2019-04-24T10:52:29","date_gmt":"2019-04-24T08:52:29","guid":{"rendered":"https:\/\/hashtag.al\/?p=292081"},"modified":"2019-04-24T10:57:51","modified_gmt":"2019-04-24T08:57:51","slug":"fraza-identike-a-po-imitojne-ramen-rudina-me-astritin","status":"publish","type":"post","link":"https:\/\/www.hashtag.al\/index.php\/2019\/04\/24\/fraza-identike-a-po-imitojne-ramen-rudina-me-astritin\/","title":{"rendered":"FRAZA IDENTIKE &#8211; A po imitojn\u00eb Ram\u00ebn, Rudina me Astritin?","gt_translate_keys":[{"key":"rendered","format":"text"}]},"content":{"rendered":"<p><img loading=\"lazy\" decoding=\"async\" class=\"aligncenter size-full wp-image-292087\" src=\"https:\/\/hashtag.al\/wp-content\/uploads\/2019\/04\/Rudina-Patozi-Rama.jpg\" alt=\"\" width=\"2000\" height=\"920\" srcset=\"https:\/\/www.hashtag.al\/wp-content\/uploads\/2019\/04\/Rudina-Patozi-Rama.jpg 2000w, https:\/\/www.hashtag.al\/wp-content\/uploads\/2019\/04\/Rudina-Patozi-Rama-300x138.jpg 300w, https:\/\/www.hashtag.al\/wp-content\/uploads\/2019\/04\/Rudina-Patozi-Rama-768x353.jpg 768w, https:\/\/www.hashtag.al\/wp-content\/uploads\/2019\/04\/Rudina-Patozi-Rama-1024x471.jpg 1024w\" sizes=\"auto, (max-width: 2000px) 100vw, 2000px\" \/><\/p>\n<p><span style=\"color: #000000;\">Astrit Patozi dhe Rudina Hajdari, duket se p\u00ebrdorin t\u00eb nj\u00ebjt\u00ebn retorik\u00eb si kryeministri Edi Rama. N\u00eb nj\u00eb koh\u00eb kur Patozi ka deklaruar krijimin e nj\u00eb partie t\u00eb re t\u00eb quajtur &#8220;Bindja Demokratike&#8221;, ai ka p\u00ebrdorur t\u00eb nj\u00ebjt\u00ebn fraz\u00eb si Rama muaj m\u00eb par\u00eb.<\/span><\/p>\n<p><span style=\"color: #000000;\">Gjat\u00eb nj\u00eb interviste n\u00eb televizionin ABC News, e para intervist\u00eb e tij si drejtues i nj\u00eb grupi politik, Patozi tha se n\u00eb postin e ri do t\u00eb ndihet si Ronaldo n\u00eb koh\u00ebn kur shkoi te Juventuas pas nj\u00eb periudhe t\u00eb gjat\u00eb n\u00eb Madrid.<\/span><\/p>\n<p><span style=\"color: #000000;\"><em>\u201cKjo \u00ebsht\u00eb nj\u00eb gj\u00eb q\u00eb nuk e kisha menduar m\u00eb par\u00eb, por kam p\u00ebrshtypjen se \u00ebsht\u00eb si ndjesia e Ronaldos kur ka shkuar te Juventus pasi q\u00ebndroi te Real Madridi p\u00ebr nj\u00eb koh\u00eb t\u00eb gjat\u00eb. Jan\u00eb gj\u00ebra q\u00eb ndodhin n\u00eb jet\u00eb\u201d,<\/em> tha Patozi.<\/span><\/p>\n<p><img loading=\"lazy\" decoding=\"async\" class=\"aligncenter size-full wp-image-292085\" src=\"https:\/\/hashtag.al\/wp-content\/uploads\/2019\/04\/PATOZII.jpg\" alt=\"\" width=\"749\" height=\"451\" srcset=\"https:\/\/www.hashtag.al\/wp-content\/uploads\/2019\/04\/PATOZII.jpg 749w, https:\/\/www.hashtag.al\/wp-content\/uploads\/2019\/04\/PATOZII-300x181.jpg 300w\" sizes=\"auto, (max-width: 749px) 100vw, 749px\" \/><\/p>\n<p><span style=\"color: #000000;\">Kujtojm\u00eb se kryeministri Rama, gjat\u00eb nj\u00eb interviste p\u00ebr televizionin RAI e krahasoi veten me yllin e Juventusit. Nd\u00ebrsa fliste p\u00ebr protestat e opozit\u00ebs, Rama tha se nuk do t\u00eb mund t\u00eb hedh\u00eb pushtetin e tij vet\u00ebm p\u00ebr kapri\u00e7on pse ai \u00ebsht\u00eb m\u00eb i miri, nj\u00ebsoj si Ronaldo.<\/span><\/p>\n<p><span style=\"color: #000000;\"><em>&#8220;\u00cbsht\u00eb sikur t\u00eb k\u00ebrkosh nga Juventus, meq\u00eb \u00ebsht\u00eb shum\u00eb i fort\u00eb, t\u00eb pranoj\u00eb q\u00eb formacionin t\u2019ia b\u00ebjn\u00eb t\u00eb tjer\u00ebt, jo trajneri i tyre dhe q\u00eb kampionati t\u00eb nis\u00eb s\u00ebrish nga fillimi\u2026 pa Ronaldon&#8221;<\/em>, thot\u00eb Rama p\u00ebr veten.<\/span><\/p>\n<p><img loading=\"lazy\" decoding=\"async\" class=\"aligncenter size-full wp-image-292084\" src=\"https:\/\/hashtag.al\/wp-content\/uploads\/2019\/04\/Edi.jpg\" alt=\"\" width=\"707\" height=\"705\" srcset=\"https:\/\/www.hashtag.al\/wp-content\/uploads\/2019\/04\/Edi.jpg 707w, https:\/\/www.hashtag.al\/wp-content\/uploads\/2019\/04\/Edi-150x150.jpg 150w, https:\/\/www.hashtag.al\/wp-content\/uploads\/2019\/04\/Edi-300x300.jpg 300w, https:\/\/www.hashtag.al\/wp-content\/uploads\/2019\/04\/Edi-120x120.jpg 120w\" sizes=\"auto, (max-width: 707px) 100vw, 707px\" \/><\/p>\n<p><span style=\"color: #000000;\">Patozi nuk \u00ebsht\u00eb i vetmi q\u00eb duket se p\u00ebrdor t\u00eb nj\u00ebjtat fraza me Ram\u00ebn. Edhe Rudina Hajdari, e cila ka dy vite n\u00eb politik\u00eb, ka p\u00ebrdorur t\u00eb nj\u00ebjtat shprehi me Ram\u00ebn. <\/span><span style=\"color: #000000;\">Pak dit\u00eb m\u00eb par\u00eb, Hajdari tha se bojkotimi i zgjedhjeve do t\u00eb ishte nj\u00eb vet\u00ebvrasje politike.<\/span><\/p>\n<p><span style=\"color: #000000;\"><em>\u201cNe nuk jemi dakord me bojkotimin e zgjedhjeve, si nj\u00eb alternative opozitare, kund\u00ebr cil\u00ebsdo qeverie, sado e kompromentuar &amp; e korruptuar qoft\u00eb ajo. Ne e konsiderojm\u00eb at\u00eb si vet\u00ebvrasje politike. E vetmja rrug\u00eb p\u00ebr t\u00eb ndryshuar pushtetin n\u00eb nj\u00eb vend demokratik jan\u00eb zgjedhjet\u201d<\/em>-shkruan ajo.<\/span><\/p>\n<p><img loading=\"lazy\" decoding=\"async\" class=\"aligncenter size-full wp-image-292082\" src=\"https:\/\/hashtag.al\/wp-content\/uploads\/2019\/04\/HAJDARI-RUDINA.jpg\" alt=\"\" width=\"577\" height=\"476\" srcset=\"https:\/\/www.hashtag.al\/wp-content\/uploads\/2019\/04\/HAJDARI-RUDINA.jpg 577w, https:\/\/www.hashtag.al\/wp-content\/uploads\/2019\/04\/HAJDARI-RUDINA-300x247.jpg 300w\" sizes=\"auto, (max-width: 577px) 100vw, 577px\" \/><\/p>\n<p>&nbsp;<\/p>\n<p><span style=\"color: #000000;\">Edhe kryeministri Rama, ka p\u00ebrdorur t\u00eb nj\u00ebjtat fjal\u00eb pas n\u00ebnshkrimit t\u00eb marr\u00ebveshjes s\u00eb koalicionit opozitar.<\/span><\/p>\n<p><span style=\"color: #000000;\">N\u00eb nj\u00eb status n\u00eb Twitter, Rama e quan koalicionin nj\u00eb vet\u00ebvrasje politike.<\/span><\/p>\n<p><span style=\"color: #000000;\"><em>&#8220;Pas djegies s\u00eb mandateve, koalicioni kund\u00ebr zgjedhjeve nj\u00eb tjet\u00ebr form\u00eb e pad\u00ebgjuar vet\u00ebvrasjeje politike! Humb\u00ebsit kronik\u00eb jan\u00eb peng i d\u00ebshp\u00ebrimit t\u00eb tyre, po Shqip\u00ebrin\u00eb s\u2019e marrin dot peng. Zgjedhjet as ndalen as shtyhen. N\u00eb 30 qershor qytetar\u00ebt do flasin me vot\u00eb n\u00eb \u00e7do bashki.&#8221;,<\/em> shkruan Rama. K\u00ebshtu, retorika e p\u00ebrdorur nga k\u00ebta dy politikan\u00eb, duket se shkon n\u00eb t\u00eb nj\u00ebjt\u00ebn linj\u00eb me retorik\u00ebn e p\u00ebrdorur nga Rama.<\/span><\/p>\n<p><img loading=\"lazy\" decoding=\"async\" class=\"aligncenter size-full wp-image-292083\" src=\"https:\/\/hashtag.al\/wp-content\/uploads\/2019\/04\/RAMA.jpg\" alt=\"\" width=\"584\" height=\"145\" srcset=\"https:\/\/www.hashtag.al\/wp-content\/uploads\/2019\/04\/RAMA.jpg 584w, https:\/\/www.hashtag.al\/wp-content\/uploads\/2019\/04\/RAMA-300x74.jpg 300w\" sizes=\"auto, (max-width: 584px) 100vw, 584px\" \/><\/p>\n","protected":false,"gt_translate_keys":[{"key":"rendered","format":"html"}]},"excerpt":{"rendered":"<p>Astrit Patozi dhe Rudina Hajdari, duket se p\u00ebrdorin t\u00eb nj\u00ebjt\u00ebn retorik\u00eb si kryeministri Edi Rama. N\u00eb nj\u00eb koh\u00eb kur Patozi ka deklaruar krijimin e nj\u00eb partie t\u00eb re t\u00eb quajtur &#8220;Bindja Demokratike&#8221;, ai ka p\u00ebrdorur t\u00eb nj\u00ebjt\u00ebn fraz\u00eb si Rama muaj m\u00eb par\u00eb. Gjat\u00eb nj\u00eb interviste n\u00eb televizionin ABC News, e para intervist\u00eb e tij [&hellip;]<\/p>\n","protected":false,"gt_translate_keys":[{"key":"rendered","format":"html"}]},"author":30,"featured_media":292087,"comment_status":"open","ping_status":"open","sticky":false,"template":"","format":"standard","meta":{"footnotes":""},"categories":[53,65],"tags":[],"class_list":["post-292081","post","type-post","status-publish","format-standard","has-post-thumbnail","hentry","category-fast-foodi","category-lajme"],"gt_translate_keys":[{"key":"link","format":"url"}],"_links":{"self":[{"href":"https:\/\/www.hashtag.al\/index.php\/wp-json\/wp\/v2\/posts\/292081","targetHints":{"allow":["GET"]}}],"collection":[{"href":"https:\/\/www.hashtag.al\/index.php\/wp-json\/wp\/v2\/posts"}],"about":[{"href":"https:\/\/www.hashtag.al\/index.php\/wp-json\/wp\/v2\/types\/post"}],"author":[{"embeddable":true,"href":"https:\/\/www.hashtag.al\/index.php\/wp-json\/wp\/v2\/users\/30"}],"replies":[{"embeddable":true,"href":"https:\/\/www.hashtag.al\/index.php\/wp-json\/wp\/v2\/comments?post=292081"}],"version-history":[{"count":0,"href":"https:\/\/www.hashtag.al\/index.php\/wp-json\/wp\/v2\/posts\/292081\/revisions"}],"wp:featuredmedia":[{"embeddable":true,"href":"https:\/\/www.hashtag.al\/index.php\/wp-json\/wp\/v2\/media\/292087"}],"wp:attachment":[{"href":"https:\/\/www.hashtag.al\/index.php\/wp-json\/wp\/v2\/media?parent=292081"}],"wp:term":[{"taxonomy":"category","embeddable":true,"href":"https:\/\/www.hashtag.al\/index.php\/wp-json\/wp\/v2\/categories?post=292081"},{"taxonomy":"post_tag","embeddable":true,"href":"https:\/\/www.hashtag.al\/index.php\/wp-json\/wp\/v2\/tags?post=292081"}],"curies":[{"name":"wp","href":"https:\/\/api.w.org\/{rel}","templated":true}]}}