{"id":292001,"date":"2019-04-23T20:21:22","date_gmt":"2019-04-23T18:21:22","guid":{"rendered":"https:\/\/hashtag.al\/?p=292001"},"modified":"2019-04-23T20:21:22","modified_gmt":"2019-04-23T18:21:22","slug":"vetevendosje-regjistrohet-zyrtarisht-si-ojf-ne-shqiperi","status":"publish","type":"post","link":"https:\/\/www.hashtag.al\/index.php\/2019\/04\/23\/vetevendosje-regjistrohet-zyrtarisht-si-ojf-ne-shqiperi\/","title":{"rendered":"Vet\u00ebvendosje regjistrohet zyrtarisht si OJF n\u00eb Shqip\u00ebri","gt_translate_keys":[{"key":"rendered","format":"text"}]},"content":{"rendered":"<p><img loading=\"lazy\" decoding=\"async\" class=\"aligncenter size-full wp-image-288428\" src=\"https:\/\/hashtag.al\/wp-content\/uploads\/2019\/04\/56539181_310913329592796_7239783374502494208_n.jpg\" alt=\"\" width=\"2048\" height=\"1536\" srcset=\"https:\/\/www.hashtag.al\/wp-content\/uploads\/2019\/04\/56539181_310913329592796_7239783374502494208_n.jpg 2048w, https:\/\/www.hashtag.al\/wp-content\/uploads\/2019\/04\/56539181_310913329592796_7239783374502494208_n-300x225.jpg 300w, https:\/\/www.hashtag.al\/wp-content\/uploads\/2019\/04\/56539181_310913329592796_7239783374502494208_n-768x576.jpg 768w, https:\/\/www.hashtag.al\/wp-content\/uploads\/2019\/04\/56539181_310913329592796_7239783374502494208_n-1024x768.jpg 1024w\" sizes=\"auto, (max-width: 2048px) 100vw, 2048px\" \/><\/p>\n<p><span style=\"color: #000000;\">L\u00ebvizja Vet\u00ebvendosje \u00ebsht\u00eb regjistruar zyrtarisht n\u00eb Tiran\u00eb. Gjykata e Tiran\u00ebs e ka marr\u00eb vendimin jav\u00ebn e kaluar p\u00ebr ta miratuar regjistrimin e Qendr\u00ebs \u201cL\u00ebvizja Vet\u00ebvendosje\u201d n\u00eb Shqip\u00ebri me statusin e organizat\u00ebs jo fitimprur\u00ebse (OJF).<\/span><\/p>\n<p><span style=\"color: #000000;\">VV e vler\u00ebson k\u00ebt\u00eb vendim t\u00eb marr\u00eb bazuar mbi ligjet dhe shtetin e s\u00eb drejt\u00ebs. Drejtori\u00a0 ekzekutiv i \u201cL\u00ebvizja Vet\u00ebvendosje\u201d n\u00eb Shqip\u00ebri , Bojken Abazi, thot\u00eb se ky akt \u00ebsht\u00eb vazhdim\u00ebsi e aktivitetit t\u00eb VV-s\u00eb disa vje\u00e7ar n\u00eb Republik\u00ebn e Shqip\u00ebris\u00eb, por tashm\u00eb n\u00eb nj\u00eb form\u00eb t\u00eb re.<\/span><\/p>\n<p><span style=\"color: #000000;\">\u201c<em>Jav\u00ebn e kaluar, Gjykata e Rrethit Gjyq\u00ebsor Tiran\u00eb ka marr\u00eb vendimin p\u00ebr ta miratuar regjistrimin e Qendr\u00ebs \u201cL\u00ebvizja VET\u00cbVENDOSJE! n\u00eb Shqip\u00ebri\u201d me statusin e organizat\u00ebs jo fitimprur\u00ebse (OJF). Ne e vler\u00ebsojm\u00eb k\u00ebt\u00eb vendim t\u00eb marr\u00eb bazuar mbi ligjet dhe shtetin e s\u00eb drejt\u00ebs.<\/em><\/span><\/p>\n<p><span style=\"color: #000000;\"><em>Ky akt \u00ebsht\u00eb vazhdim\u00ebsi e aktivitetit ton\u00eb disa vje\u00e7ar n\u00eb Republik\u00ebn e Shqip\u00ebris\u00eb, por tashm\u00eb n\u00eb nj\u00eb form\u00eb t\u00eb re. N\u00eb q\u00ebllim dhe motiv, n\u00eb parim dhe veprim, p\u00ebrmes k\u00ebtij themelimi ne do t\u00eb angazhohemi p\u00ebr aspirat\u00ebn shekullore t\u00eb shqiptar\u00ebve p\u00ebr bashkim komb\u00ebtar, ashtu si\u00e7 shprehet edhe n\u00eb Preambul\u00ebn e Kushtetut\u00ebs s\u00eb Republik\u00ebs s\u00eb Shqip\u00ebris\u00eb, bashk\u00eb me p\u00ebrpjekjen p\u00ebr nj\u00eb shtet zhvillimor q\u00eb lufton pabarazit\u00eb e m\u00ebdha ekonomike qe jan\u00eb krijuar<\/em>\u201d-shkruan n\u00eb nj\u00eb postim n\u00eb Facebook drejtori ekzekutiv Bojken Abazi.<\/span><\/p>\n","protected":false,"gt_translate_keys":[{"key":"rendered","format":"html"}]},"excerpt":{"rendered":"<p>L\u00ebvizja Vet\u00ebvendosje \u00ebsht\u00eb regjistruar zyrtarisht n\u00eb Tiran\u00eb. Gjykata e Tiran\u00ebs e ka marr\u00eb vendimin jav\u00ebn e kaluar p\u00ebr ta miratuar regjistrimin e Qendr\u00ebs \u201cL\u00ebvizja Vet\u00ebvendosje\u201d n\u00eb Shqip\u00ebri me statusin e organizat\u00ebs jo fitimprur\u00ebse (OJF). VV e vler\u00ebson k\u00ebt\u00eb vendim t\u00eb marr\u00eb bazuar mbi ligjet dhe shtetin e s\u00eb drejt\u00ebs. Drejtori\u00a0 ekzekutiv i \u201cL\u00ebvizja Vet\u00ebvendosje\u201d n\u00eb [&hellip;]<\/p>\n","protected":false,"gt_translate_keys":[{"key":"rendered","format":"html"}]},"author":32,"featured_media":288428,"comment_status":"open","ping_status":"open","sticky":false,"template":"","format":"standard","meta":{"footnotes":""},"categories":[65,13],"tags":[],"class_list":["post-292001","post","type-post","status-publish","format-standard","has-post-thumbnail","hentry","category-lajme","category-te-fundit"],"gt_translate_keys":[{"key":"link","format":"url"}],"_links":{"self":[{"href":"https:\/\/www.hashtag.al\/index.php\/wp-json\/wp\/v2\/posts\/292001","targetHints":{"allow":["GET"]}}],"collection":[{"href":"https:\/\/www.hashtag.al\/index.php\/wp-json\/wp\/v2\/posts"}],"about":[{"href":"https:\/\/www.hashtag.al\/index.php\/wp-json\/wp\/v2\/types\/post"}],"author":[{"embeddable":true,"href":"https:\/\/www.hashtag.al\/index.php\/wp-json\/wp\/v2\/users\/32"}],"replies":[{"embeddable":true,"href":"https:\/\/www.hashtag.al\/index.php\/wp-json\/wp\/v2\/comments?post=292001"}],"version-history":[{"count":0,"href":"https:\/\/www.hashtag.al\/index.php\/wp-json\/wp\/v2\/posts\/292001\/revisions"}],"wp:featuredmedia":[{"embeddable":true,"href":"https:\/\/www.hashtag.al\/index.php\/wp-json\/wp\/v2\/media\/288428"}],"wp:attachment":[{"href":"https:\/\/www.hashtag.al\/index.php\/wp-json\/wp\/v2\/media?parent=292001"}],"wp:term":[{"taxonomy":"category","embeddable":true,"href":"https:\/\/www.hashtag.al\/index.php\/wp-json\/wp\/v2\/categories?post=292001"},{"taxonomy":"post_tag","embeddable":true,"href":"https:\/\/www.hashtag.al\/index.php\/wp-json\/wp\/v2\/tags?post=292001"}],"curies":[{"name":"wp","href":"https:\/\/api.w.org\/{rel}","templated":true}]}}