{"id":291836,"date":"2019-04-23T09:33:00","date_gmt":"2019-04-23T07:33:00","guid":{"rendered":"https:\/\/hashtag.al\/?p=291836"},"modified":"2019-04-23T09:33:00","modified_gmt":"2019-04-23T07:33:00","slug":"new-ira-pranon-vrasjen-e-gazetares-ne-irlande-po-qendronte-prane-armikut-ndjese-familjes","status":"publish","type":"post","link":"https:\/\/www.hashtag.al\/index.php\/2019\/04\/23\/new-ira-pranon-vrasjen-e-gazetares-ne-irlande-po-qendronte-prane-armikut-ndjese-familjes\/","title":{"rendered":"&#8220;New IRA&#8221; pranon vrasjen e gazetares n\u00eb Irland\u00eb: Po q\u00ebndronte pran\u00eb armikut, ndjes\u00eb familjes","gt_translate_keys":[{"key":"rendered","format":"text"}]},"content":{"rendered":"<p><img loading=\"lazy\" decoding=\"async\" class=\"aligncenter size-full wp-image-291838\" src=\"https:\/\/hashtag.al\/wp-content\/uploads\/2019\/04\/lyra-2.jpg\" alt=\"\" width=\"624\" height=\"414\" srcset=\"https:\/\/www.hashtag.al\/wp-content\/uploads\/2019\/04\/lyra-2.jpg 624w, https:\/\/www.hashtag.al\/wp-content\/uploads\/2019\/04\/lyra-2-300x199.jpg 300w\" sizes=\"auto, (max-width: 624px) 100vw, 624px\" \/><\/p>\n<p><span style=\"color: #000000;\">\u201cNew IRA\u201d, grupi i disident\u00ebve republikan\u00eb q\u00eb frym\u00ebzohet nga \u201cIRA\u201d, organizata tashm\u00eb jo aktive q\u00eb ka luftuar rreth 30 vite p\u00ebr pavar\u00ebsin\u00eb e Irland\u00ebs s\u00eb Veriut, ka pranuar se ka vrar\u00eb gazetaren 29-vje\u00e7are Lyra McKee gjat\u00eb p\u00ebrplasjeve me policin\u00eb dit\u00ebn e enjte n\u00eb Londonderry.<\/span><\/p>\n<p><span style=\"color: #000000;\">N\u00eb nj\u00eb deklarat\u00eb n\u00eb let\u00ebr, grupi i ka k\u00ebrkuar falje familjes dhe miqtve t\u00eb gazetares, duke th\u00ebn\u00eb se vrasja ka ndodhur n\u00eb m\u00ebnyr\u00eb aksidentale.<\/span><\/p>\n<p><span style=\"color: #000000;\"><em>&#8220;Ne i kemi udh\u00ebzuar vullnetar\u00ebt tan\u00eb q\u00eb t\u00eb tregojn\u00eb kujdes maksimal n\u00eb t\u00eb ardhmen kur t\u00eb angazhohen kund\u00ebr armikut dhe t\u00eb marrin masa p\u00ebr k\u00ebt\u00eb. Gjat\u00eb sulmimit t\u00eb armikut, Lyra McKee u vra tragjikisht nd\u00ebrsa q\u00ebndronte pran\u00eb forcave t\u00eb armikut. IRA i d\u00ebrgon faljet tona t\u00eb sinqerta partneres, familjes dhe miqve t\u00eb Lyra McKee p\u00ebr vdekjen e saj.&#8221;<\/em>, thuhet n\u00eb deklarat\u00ebn e organizat\u00ebs.<\/span><\/p>\n<p><img loading=\"lazy\" decoding=\"async\" class=\"aligncenter size-full wp-image-291839\" src=\"https:\/\/hashtag.al\/wp-content\/uploads\/2019\/04\/Lyra-1.jpg\" alt=\"\" width=\"660\" height=\"371\" srcset=\"https:\/\/www.hashtag.al\/wp-content\/uploads\/2019\/04\/Lyra-1.jpg 660w, https:\/\/www.hashtag.al\/wp-content\/uploads\/2019\/04\/Lyra-1-300x169.jpg 300w\" sizes=\"auto, (max-width: 660px) 100vw, 660px\" \/><\/p>\n<p><span style=\"color: #000000;\">Deklarata e New IRA-s vjen pasi partia politike e majt\u00eb \u00a0Saoradh &#8211; e cila ka mb\u00ebshtetjen e k\u00ebsaj organizate- kishte k\u00ebrkuar t\u00eb justifikonte p\u00ebrdorimin e dhun\u00ebs n\u00eb demostratat e dit\u00ebs s\u00eb enjte. 29-vje\u00e7arja McKee, u q\u00ebllua n\u00eb kok\u00eb t\u00eb enjten mbr\u00ebma, nd\u00ebrsa v\u00ebzhgonte trazirat n\u00eb pron\u00ebn e Creggan t\u00eb Londonderry. <\/span><\/p>\n<p><span style=\"color: #000000;\">Ajo ndodhej ndodhej pran\u00eb nj\u00eb makine policie kur u godit me plumb n\u00eb kok\u00eb. Protestuesit hodh\u00ebn edhe bomba molotov ndaj automjeteve t\u00eb policis\u00eb, duke i v\u00ebn\u00eb flak\u00ebn disave p\u00ebr tyre.<\/span><\/p>\n<p><img loading=\"lazy\" decoding=\"async\" class=\"aligncenter size-full wp-image-291837\" src=\"https:\/\/hashtag.al\/wp-content\/uploads\/2019\/04\/lyra-3.jpg\" alt=\"\" width=\"624\" height=\"351\" srcset=\"https:\/\/www.hashtag.al\/wp-content\/uploads\/2019\/04\/lyra-3.jpg 624w, https:\/\/www.hashtag.al\/wp-content\/uploads\/2019\/04\/lyra-3-300x169.jpg 300w\" sizes=\"auto, (max-width: 624px) 100vw, 624px\" \/><\/p>\n<p>&nbsp;<\/p>\n","protected":false,"gt_translate_keys":[{"key":"rendered","format":"html"}]},"excerpt":{"rendered":"<p>\u201cNew IRA\u201d, grupi i disident\u00ebve republikan\u00eb q\u00eb frym\u00ebzohet nga \u201cIRA\u201d, organizata tashm\u00eb jo aktive q\u00eb ka luftuar rreth 30 vite p\u00ebr pavar\u00ebsin\u00eb e Irland\u00ebs s\u00eb Veriut, ka pranuar se ka vrar\u00eb gazetaren 29-vje\u00e7are Lyra McKee gjat\u00eb p\u00ebrplasjeve me policin\u00eb dit\u00ebn e enjte n\u00eb Londonderry. N\u00eb nj\u00eb deklarat\u00eb n\u00eb let\u00ebr, grupi i ka k\u00ebrkuar falje familjes [&hellip;]<\/p>\n","protected":false,"gt_translate_keys":[{"key":"rendered","format":"html"}]},"author":30,"featured_media":291839,"comment_status":"open","ping_status":"open","sticky":false,"template":"","format":"standard","meta":{"footnotes":""},"categories":[65,13],"tags":[],"class_list":["post-291836","post","type-post","status-publish","format-standard","has-post-thumbnail","hentry","category-lajme","category-te-fundit"],"gt_translate_keys":[{"key":"link","format":"url"}],"_links":{"self":[{"href":"https:\/\/www.hashtag.al\/index.php\/wp-json\/wp\/v2\/posts\/291836","targetHints":{"allow":["GET"]}}],"collection":[{"href":"https:\/\/www.hashtag.al\/index.php\/wp-json\/wp\/v2\/posts"}],"about":[{"href":"https:\/\/www.hashtag.al\/index.php\/wp-json\/wp\/v2\/types\/post"}],"author":[{"embeddable":true,"href":"https:\/\/www.hashtag.al\/index.php\/wp-json\/wp\/v2\/users\/30"}],"replies":[{"embeddable":true,"href":"https:\/\/www.hashtag.al\/index.php\/wp-json\/wp\/v2\/comments?post=291836"}],"version-history":[{"count":0,"href":"https:\/\/www.hashtag.al\/index.php\/wp-json\/wp\/v2\/posts\/291836\/revisions"}],"wp:featuredmedia":[{"embeddable":true,"href":"https:\/\/www.hashtag.al\/index.php\/wp-json\/wp\/v2\/media\/291839"}],"wp:attachment":[{"href":"https:\/\/www.hashtag.al\/index.php\/wp-json\/wp\/v2\/media?parent=291836"}],"wp:term":[{"taxonomy":"category","embeddable":true,"href":"https:\/\/www.hashtag.al\/index.php\/wp-json\/wp\/v2\/categories?post=291836"},{"taxonomy":"post_tag","embeddable":true,"href":"https:\/\/www.hashtag.al\/index.php\/wp-json\/wp\/v2\/tags?post=291836"}],"curies":[{"name":"wp","href":"https:\/\/api.w.org\/{rel}","templated":true}]}}