{"id":291828,"date":"2019-04-23T08:40:36","date_gmt":"2019-04-23T06:40:36","guid":{"rendered":"https:\/\/hashtag.al\/?p=291828"},"modified":"2019-04-23T08:40:36","modified_gmt":"2019-04-23T06:40:36","slug":"aksident-ne-elbasan-27-vjecari-lihet-ne-mes-te-rruges","status":"publish","type":"post","link":"https:\/\/www.hashtag.al\/index.php\/2019\/04\/23\/aksident-ne-elbasan-27-vjecari-lihet-ne-mes-te-rruges\/","title":{"rendered":"Aksident n\u00eb Elbasan, 27-vje\u00e7ari lihet n\u00eb mes t\u00eb rrug\u00ebs","gt_translate_keys":[{"key":"rendered","format":"text"}]},"content":{"rendered":"<p><img loading=\"lazy\" decoding=\"async\" class=\"aligncenter size-full wp-image-291829\" src=\"https:\/\/hashtag.al\/wp-content\/uploads\/2019\/04\/aksident-2.jpg\" alt=\"\" width=\"806\" height=\"419\" srcset=\"https:\/\/www.hashtag.al\/wp-content\/uploads\/2019\/04\/aksident-2.jpg 806w, https:\/\/www.hashtag.al\/wp-content\/uploads\/2019\/04\/aksident-2-300x156.jpg 300w, https:\/\/www.hashtag.al\/wp-content\/uploads\/2019\/04\/aksident-2-768x399.jpg 768w\" sizes=\"auto, (max-width: 806px) 100vw, 806px\" \/><\/p>\n<p><span style=\"color: #000000;\">Nj\u00eb aksident i r\u00ebnd\u00eb ka ndodhur n\u00eb or\u00ebt e para t\u00eb m\u00ebngjesit t\u00eb sot\u00ebm n\u00eb aksin rrugor Elbasan-Peqin. M\u00ebsohet se nj\u00eb 27-vje\u00e7ar me inicialet S.V \u00ebsht\u00eb gjetur i aksidentuar n\u00eb an\u00eb t\u00eb rrug\u00ebs. I riu me inicialet S.V mendohet se \u00ebsht\u00eb p\u00ebrplasur nga nj\u00eb moto\u00e7iklet\u00eb e cila m\u00eb pas \u00ebsht\u00eb larguar nga vendngjarja.<\/span><\/p>\n<p><span style=\"color: #000000;\">27-vje\u00e7ari \u00ebsht\u00eb d\u00ebrguar drejt spitalit, mir\u00ebpo fatkeq\u00ebsisht ka nd\u00ebrruar jet\u00eb rrug\u00ebs.<\/span><\/p>\n<p><em><span style=\"color: #000000;\">&#8220;N\u00eb aksin rrugor Elbasan- Peqin, n\u00eb fshatin Pajov\u00eb , n\u00eb an\u00eb t\u00eb rrug\u00ebs\u00a0 \u00ebsht\u00eb gjetur i aksidentuar shtetasi S.V., 27 vje\u00e7, i cili ka nd\u00ebrruar jet\u00eb rrug\u00ebs p\u00ebr n\u00eb spital.<\/span><\/em><\/p>\n<p><span style=\"color: #000000;\"><em>Nga hetime paraprake dyshohet se personi \u00ebsht\u00eb goditur nga nj\u00eb moto\u00e7iklet e cila m\u00eb pas \u00ebsht\u00eb larguar nga vendngjarja. Grupi hetimor po punon p\u00ebr zbardhjen e plot\u00eb t\u00eb\u00a0 ngjarjes, identifikimin dhe kapjen e autorit.&#8221;<\/em>, thuhet n\u00eb njoftimin e policis\u00eb.<\/span><\/p>\n<p>&nbsp;<\/p>\n","protected":false,"gt_translate_keys":[{"key":"rendered","format":"html"}]},"excerpt":{"rendered":"<p>Nj\u00eb aksident i r\u00ebnd\u00eb ka ndodhur n\u00eb or\u00ebt e para t\u00eb m\u00ebngjesit t\u00eb sot\u00ebm n\u00eb aksin rrugor Elbasan-Peqin. M\u00ebsohet se nj\u00eb 27-vje\u00e7ar me inicialet S.V \u00ebsht\u00eb gjetur i aksidentuar n\u00eb an\u00eb t\u00eb rrug\u00ebs. I riu me inicialet S.V mendohet se \u00ebsht\u00eb p\u00ebrplasur nga nj\u00eb moto\u00e7iklet\u00eb e cila m\u00eb pas \u00ebsht\u00eb larguar nga vendngjarja. 27-vje\u00e7ari \u00ebsht\u00eb [&hellip;]<\/p>\n","protected":false,"gt_translate_keys":[{"key":"rendered","format":"html"}]},"author":30,"featured_media":291829,"comment_status":"open","ping_status":"open","sticky":false,"template":"","format":"standard","meta":{"footnotes":""},"categories":[65,13],"tags":[],"class_list":["post-291828","post","type-post","status-publish","format-standard","has-post-thumbnail","hentry","category-lajme","category-te-fundit"],"gt_translate_keys":[{"key":"link","format":"url"}],"_links":{"self":[{"href":"https:\/\/www.hashtag.al\/index.php\/wp-json\/wp\/v2\/posts\/291828","targetHints":{"allow":["GET"]}}],"collection":[{"href":"https:\/\/www.hashtag.al\/index.php\/wp-json\/wp\/v2\/posts"}],"about":[{"href":"https:\/\/www.hashtag.al\/index.php\/wp-json\/wp\/v2\/types\/post"}],"author":[{"embeddable":true,"href":"https:\/\/www.hashtag.al\/index.php\/wp-json\/wp\/v2\/users\/30"}],"replies":[{"embeddable":true,"href":"https:\/\/www.hashtag.al\/index.php\/wp-json\/wp\/v2\/comments?post=291828"}],"version-history":[{"count":0,"href":"https:\/\/www.hashtag.al\/index.php\/wp-json\/wp\/v2\/posts\/291828\/revisions"}],"wp:featuredmedia":[{"embeddable":true,"href":"https:\/\/www.hashtag.al\/index.php\/wp-json\/wp\/v2\/media\/291829"}],"wp:attachment":[{"href":"https:\/\/www.hashtag.al\/index.php\/wp-json\/wp\/v2\/media?parent=291828"}],"wp:term":[{"taxonomy":"category","embeddable":true,"href":"https:\/\/www.hashtag.al\/index.php\/wp-json\/wp\/v2\/categories?post=291828"},{"taxonomy":"post_tag","embeddable":true,"href":"https:\/\/www.hashtag.al\/index.php\/wp-json\/wp\/v2\/tags?post=291828"}],"curies":[{"name":"wp","href":"https:\/\/api.w.org\/{rel}","templated":true}]}}