{"id":291814,"date":"2019-04-23T08:22:35","date_gmt":"2019-04-23T06:22:35","guid":{"rendered":"https:\/\/hashtag.al\/?p=291814"},"modified":"2019-04-23T08:24:26","modified_gmt":"2019-04-23T06:24:26","slug":"dua-lipa-mes-femijeve-refugjate-ne-liban-tregon-si-familja-e-saj-u-largua-nga-lufta-ne-kosove","status":"publish","type":"post","link":"https:\/\/www.hashtag.al\/index.php\/2019\/04\/23\/dua-lipa-mes-femijeve-refugjate-ne-liban-tregon-si-familja-e-saj-u-largua-nga-lufta-ne-kosove\/","title":{"rendered":"Dua Lipa mes f\u00ebmij\u00ebve refugjat\u00eb n\u00eb Liban, tregon si familja e saj u largua nga lufta n\u00eb Kosov\u00eb","gt_translate_keys":[{"key":"rendered","format":"text"}]},"content":{"rendered":"<p>&nbsp;<\/p>\n<p><img loading=\"lazy\" decoding=\"async\" class=\"aligncenter size-full wp-image-291819\" src=\"https:\/\/hashtag.al\/wp-content\/uploads\/2019\/04\/DUA-1.jpg\" alt=\"\" width=\"636\" height=\"421\" srcset=\"https:\/\/www.hashtag.al\/wp-content\/uploads\/2019\/04\/DUA-1.jpg 636w, https:\/\/www.hashtag.al\/wp-content\/uploads\/2019\/04\/DUA-1-300x199.jpg 300w\" sizes=\"auto, (max-width: 636px) 100vw, 636px\" \/><\/p>\n<p><span style=\"color: #000000;\">N\u00eb vitin 1992, prind\u00ebrit e Dua Lip\u00ebs u larguan nga Kosova p\u00ebr t&#8217;i shp\u00ebtuar konfliktit dhe trazirave politike n\u00eb Ballkan.<\/span><\/p>\n<p><span style=\"color: #000000;\">Kjo \u00ebsht\u00eb arsyeja pse tri dit\u00ebt q\u00eb ajo kaloi n\u00eb Liban duke vizituar f\u00ebmij\u00ebt n\u00eb vendbanimet e refugjat\u00ebve, kan\u00eb patur shum\u00eb ndikim te ajo.<\/span><\/p>\n<p><span style=\"color: #000000;\"><em>&#8220;Kjo \u00ebsht\u00eb personale p\u00ebr mua. Prind\u00ebrit e mi ik\u00ebn nga nj\u00eb rajon i shkat\u00ebrruar nga lufta dhe nd\u00ebrtuan nj\u00eb jet\u00eb p\u00ebr veten e tyre n\u00eb nj\u00eb vend t\u00eb ri. Dhe secili prej f\u00ebmij\u00ebve refugjat\u00eb q\u00eb kam takuar ka prind\u00ebrit ashtu si un\u00eb, t\u00eb cil\u00ebt jan\u00eb p\u00ebrpjekur t\u00eb marrin vendimet m\u00eb t\u00eb mira q\u00eb mund t\u00eb kishin p\u00ebr familjet e tyre.&#8221;<\/em>, tha Dua n\u00eb nj\u00eb deklarat\u00eb, citon <span style=\"color: #0000ff;\"><a style=\"color: #0000ff;\" href=\"https:\/\/mymixfm.com\/news\/articles\/2019\/apr\/17\/dua-lipa-has-a-heartbreaking-emotional-yet-hopeful-experience-visiting-refugee-children-in-lebanon\/\">mymixfm.com.<\/a><\/span><\/span><\/p>\n<p><span style=\"color: #000000;\">F\u00ebmij\u00ebt q\u00eb Dua vizitoi k\u00ebrkojn\u00eb t\u00eb largohen nga konflikti tet\u00ebvje\u00e7ar n\u00eb Siri. Libani \u00ebsht\u00eb shnd\u00ebrruar n\u00eb sht\u00ebpin\u00eb e rreth nj\u00eb milion refugjat\u00ebve sirian\u00eb, gjysma e t\u00eb cil\u00ebve jan\u00eb f\u00ebmij\u00eb.<\/span><\/p>\n<p><span style=\"color: #000000;\"><em>&#8220;Ju nuk ndjeni me t\u00eb v\u00ebrtet\u00eb rrethanat e tmerrshme t\u00eb refugjat\u00ebve sirian\u00eb, derisa t&#8217;i shihni ato me syt\u00eb tuaj&#8221;<\/em>, tha Dua. <em>&#8220;Por gj\u00ebja m\u00eb e fuqishme q\u00eb pash\u00eb, ishte shpresa&#8221;.\u00a0<\/em><\/span><\/p>\n<p><span style=\"color: #000000;\"><em>&#8220;Un\u00eb gjithmon\u00eb besoj tek f\u00ebmij\u00ebt, sepse ata jan\u00eb e ardhmja jon\u00eb dhe ne duhet t\u00eb kujdesemi p\u00ebr ta,&#8221;<\/em> vuri n\u00eb dukje k\u00ebng\u00ebtarja me origjin\u00eb shqiptare.<\/span><\/p>\n<p><span style=\"color: #000000;\">Dua aktualisht po punon p\u00ebr albumin e saj t\u00eb dyt\u00eb.<\/span><\/p>\n<p><img loading=\"lazy\" decoding=\"async\" class=\"aligncenter size-full wp-image-291820\" src=\"https:\/\/hashtag.al\/wp-content\/uploads\/2019\/04\/lipa-1.jpg\" alt=\"\" width=\"765\" height=\"510\" srcset=\"https:\/\/www.hashtag.al\/wp-content\/uploads\/2019\/04\/lipa-1.jpg 765w, https:\/\/www.hashtag.al\/wp-content\/uploads\/2019\/04\/lipa-1-300x200.jpg 300w\" sizes=\"auto, (max-width: 765px) 100vw, 765px\" \/><\/p>\n<p><img loading=\"lazy\" decoding=\"async\" class=\"aligncenter size-full wp-image-291815\" src=\"https:\/\/hashtag.al\/wp-content\/uploads\/2019\/04\/liban.jpg\" alt=\"\" width=\"481\" height=\"595\" srcset=\"https:\/\/www.hashtag.al\/wp-content\/uploads\/2019\/04\/liban.jpg 481w, https:\/\/www.hashtag.al\/wp-content\/uploads\/2019\/04\/liban-243x300.jpg 243w\" sizes=\"auto, (max-width: 481px) 100vw, 481px\" \/><\/p>\n","protected":false,"gt_translate_keys":[{"key":"rendered","format":"html"}]},"excerpt":{"rendered":"<p>&nbsp; N\u00eb vitin 1992, prind\u00ebrit e Dua Lip\u00ebs u larguan nga Kosova p\u00ebr t&#8217;i shp\u00ebtuar konfliktit dhe trazirave politike n\u00eb Ballkan. Kjo \u00ebsht\u00eb arsyeja pse tri dit\u00ebt q\u00eb ajo kaloi n\u00eb Liban duke vizituar f\u00ebmij\u00ebt n\u00eb vendbanimet e refugjat\u00ebve, kan\u00eb patur shum\u00eb ndikim te ajo. &#8220;Kjo \u00ebsht\u00eb personale p\u00ebr mua. Prind\u00ebrit e mi ik\u00ebn nga [&hellip;]<\/p>\n","protected":false,"gt_translate_keys":[{"key":"rendered","format":"html"}]},"author":30,"featured_media":291820,"comment_status":"open","ping_status":"open","sticky":false,"template":"","format":"standard","meta":{"footnotes":""},"categories":[1],"tags":[],"class_list":["post-291814","post","type-post","status-publish","format-standard","has-post-thumbnail","hentry","category-uncategorized"],"gt_translate_keys":[{"key":"link","format":"url"}],"_links":{"self":[{"href":"https:\/\/www.hashtag.al\/index.php\/wp-json\/wp\/v2\/posts\/291814","targetHints":{"allow":["GET"]}}],"collection":[{"href":"https:\/\/www.hashtag.al\/index.php\/wp-json\/wp\/v2\/posts"}],"about":[{"href":"https:\/\/www.hashtag.al\/index.php\/wp-json\/wp\/v2\/types\/post"}],"author":[{"embeddable":true,"href":"https:\/\/www.hashtag.al\/index.php\/wp-json\/wp\/v2\/users\/30"}],"replies":[{"embeddable":true,"href":"https:\/\/www.hashtag.al\/index.php\/wp-json\/wp\/v2\/comments?post=291814"}],"version-history":[{"count":0,"href":"https:\/\/www.hashtag.al\/index.php\/wp-json\/wp\/v2\/posts\/291814\/revisions"}],"wp:featuredmedia":[{"embeddable":true,"href":"https:\/\/www.hashtag.al\/index.php\/wp-json\/wp\/v2\/media\/291820"}],"wp:attachment":[{"href":"https:\/\/www.hashtag.al\/index.php\/wp-json\/wp\/v2\/media?parent=291814"}],"wp:term":[{"taxonomy":"category","embeddable":true,"href":"https:\/\/www.hashtag.al\/index.php\/wp-json\/wp\/v2\/categories?post=291814"},{"taxonomy":"post_tag","embeddable":true,"href":"https:\/\/www.hashtag.al\/index.php\/wp-json\/wp\/v2\/tags?post=291814"}],"curies":[{"name":"wp","href":"https:\/\/api.w.org\/{rel}","templated":true}]}}