{"id":291793,"date":"2019-04-22T23:21:47","date_gmt":"2019-04-22T21:21:47","guid":{"rendered":"https:\/\/hashtag.al\/?p=291793"},"modified":"2019-04-22T23:21:47","modified_gmt":"2019-04-22T21:21:47","slug":"interi-futet-mes-te-medhenjve-per-talentin-e-ajaks","status":"publish","type":"post","link":"https:\/\/www.hashtag.al\/index.php\/2019\/04\/22\/interi-futet-mes-te-medhenjve-per-talentin-e-ajaks\/","title":{"rendered":"Interi futet mes t\u00eb m\u00ebdhenjve p\u00ebr talentin e Ajaks","gt_translate_keys":[{"key":"rendered","format":"text"}]},"content":{"rendered":"<p><img loading=\"lazy\" decoding=\"async\" class=\"aligncenter size-full wp-image-291794\" src=\"https:\/\/hashtag.al\/wp-content\/uploads\/2019\/04\/ajaxxx-1.jpg\" alt=\"\" width=\"1280\" height=\"720\" srcset=\"https:\/\/www.hashtag.al\/wp-content\/uploads\/2019\/04\/ajaxxx-1.jpg 1280w, https:\/\/www.hashtag.al\/wp-content\/uploads\/2019\/04\/ajaxxx-1-300x169.jpg 300w, https:\/\/www.hashtag.al\/wp-content\/uploads\/2019\/04\/ajaxxx-1-768x432.jpg 768w, https:\/\/www.hashtag.al\/wp-content\/uploads\/2019\/04\/ajaxxx-1-1024x576.jpg 1024w\" sizes=\"auto, (max-width: 1280px) 100vw, 1280px\" \/><\/p>\n<p><span style=\"color: #000000;\">Mes shum\u00eb lojtar\u00ebve t\u00eb rinj q\u00eb jan\u00eb duke shk\u00eblqyer k\u00ebt\u00eb sezon me Ajax-in \u00ebsht\u00eb edhe marokeni 26-vje\u00e7ar Hakim Ziyech, p\u00ebr t\u00eb cilin jan\u00eb t\u00eb shumta skuadrat q\u00eb kan\u00eb shfaqur interes.<\/span><\/p>\n<p><span style=\"color: #000000;\">Nd\u00ebrkoh\u00eb, \u201cFrance Football\u201d shkruan s\u00eb fundmi se n\u00eb gar\u00eb p\u00ebr lojtarin \u00ebsht\u00eb futur edhe Interi, t\u00eb cil\u00ebt jan\u00eb t\u00eb gatsh\u00ebm t\u00eb b\u00ebjn\u00eb nj\u00eb ofert\u00eb zyrtare p\u00ebr sulmuesin, i cili vitin e kaluar ishte shum\u00eb pran\u00eb Rom\u00ebs, por n\u00eb fund verdhekuqt\u00eb vendos\u00ebn p\u00ebr t\u00eb transferuar Pastoren.<\/span><\/p>\n<p><span style=\"color: #000000;\">Lojtari vler\u00ebsohet rreth 35-40 milion\u00eb euro dhe t\u00eb interesuar p\u00ebr t\u00eb jan\u00eb edhe Liverpool, dy skuadrat e Manchester, por edhe Barcelona.<\/span><\/p>\n<p><span style=\"color: #000000;\">Nuk do t\u00eb jet\u00eb e leht\u00eb p\u00ebr ziklatrit t\u00eb arrijn\u00eb nj\u00eb marr\u00ebveshje, megjithat\u00eb mbetet p\u00ebr t\u2019u par\u00eb hapja e merkatos s\u00eb ver\u00ebs, e cila premton t\u00eb jet\u00eb e \u201cnxeht\u00eb\u201d k\u00ebt\u00eb vit.<\/span><\/p>\n","protected":false,"gt_translate_keys":[{"key":"rendered","format":"html"}]},"excerpt":{"rendered":"<p>Mes shum\u00eb lojtar\u00ebve t\u00eb rinj q\u00eb jan\u00eb duke shk\u00eblqyer k\u00ebt\u00eb sezon me Ajax-in \u00ebsht\u00eb edhe marokeni 26-vje\u00e7ar Hakim Ziyech, p\u00ebr t\u00eb cilin jan\u00eb t\u00eb shumta skuadrat q\u00eb kan\u00eb shfaqur interes. Nd\u00ebrkoh\u00eb, \u201cFrance Football\u201d shkruan s\u00eb fundmi se n\u00eb gar\u00eb p\u00ebr lojtarin \u00ebsht\u00eb futur edhe Interi, t\u00eb cil\u00ebt jan\u00eb t\u00eb gatsh\u00ebm t\u00eb b\u00ebjn\u00eb nj\u00eb ofert\u00eb zyrtare [&hellip;]<\/p>\n","protected":false,"gt_translate_keys":[{"key":"rendered","format":"html"}]},"author":32,"featured_media":291794,"comment_status":"open","ping_status":"open","sticky":false,"template":"","format":"standard","meta":{"footnotes":""},"categories":[134,13],"tags":[],"class_list":["post-291793","post","type-post","status-publish","format-standard","has-post-thumbnail","hentry","category-sport","category-te-fundit"],"gt_translate_keys":[{"key":"link","format":"url"}],"_links":{"self":[{"href":"https:\/\/www.hashtag.al\/index.php\/wp-json\/wp\/v2\/posts\/291793","targetHints":{"allow":["GET"]}}],"collection":[{"href":"https:\/\/www.hashtag.al\/index.php\/wp-json\/wp\/v2\/posts"}],"about":[{"href":"https:\/\/www.hashtag.al\/index.php\/wp-json\/wp\/v2\/types\/post"}],"author":[{"embeddable":true,"href":"https:\/\/www.hashtag.al\/index.php\/wp-json\/wp\/v2\/users\/32"}],"replies":[{"embeddable":true,"href":"https:\/\/www.hashtag.al\/index.php\/wp-json\/wp\/v2\/comments?post=291793"}],"version-history":[{"count":0,"href":"https:\/\/www.hashtag.al\/index.php\/wp-json\/wp\/v2\/posts\/291793\/revisions"}],"wp:featuredmedia":[{"embeddable":true,"href":"https:\/\/www.hashtag.al\/index.php\/wp-json\/wp\/v2\/media\/291794"}],"wp:attachment":[{"href":"https:\/\/www.hashtag.al\/index.php\/wp-json\/wp\/v2\/media?parent=291793"}],"wp:term":[{"taxonomy":"category","embeddable":true,"href":"https:\/\/www.hashtag.al\/index.php\/wp-json\/wp\/v2\/categories?post=291793"},{"taxonomy":"post_tag","embeddable":true,"href":"https:\/\/www.hashtag.al\/index.php\/wp-json\/wp\/v2\/tags?post=291793"}],"curies":[{"name":"wp","href":"https:\/\/api.w.org\/{rel}","templated":true}]}}