{"id":291578,"date":"2019-04-22T08:10:56","date_gmt":"2019-04-22T06:10:56","guid":{"rendered":"https:\/\/hashtag.al\/?p=291578"},"modified":"2019-04-22T08:13:37","modified_gmt":"2019-04-22T06:13:37","slug":"publikohet-letra-qe-paralajmeronte-10-dite-para-sulmet-ne-sri-lanka","status":"publish","type":"post","link":"https:\/\/www.hashtag.al\/index.php\/2019\/04\/22\/publikohet-letra-qe-paralajmeronte-10-dite-para-sulmet-ne-sri-lanka\/","title":{"rendered":"Publikohet letra q\u00eb paralajm\u00ebronte 10 dit\u00eb para sulmet n\u00eb Sri Lanka","gt_translate_keys":[{"key":"rendered","format":"text"}]},"content":{"rendered":"<p><img loading=\"lazy\" decoding=\"async\" class=\"aligncenter size-full wp-image-291582\" src=\"https:\/\/hashtag.al\/wp-content\/uploads\/2019\/04\/Sri-Lanka-1.jpg\" alt=\"\" width=\"980\" height=\"551\" srcset=\"https:\/\/www.hashtag.al\/wp-content\/uploads\/2019\/04\/Sri-Lanka-1.jpg 980w, https:\/\/www.hashtag.al\/wp-content\/uploads\/2019\/04\/Sri-Lanka-1-300x169.jpg 300w, https:\/\/www.hashtag.al\/wp-content\/uploads\/2019\/04\/Sri-Lanka-1-768x432.jpg 768w\" sizes=\"auto, (max-width: 980px) 100vw, 980px\" \/><\/p>\n<p><span style=\"color: #000000;\">Forcave t\u00eb siguris\u00eb n\u00eb Sri Lanka u \u00ebsht\u00eb d\u00ebrguar nj\u00eb let\u00ebr paralajm\u00ebruese 10 dit\u00eb p\u00ebrpara sulmeve n\u00eb dit\u00ebn e \u00a0Pashk\u00ebve.<\/span><\/p>\n<p><span style=\"color: #000000;\">Letra e b\u00ebr\u00eb publike tashm\u00eb, sikurse shkruan &#8220;<span style=\"color: #0000ff;\"><a style=\"color: #0000ff;\" href=\"https:\/\/www.rt.com\/news\/457176-intelligence-letter-sri-lanka-attacks\/\">RT<\/a><\/span>&#8221; ka ngritur dyshime n\u00ebse policia nuk ka vepruar.<\/span><\/p>\n<p><span style=\"color: #000000;\">M\u00eb 11 prill, inteligjenca e Sri Lanka-s kishte l\u00ebshuar alarmin se sulme t\u00eb mundshme po planifikoheshin kund\u00ebr Kishave Katolike dhe mbase edhe ndaj Komisionit t\u00eb Lart\u00eb Indian n\u00eb Kolombo nga nj\u00eb organizat\u00eb ekstremiste islamike e quajtur &#8220;National Thowheed Jamath&#8221;.<\/span><\/p>\n<p><span style=\"color: #000000;\"><em>&#8220;Disa oficer\u00eb t\u00eb inteligjenc\u00ebs ishin t\u00eb vet\u00ebdijsh\u00ebm p\u00ebr k\u00ebt\u00eb ndodhi. Prandaj, pati nj\u00eb vones\u00eb n\u00eb veprim<\/em>&#8220;, tha an\u00ebtari i kabinetit dhe ministri i Telekomunikacionit, Infrastruktur\u00ebs Dixhitale, Pun\u00ebsimit t\u00eb Huaj dhe Sporteve, Harin Fernando, i cili publikoi letr\u00ebn paralajm\u00ebruese n\u00eb &#8220;Twitter&#8221;.<\/span><\/p>\n<p><span style=\"color: #000000;\"><em>&#8221; Disa oficer\u00eb t\u00eb inteligjenc\u00ebs ishin t\u00eb vet\u00ebdijsh\u00ebm p\u00ebr k\u00ebt\u00eb ndodhi. Prandaj ka pasur nj\u00eb vones\u00eb n\u00eb veprim. Ajo \u00e7far\u00eb babai im d\u00ebgjoi vinte gjithashtu nga nj\u00eb oficer i sh\u00ebrbimit t\u00eb fsheht\u00eb. Duhet t\u00eb merren masa serioze se pse ky paralajm\u00ebrim \u00ebsht\u00eb injoruar. Isha n\u00eb Badulla mbr\u00ebm\u00eb&#8221;,<\/em> shkruan ministri Fernando.<\/span><\/p>\n<p><img loading=\"lazy\" decoding=\"async\" class=\"aligncenter size-full wp-image-291581\" src=\"https:\/\/hashtag.al\/wp-content\/uploads\/2019\/04\/letra-1.jpg\" alt=\"\" width=\"508\" height=\"731\" srcset=\"https:\/\/www.hashtag.al\/wp-content\/uploads\/2019\/04\/letra-1.jpg 508w, https:\/\/www.hashtag.al\/wp-content\/uploads\/2019\/04\/letra-1-208x300.jpg 208w\" sizes=\"auto, (max-width: 508px) 100vw, 508px\" \/><img loading=\"lazy\" decoding=\"async\" class=\"aligncenter size-full wp-image-291579\" src=\"https:\/\/hashtag.al\/wp-content\/uploads\/2019\/04\/letra-3.jpg\" alt=\"\" width=\"709\" height=\"659\" srcset=\"https:\/\/www.hashtag.al\/wp-content\/uploads\/2019\/04\/letra-3.jpg 709w, https:\/\/www.hashtag.al\/wp-content\/uploads\/2019\/04\/letra-3-300x279.jpg 300w\" sizes=\"auto, (max-width: 709px) 100vw, 709px\" \/> <img loading=\"lazy\" decoding=\"async\" class=\"aligncenter size-full wp-image-291580\" src=\"https:\/\/hashtag.al\/wp-content\/uploads\/2019\/04\/letra-2.jpg\" alt=\"\" width=\"694\" height=\"845\" srcset=\"https:\/\/www.hashtag.al\/wp-content\/uploads\/2019\/04\/letra-2.jpg 694w, https:\/\/www.hashtag.al\/wp-content\/uploads\/2019\/04\/letra-2-246x300.jpg 246w\" sizes=\"auto, (max-width: 694px) 100vw, 694px\" \/><\/p>\n","protected":false,"gt_translate_keys":[{"key":"rendered","format":"html"}]},"excerpt":{"rendered":"<p>Forcave t\u00eb siguris\u00eb n\u00eb Sri Lanka u \u00ebsht\u00eb d\u00ebrguar nj\u00eb let\u00ebr paralajm\u00ebruese 10 dit\u00eb p\u00ebrpara sulmeve n\u00eb dit\u00ebn e \u00a0Pashk\u00ebve. Letra e b\u00ebr\u00eb publike tashm\u00eb, sikurse shkruan &#8220;RT&#8221; ka ngritur dyshime n\u00ebse policia nuk ka vepruar. M\u00eb 11 prill, inteligjenca e Sri Lanka-s kishte l\u00ebshuar alarmin se sulme t\u00eb mundshme po planifikoheshin kund\u00ebr Kishave Katolike [&hellip;]<\/p>\n","protected":false,"gt_translate_keys":[{"key":"rendered","format":"html"}]},"author":30,"featured_media":291582,"comment_status":"open","ping_status":"open","sticky":false,"template":"","format":"standard","meta":{"footnotes":""},"categories":[6],"tags":[],"class_list":["post-291578","post","type-post","status-publish","format-standard","has-post-thumbnail","hentry","category-nderkombetare"],"gt_translate_keys":[{"key":"link","format":"url"}],"_links":{"self":[{"href":"https:\/\/www.hashtag.al\/index.php\/wp-json\/wp\/v2\/posts\/291578","targetHints":{"allow":["GET"]}}],"collection":[{"href":"https:\/\/www.hashtag.al\/index.php\/wp-json\/wp\/v2\/posts"}],"about":[{"href":"https:\/\/www.hashtag.al\/index.php\/wp-json\/wp\/v2\/types\/post"}],"author":[{"embeddable":true,"href":"https:\/\/www.hashtag.al\/index.php\/wp-json\/wp\/v2\/users\/30"}],"replies":[{"embeddable":true,"href":"https:\/\/www.hashtag.al\/index.php\/wp-json\/wp\/v2\/comments?post=291578"}],"version-history":[{"count":0,"href":"https:\/\/www.hashtag.al\/index.php\/wp-json\/wp\/v2\/posts\/291578\/revisions"}],"wp:featuredmedia":[{"embeddable":true,"href":"https:\/\/www.hashtag.al\/index.php\/wp-json\/wp\/v2\/media\/291582"}],"wp:attachment":[{"href":"https:\/\/www.hashtag.al\/index.php\/wp-json\/wp\/v2\/media?parent=291578"}],"wp:term":[{"taxonomy":"category","embeddable":true,"href":"https:\/\/www.hashtag.al\/index.php\/wp-json\/wp\/v2\/categories?post=291578"},{"taxonomy":"post_tag","embeddable":true,"href":"https:\/\/www.hashtag.al\/index.php\/wp-json\/wp\/v2\/tags?post=291578"}],"curies":[{"name":"wp","href":"https:\/\/api.w.org\/{rel}","templated":true}]}}