{"id":290700,"date":"2019-04-17T21:45:52","date_gmt":"2019-04-17T19:45:52","guid":{"rendered":"https:\/\/hashtag.al\/?p=290700"},"modified":"2019-04-17T21:45:52","modified_gmt":"2019-04-17T19:45:52","slug":"permbyset-autobusi-ne-portugali-humbin-jeten-28-persona","status":"publish","type":"post","link":"https:\/\/www.hashtag.al\/index.php\/2019\/04\/17\/permbyset-autobusi-ne-portugali-humbin-jeten-28-persona\/","title":{"rendered":"P\u00ebrmbyset autobusi n\u00eb Portugali, humbin jet\u00ebn 28 persona","gt_translate_keys":[{"key":"rendered","format":"text"}]},"content":{"rendered":"<p><img loading=\"lazy\" decoding=\"async\" class=\"aligncenter size-full wp-image-290701\" src=\"https:\/\/hashtag.al\/wp-content\/uploads\/2019\/04\/madeira-bus.jpg\" alt=\"\" width=\"968\" height=\"726\" srcset=\"https:\/\/www.hashtag.al\/wp-content\/uploads\/2019\/04\/madeira-bus.jpg 968w, https:\/\/www.hashtag.al\/wp-content\/uploads\/2019\/04\/madeira-bus-300x225.jpg 300w, https:\/\/www.hashtag.al\/wp-content\/uploads\/2019\/04\/madeira-bus-768x576.jpg 768w\" sizes=\"auto, (max-width: 968px) 100vw, 968px\" \/><\/p>\n<p><span style=\"color: #000000;\">Nj\u00eb ngjarje e r\u00ebnd\u00eb m\u00ebsohet t\u00eb ket\u00eb ndodhur n\u00eb Portugali, ku si pasoj\u00eb e nj\u00eb aksidenti rrugor\u00eb kan\u00eb humbur jet\u00ebn 28 persona.<\/span><\/p>\n<p><span style=\"color: #000000;\">Sipas informacioneve nga mediet nd\u00ebrkomb\u00ebtare, autobusi me turist\u00eb \u00ebsht\u00eb p\u00ebrmbysur duke shkaktuar t\u00eb pakt\u00ebn 28 viktima. Po ashtu nga aksidenti jan\u00eb edhe disa t\u00eb plagosur, nd\u00ebrsa m\u00ebsohet se n\u00eb autobus kan\u00eb qen\u00eb 57 persona.<\/span><\/p>\n<p><span style=\"color: #000000;\">Ende nuk dihet se nga cilat shtete jan\u00eb viktimat, nd\u00ebrsa ngjarja ka ndodhur n\u00eb ishullin Madeira.<\/span><\/p>\n","protected":false,"gt_translate_keys":[{"key":"rendered","format":"html"}]},"excerpt":{"rendered":"<p>Nj\u00eb ngjarje e r\u00ebnd\u00eb m\u00ebsohet t\u00eb ket\u00eb ndodhur n\u00eb Portugali, ku si pasoj\u00eb e nj\u00eb aksidenti rrugor\u00eb kan\u00eb humbur jet\u00ebn 28 persona. Sipas informacioneve nga mediet nd\u00ebrkomb\u00ebtare, autobusi me turist\u00eb \u00ebsht\u00eb p\u00ebrmbysur duke shkaktuar t\u00eb pakt\u00ebn 28 viktima. Po ashtu nga aksidenti jan\u00eb edhe disa t\u00eb plagosur, nd\u00ebrsa m\u00ebsohet se n\u00eb autobus kan\u00eb qen\u00eb 57 [&hellip;]<\/p>\n","protected":false,"gt_translate_keys":[{"key":"rendered","format":"html"}]},"author":32,"featured_media":290701,"comment_status":"open","ping_status":"open","sticky":false,"template":"","format":"standard","meta":{"footnotes":""},"categories":[65,13],"tags":[],"class_list":["post-290700","post","type-post","status-publish","format-standard","has-post-thumbnail","hentry","category-lajme","category-te-fundit"],"gt_translate_keys":[{"key":"link","format":"url"}],"_links":{"self":[{"href":"https:\/\/www.hashtag.al\/index.php\/wp-json\/wp\/v2\/posts\/290700","targetHints":{"allow":["GET"]}}],"collection":[{"href":"https:\/\/www.hashtag.al\/index.php\/wp-json\/wp\/v2\/posts"}],"about":[{"href":"https:\/\/www.hashtag.al\/index.php\/wp-json\/wp\/v2\/types\/post"}],"author":[{"embeddable":true,"href":"https:\/\/www.hashtag.al\/index.php\/wp-json\/wp\/v2\/users\/32"}],"replies":[{"embeddable":true,"href":"https:\/\/www.hashtag.al\/index.php\/wp-json\/wp\/v2\/comments?post=290700"}],"version-history":[{"count":0,"href":"https:\/\/www.hashtag.al\/index.php\/wp-json\/wp\/v2\/posts\/290700\/revisions"}],"wp:featuredmedia":[{"embeddable":true,"href":"https:\/\/www.hashtag.al\/index.php\/wp-json\/wp\/v2\/media\/290701"}],"wp:attachment":[{"href":"https:\/\/www.hashtag.al\/index.php\/wp-json\/wp\/v2\/media?parent=290700"}],"wp:term":[{"taxonomy":"category","embeddable":true,"href":"https:\/\/www.hashtag.al\/index.php\/wp-json\/wp\/v2\/categories?post=290700"},{"taxonomy":"post_tag","embeddable":true,"href":"https:\/\/www.hashtag.al\/index.php\/wp-json\/wp\/v2\/tags?post=290700"}],"curies":[{"name":"wp","href":"https:\/\/api.w.org\/{rel}","templated":true}]}}