{"id":290698,"date":"2019-04-17T21:30:55","date_gmt":"2019-04-17T19:30:55","guid":{"rendered":"https:\/\/hashtag.al\/?p=290698"},"modified":"2019-04-17T21:30:55","modified_gmt":"2019-04-17T19:30:55","slug":"eleminimi-nga-champions-mediat-spekulojne-per-largimin-e-alegrit-nga-juventus","status":"publish","type":"post","link":"https:\/\/www.hashtag.al\/index.php\/2019\/04\/17\/eleminimi-nga-champions-mediat-spekulojne-per-largimin-e-alegrit-nga-juventus\/","title":{"rendered":"Eleminimi nga Champions, mediat spekulojn\u00eb p\u00ebr largimin e Alegrit nga Juventus","gt_translate_keys":[{"key":"rendered","format":"text"}]},"content":{"rendered":"<p><img loading=\"lazy\" decoding=\"async\" class=\"aligncenter size-full wp-image-131389\" src=\"https:\/\/hashtag.al\/wp-content\/uploads\/2017\/05\/alegri.jpg\" alt=\"\" width=\"1200\" height=\"675\" \/><\/p>\n<p><span style=\"color: #000000;\">Juventusi p\u00ebsoi nj\u00eb humbje mbr\u00ebm\u00eb, \u00a0q\u00eb duket se do ta l\u00ebr\u00eb me pasoja, t\u00eb cilat do t\u00eb largohen vet\u00ebm me disa blerje t\u00eb mira n\u00eb ver\u00eb dhe n\u00ebse largohet Masimiliano Alegri.<\/span><\/p>\n<p><span style=\"color: #000000;\">Edhe pse Anjeli dhe Alegri, than\u00eb se bashk\u00ebpunimi do t\u00eb vazhdoj\u00eb p\u00ebr shum\u00eb vite, nga Anglia vjen nj\u00eb lajm q\u00eb \u201ctrazon uj\u00ebrat\u201d n\u00eb kampin torinez.<\/span><\/p>\n<p><span style=\"color: #000000;\">\u201cSky Sports UK\u201d,\u00a0b\u00ebn me dije se drejtuesit e bardhezinjve kan\u00eb kontaktuar Antonio Konten. Telefonata ka qen\u00eb e shkurt\u00ebr dhe ishte thjesht\u00eb p\u00ebr t\u00eb marr\u00eb nj\u00eb informacion, n\u00ebse trajneri italian do t\u00eb ishte i gatsh\u00ebm t\u00eb kthehej n\u00eb stolin e skuadr\u00ebs s\u00eb tij t\u00eb dashur.<\/span><\/p>\n<p><span style=\"color: #000000;\">Mbetet t\u00eb shohim, tashm\u00eb se \u00e7far\u00eb do t\u00eb ndodh\u00eb me stolin e Juventusit, pasi ka shum\u00eb pik\u00ebpyetje t\u00eb m\u00ebdha n\u00eb lidhje me k\u00ebt\u00eb tem\u00eb.<\/span><\/p>\n","protected":false,"gt_translate_keys":[{"key":"rendered","format":"html"}]},"excerpt":{"rendered":"<p>Juventusi p\u00ebsoi nj\u00eb humbje mbr\u00ebm\u00eb, \u00a0q\u00eb duket se do ta l\u00ebr\u00eb me pasoja, t\u00eb cilat do t\u00eb largohen vet\u00ebm me disa blerje t\u00eb mira n\u00eb ver\u00eb dhe n\u00ebse largohet Masimiliano Alegri. Edhe pse Anjeli dhe Alegri, than\u00eb se bashk\u00ebpunimi do t\u00eb vazhdoj\u00eb p\u00ebr shum\u00eb vite, nga Anglia vjen nj\u00eb lajm q\u00eb \u201ctrazon uj\u00ebrat\u201d n\u00eb kampin [&hellip;]<\/p>\n","protected":false,"gt_translate_keys":[{"key":"rendered","format":"html"}]},"author":32,"featured_media":131389,"comment_status":"open","ping_status":"open","sticky":false,"template":"","format":"standard","meta":{"footnotes":""},"categories":[134,13],"tags":[],"class_list":["post-290698","post","type-post","status-publish","format-standard","has-post-thumbnail","hentry","category-sport","category-te-fundit"],"gt_translate_keys":[{"key":"link","format":"url"}],"_links":{"self":[{"href":"https:\/\/www.hashtag.al\/index.php\/wp-json\/wp\/v2\/posts\/290698","targetHints":{"allow":["GET"]}}],"collection":[{"href":"https:\/\/www.hashtag.al\/index.php\/wp-json\/wp\/v2\/posts"}],"about":[{"href":"https:\/\/www.hashtag.al\/index.php\/wp-json\/wp\/v2\/types\/post"}],"author":[{"embeddable":true,"href":"https:\/\/www.hashtag.al\/index.php\/wp-json\/wp\/v2\/users\/32"}],"replies":[{"embeddable":true,"href":"https:\/\/www.hashtag.al\/index.php\/wp-json\/wp\/v2\/comments?post=290698"}],"version-history":[{"count":0,"href":"https:\/\/www.hashtag.al\/index.php\/wp-json\/wp\/v2\/posts\/290698\/revisions"}],"wp:featuredmedia":[{"embeddable":true,"href":"https:\/\/www.hashtag.al\/index.php\/wp-json\/"}],"wp:attachment":[{"href":"https:\/\/www.hashtag.al\/index.php\/wp-json\/wp\/v2\/media?parent=290698"}],"wp:term":[{"taxonomy":"category","embeddable":true,"href":"https:\/\/www.hashtag.al\/index.php\/wp-json\/wp\/v2\/categories?post=290698"},{"taxonomy":"post_tag","embeddable":true,"href":"https:\/\/www.hashtag.al\/index.php\/wp-json\/wp\/v2\/tags?post=290698"}],"curies":[{"name":"wp","href":"https:\/\/api.w.org\/{rel}","templated":true}]}}