{"id":290553,"date":"2019-04-17T11:37:17","date_gmt":"2019-04-17T09:37:17","guid":{"rendered":"https:\/\/hashtag.al\/?p=290553"},"modified":"2019-04-17T11:39:39","modified_gmt":"2019-04-17T09:39:39","slug":"rikthimi-i-vizave-nga-holanda-soreca-asgje-ska-ndryshuar-per-momentin","status":"publish","type":"post","link":"https:\/\/www.hashtag.al\/index.php\/2019\/04\/17\/rikthimi-i-vizave-nga-holanda-soreca-asgje-ska-ndryshuar-per-momentin\/","title":{"rendered":"Rikthimi i vizave nga Holanda, Soreca: Asgj\u00eb s&#8217;ka ndryshuar, p\u00ebr momentin","gt_translate_keys":[{"key":"rendered","format":"text"}]},"content":{"rendered":"<p><img loading=\"lazy\" decoding=\"async\" class=\"aligncenter size-full wp-image-290554\" src=\"https:\/\/hashtag.al\/wp-content\/uploads\/2019\/04\/Soreca.jpg\" alt=\"\" width=\"780\" height=\"440\" srcset=\"https:\/\/www.hashtag.al\/wp-content\/uploads\/2019\/04\/Soreca.jpg 780w, https:\/\/www.hashtag.al\/wp-content\/uploads\/2019\/04\/Soreca-300x169.jpg 300w, https:\/\/www.hashtag.al\/wp-content\/uploads\/2019\/04\/Soreca-768x433.jpg 768w\" sizes=\"auto, (max-width: 780px) 100vw, 780px\" \/><\/p>\n<p><span style=\"color: #000000;\">Pas vendimit t\u00eb Parlamentit Holandez p\u00ebr t\u00eb rikthyer vizat p\u00ebr shqiptar\u00ebt, ka reaguar ambasadori i BE-s\u00eb n\u00eb vendin ton\u00eb, Luigi Soreca. P\u00ebrmes nj\u00eb deklarate p\u00ebr mediat, soreca tha se ende s&#8217;ka ndryshuar asgj\u00eb dhe shqiptar\u00ebt momentalisht mund t\u00eb l\u00ebvizin t\u00eb lir\u00eb.<\/span><\/p>\n<p><span style=\"color: #000000;\">Ai thot\u00eb se Shqip\u00ebria i ka plot\u00ebsuar kriteret sipas KE-s\u00eb p\u00ebr l\u00ebvizjen e lir\u00eb n\u00eb zon\u00ebn Schengen.<\/span><\/p>\n<p><em><span style=\"color: #000000;\">\u00a0\u201cAsgj\u00eb nuk ka ndryshuar deri n\u00eb k\u00ebt\u00eb moment, vijon udh\u00ebtimi pa viza n\u00eb zon\u00ebn Shengen. M\u00eb lejoni q\u00eb t\u00eb them q\u00eb kemi ftuar qeverin\u00eb shqiptare q\u00eb t\u00eb rris\u00eb bashk\u00ebpunimin me Holand\u00ebn p\u00ebr emigracionin e paligjsh\u00ebm dhe luft\u00ebn kund\u00ebr krimit.<\/span><\/em><\/p>\n<p><em><span style=\"color: #000000;\">Udh\u00ebtimi pa viza \u00ebsht\u00eb nj\u00eb arritje fantastike p\u00ebr Shqip\u00ebrin\u00eb, q\u00eb do t\u00eb thot\u00eb ka pasur nj\u00eb progres q\u00eb prej vitit 2010.<\/span><\/em><\/p>\n<p><span style=\"color: #000000;\"><em>Ju e dini q\u00eb kam qen\u00eb n\u00eb krye t\u00eb k\u00ebtij procesi dhe jam i sigurt q\u00eb Shqip\u00ebria do t\u00eb marrin masat e duhura q\u00eb t\u00eb ruhet kjo arritje fantastike\u201d,<\/em> tha Soreca.<\/span><\/p>\n","protected":false,"gt_translate_keys":[{"key":"rendered","format":"html"}]},"excerpt":{"rendered":"<p>Pas vendimit t\u00eb Parlamentit Holandez p\u00ebr t\u00eb rikthyer vizat p\u00ebr shqiptar\u00ebt, ka reaguar ambasadori i BE-s\u00eb n\u00eb vendin ton\u00eb, Luigi Soreca. P\u00ebrmes nj\u00eb deklarate p\u00ebr mediat, soreca tha se ende s&#8217;ka ndryshuar asgj\u00eb dhe shqiptar\u00ebt momentalisht mund t\u00eb l\u00ebvizin t\u00eb lir\u00eb. Ai thot\u00eb se Shqip\u00ebria i ka plot\u00ebsuar kriteret sipas KE-s\u00eb p\u00ebr l\u00ebvizjen e lir\u00eb [&hellip;]<\/p>\n","protected":false,"gt_translate_keys":[{"key":"rendered","format":"html"}]},"author":30,"featured_media":217412,"comment_status":"open","ping_status":"open","sticky":false,"template":"","format":"standard","meta":{"footnotes":""},"categories":[65,13],"tags":[],"class_list":["post-290553","post","type-post","status-publish","format-standard","has-post-thumbnail","hentry","category-lajme","category-te-fundit"],"gt_translate_keys":[{"key":"link","format":"url"}],"_links":{"self":[{"href":"https:\/\/www.hashtag.al\/index.php\/wp-json\/wp\/v2\/posts\/290553","targetHints":{"allow":["GET"]}}],"collection":[{"href":"https:\/\/www.hashtag.al\/index.php\/wp-json\/wp\/v2\/posts"}],"about":[{"href":"https:\/\/www.hashtag.al\/index.php\/wp-json\/wp\/v2\/types\/post"}],"author":[{"embeddable":true,"href":"https:\/\/www.hashtag.al\/index.php\/wp-json\/wp\/v2\/users\/30"}],"replies":[{"embeddable":true,"href":"https:\/\/www.hashtag.al\/index.php\/wp-json\/wp\/v2\/comments?post=290553"}],"version-history":[{"count":0,"href":"https:\/\/www.hashtag.al\/index.php\/wp-json\/wp\/v2\/posts\/290553\/revisions"}],"wp:featuredmedia":[{"embeddable":true,"href":"https:\/\/www.hashtag.al\/index.php\/wp-json\/"}],"wp:attachment":[{"href":"https:\/\/www.hashtag.al\/index.php\/wp-json\/wp\/v2\/media?parent=290553"}],"wp:term":[{"taxonomy":"category","embeddable":true,"href":"https:\/\/www.hashtag.al\/index.php\/wp-json\/wp\/v2\/categories?post=290553"},{"taxonomy":"post_tag","embeddable":true,"href":"https:\/\/www.hashtag.al\/index.php\/wp-json\/wp\/v2\/tags?post=290553"}],"curies":[{"name":"wp","href":"https:\/\/api.w.org\/{rel}","templated":true}]}}