{"id":290436,"date":"2019-04-16T21:42:57","date_gmt":"2019-04-16T19:42:57","guid":{"rendered":"https:\/\/hashtag.al\/?p=290436"},"modified":"2019-04-16T21:42:57","modified_gmt":"2019-04-16T19:42:57","slug":"basha-rikthimi-i-vizave-nga-holanda-akt-mosbesimi-ndaj-rames","status":"publish","type":"post","link":"https:\/\/www.hashtag.al\/index.php\/2019\/04\/16\/basha-rikthimi-i-vizave-nga-holanda-akt-mosbesimi-ndaj-rames\/","title":{"rendered":"Basha: Rikthimi i vizave nga Holanda akt mosbesimi ndaj Ram\u00ebs","gt_translate_keys":[{"key":"rendered","format":"text"}]},"content":{"rendered":"<p><img loading=\"lazy\" decoding=\"async\" class=\"aligncenter size-full wp-image-290437\" src=\"https:\/\/hashtag.al\/wp-content\/uploads\/2019\/04\/basha-1555443595.jpg\" alt=\"\" width=\"779\" height=\"445\" srcset=\"https:\/\/www.hashtag.al\/wp-content\/uploads\/2019\/04\/basha-1555443595.jpg 779w, https:\/\/www.hashtag.al\/wp-content\/uploads\/2019\/04\/basha-1555443595-300x171.jpg 300w, https:\/\/www.hashtag.al\/wp-content\/uploads\/2019\/04\/basha-1555443595-768x439.jpg 768w\" sizes=\"auto, (max-width: 779px) 100vw, 779px\" \/><\/p>\n<p><span style=\"color: #000000;\">Kreu i demokrat\u00ebve, Lulzim Basha i ftuar n\u00eb emisionin \u201cTempora\u201d n\u00eb RTV Ora deklaroi se vendimi i Holand\u00ebs p\u00ebr kthimin e vizave \u00ebsht\u00eb akt mos besimi ndaj qeveris\u00eb Rama.<\/span><\/p>\n<p><span style=\"color: #000000;\">&#8220;Nuk ka lidhje parlamenti shqiptar me at\u00eb q\u00eb ndodhi sot n\u00eb parlamentin e mbret\u00ebris\u00eb s\u00eb Holand\u00ebs. Ajo q\u00eb ndodhi ka 3 dometh\u00ebnie.<\/span><\/p>\n<p><span style=\"color: #000000;\">Pse k\u00ebrkuan rivendosjen e vizave? Nuk \u00ebsht\u00eb akt racizmi por akt i past\u00ebr mosbesimi ndaj qeveris\u00eb aktuale, sepse\u00a0prej m\u00eb shum\u00eb se 3 vitesh policia holandeze dhe autoritetet kan\u00eb konstatuar nj\u00eb rritje jo thejsht\u00eb t\u00eb rritjes s\u00eb numrit t\u00eb krimeve t\u00eb kryera nga rrjetet shqiptare kriminale, me baz\u00eb n\u00eb Shqip\u00ebri, por edhe rritje t\u00eb influenc\u00ebs financiare dhe organizative.<\/span><\/p>\n<p><span style=\"color: #000000;\">Disa prej k\u00ebtyre raporteve duke orperuar me baz\u00eb Shqip\u00ebrin\u00eb kan\u00eb futur n\u00eb dor\u00eb edhe trafikun e kokain\u00eb nga Amerika latine drejt\u00eb portit t\u00eb Roterdamit, apo portit t\u00eb Andversit n\u00eb Belgjik\u00eb. K\u00ebtu lind problemi q\u00eb p\u00ebr t\u00eb mbuluar p\u00ebrgjegj\u00ebsit\u00eb e tyre qeveritar\u00ebt thonin \u00e7far\u00eb problem ka me transportin e drog\u00ebs.<\/span><\/p>\n<p><span style=\"color: #000000;\">\u00cbsht\u00eb hera e par\u00eb, nuk ka ndodhur n\u00eb bot\u00eb dicka e till\u00eb, q\u00eb nj\u00eb shtet q\u00eb i hoqi vizat, tani k\u00ebrkon t\u00eb rikthej\u00eb vizat. Ky \u00ebsht\u00eb tregues i qart\u00eb i kapjes s\u00eb shtetit.<\/span><\/p>\n<p><span style=\"color: #000000;\">\u00c7far\u00eb prisni q\u00eb nj\u00eb parlament q\u00eb k\u00ebrkon t\u00eb heq\u00eb vizat do t\u00eb votoj\u00eb p\u00ebr hapjen e negociatave? Kjo \u00ebsht\u00eb parath\u00ebnie shum\u00eb e keqe. \u00cbsht\u00eb goditje e r\u00ebnd\u00eb p\u00ebr vendin dhe qytetar\u00ebt q\u00eb duhet t\u00eb paguajn\u00eb fatur\u00ebn e paktit t\u00eb Edi Ram\u00ebs me krimin e organizuar&#8221;- \u00ebsht\u00eb shprehur kreu i PD-s\u00eb, Lulzim Basha.<\/span><\/p>\n","protected":false,"gt_translate_keys":[{"key":"rendered","format":"html"}]},"excerpt":{"rendered":"<p>Kreu i demokrat\u00ebve, Lulzim Basha i ftuar n\u00eb emisionin \u201cTempora\u201d n\u00eb RTV Ora deklaroi se vendimi i Holand\u00ebs p\u00ebr kthimin e vizave \u00ebsht\u00eb akt mos besimi ndaj qeveris\u00eb Rama. &#8220;Nuk ka lidhje parlamenti shqiptar me at\u00eb q\u00eb ndodhi sot n\u00eb parlamentin e mbret\u00ebris\u00eb s\u00eb Holand\u00ebs. Ajo q\u00eb ndodhi ka 3 dometh\u00ebnie. Pse k\u00ebrkuan rivendosjen e [&hellip;]<\/p>\n","protected":false,"gt_translate_keys":[{"key":"rendered","format":"html"}]},"author":32,"featured_media":290437,"comment_status":"open","ping_status":"open","sticky":false,"template":"","format":"standard","meta":{"footnotes":""},"categories":[65,13],"tags":[],"class_list":["post-290436","post","type-post","status-publish","format-standard","has-post-thumbnail","hentry","category-lajme","category-te-fundit"],"gt_translate_keys":[{"key":"link","format":"url"}],"_links":{"self":[{"href":"https:\/\/www.hashtag.al\/index.php\/wp-json\/wp\/v2\/posts\/290436","targetHints":{"allow":["GET"]}}],"collection":[{"href":"https:\/\/www.hashtag.al\/index.php\/wp-json\/wp\/v2\/posts"}],"about":[{"href":"https:\/\/www.hashtag.al\/index.php\/wp-json\/wp\/v2\/types\/post"}],"author":[{"embeddable":true,"href":"https:\/\/www.hashtag.al\/index.php\/wp-json\/wp\/v2\/users\/32"}],"replies":[{"embeddable":true,"href":"https:\/\/www.hashtag.al\/index.php\/wp-json\/wp\/v2\/comments?post=290436"}],"version-history":[{"count":0,"href":"https:\/\/www.hashtag.al\/index.php\/wp-json\/wp\/v2\/posts\/290436\/revisions"}],"wp:featuredmedia":[{"embeddable":true,"href":"https:\/\/www.hashtag.al\/index.php\/wp-json\/wp\/v2\/media\/290437"}],"wp:attachment":[{"href":"https:\/\/www.hashtag.al\/index.php\/wp-json\/wp\/v2\/media?parent=290436"}],"wp:term":[{"taxonomy":"category","embeddable":true,"href":"https:\/\/www.hashtag.al\/index.php\/wp-json\/wp\/v2\/categories?post=290436"},{"taxonomy":"post_tag","embeddable":true,"href":"https:\/\/www.hashtag.al\/index.php\/wp-json\/wp\/v2\/tags?post=290436"}],"curies":[{"name":"wp","href":"https:\/\/api.w.org\/{rel}","templated":true}]}}