{"id":290419,"date":"2019-04-16T20:03:48","date_gmt":"2019-04-16T18:03:48","guid":{"rendered":"https:\/\/hashtag.al\/?p=290419"},"modified":"2019-04-16T20:03:48","modified_gmt":"2019-04-16T18:03:48","slug":"u-shkarkua-nga-vettingu-kpa-le-ne-fuqi-vendimin-per-prokurorin-arben-nela","status":"publish","type":"post","link":"https:\/\/www.hashtag.al\/index.php\/2019\/04\/16\/u-shkarkua-nga-vettingu-kpa-le-ne-fuqi-vendimin-per-prokurorin-arben-nela\/","title":{"rendered":"U shkarkua nga vettingu, KPA l\u00eb n\u00eb fuqi vendimin p\u00ebr prokurorin Arben Nela","gt_translate_keys":[{"key":"rendered","format":"text"}]},"content":{"rendered":"<p><img loading=\"lazy\" decoding=\"async\" class=\"aligncenter size-full wp-image-290420\" src=\"https:\/\/hashtag.al\/wp-content\/uploads\/2019\/04\/nela.jpg\" alt=\"\" width=\"533\" height=\"400\" srcset=\"https:\/\/www.hashtag.al\/wp-content\/uploads\/2019\/04\/nela.jpg 533w, https:\/\/www.hashtag.al\/wp-content\/uploads\/2019\/04\/nela-300x225.jpg 300w\" sizes=\"auto, (max-width: 533px) 100vw, 533px\" \/><\/p>\n<p><span style=\"color: #000000;\">Kolegji i Posa\u00e7\u00ebm i Apelimit (KPA) ka l\u00ebn\u00eb n\u00eb fuqi vendimin e shkarkimit p\u00ebr Prokurorin Arben Nela. Vendimi \u00ebsht\u00eb marr\u00eb sot dhe p\u00ebr relator\u00eb Rezarta Schuetz dhe Natasha Mulajn.<\/span><\/p>\n<p><span style=\"color: #000000;\">Nela ankimoi vendimin e marr\u00eb m\u00eb 23 korrik t\u00eb vitit shkuar nga Komisioni i Pavarur i Kualifikimit.<\/span><\/p>\n<p><span style=\"color: #000000;\">\u201cKy vendim \u00ebsht\u00eb p\u00ebrfundimtar, me efekt t\u00eb menj\u00ebhersh\u00ebm\u201d,\u00a0thuhet n\u00eb njoftimin e KPA-s\u00eb, \u00e7ka do t\u00eb thot\u00eb se Nela p\u00ebrfundimisht ka humbur shansin p\u00ebr t\u00eb qen\u00eb pjes\u00eb e institucioneve t\u00eb drejt\u00ebsis\u00eb.<\/span><\/p>\n<p><span style=\"color: #000000;\">Hetimi administrativ i Komisionit t\u00eb Pavarur t\u00eb Kualifikimit gjeti se prokurori i Tiran\u00ebs, Nela kandidat n\u00eb at\u00eb koh\u00eb p\u00ebr n\u00eb K\u00ebshillin e Prokuroris\u00eb nuk kishte deklaruar n\u00eb koh\u00eb blerjen e nj\u00eb apartamenti, kishte pasakt\u00ebsi n\u00eb deklarimin e pasurive t\u00eb tjera dhe se sipas KPK-s\u00eb fshehu burimin e t\u00eb ardhurave.<\/span><\/p>\n<p><span style=\"color: #000000;\">KPK vendosi n\u00eb korrik 2018 t\u00eb shkarkonte Nel\u00ebn, nd\u00ebrsa vendimi i zbardhur n\u00eb tetor tregonte se prokurori ishte gjetur n\u00eb shkelje fillimisht nga Inspektorati i Lart\u00eb i Deklarimit dhe Kontrollit t\u00eb Pasurive e Konfliktit t\u00eb Interesit (ILDKPI), i cili e shpalli at\u00eb t\u00eb pap\u00ebrshtatsh\u00ebm.<\/span><\/p>\n<p><span style=\"color: #000000;\">Nela u justifikua kryesisht duke pretenduar se pasakt\u00ebsit\u00eb nuk ishin t\u00eb q\u00ebllimshme. Ai pretendoi se ILDKPI kishte hetuar n\u00eb vitin 2009 pasurin\u00eb e tij pa gjetur probleme, por ky hetim nuk ishte ruajtur nga institucioni. P\u00ebr t\u00eb justifikuar mosdeklarimin n\u00eb koh\u00ebn e blerjes s\u00eb nj\u00eb apartamenti 99.4 metra n\u00eb Tiran\u00eb, prokurori i shkarkuar nga KPK, pretendoi se \u201cKontrata nuk ishte formalizuar\u201d.<\/span><\/p>\n<p><span style=\"color: #000000;\">Komisioni n\u00eb prani t\u00eb v\u00ebzhguesit nd\u00ebrkomb\u00ebtar Hans Klijstra, gjeti q\u00eb pretendimet e tij nuk ishin bind\u00ebse dhe se nj\u00eb pjes\u00eb e tyre shkonin p\u00ebrkund\u00ebr provave shkresore t\u00eb administruara. KPK vendosi t\u00eb gjykonte Nel\u00ebn vet\u00ebm bazuar mbi kriterin e pasuris\u00eb. Trupa arriti n\u00eb p\u00ebrfundimin se \u201cSubjekti i rivler\u00ebsimit ka fshehur dhe evidentuar n\u00eb m\u00ebnyr\u00eb t\u00eb pasakt\u00eb pasurit\u00eb\u00a0 n\u00eb pron\u00ebsi,\u00a0 posedim ose p\u00ebrdorim t\u00eb tij\u201d.<\/span><\/p>\n<p><span style=\"color: #000000;\">Nela filloi pun\u00eb si prokuror n\u00eb Prokurorin\u00eb e Fierit n\u00eb vitin 1998. Ai u transferua n\u00eb Durr\u00ebs n\u00eb vitin 2006, nd\u00ebrsa n\u00eb vitin 2008 u transferua n\u00eb Tiran\u00eb, ku mbante postin e z\u00ebvend\u00ebsprokurorit para se t\u00eb p\u00ebrfshihej n\u00eb procesin e rivler\u00ebsimit.<\/span><\/p>\n","protected":false,"gt_translate_keys":[{"key":"rendered","format":"html"}]},"excerpt":{"rendered":"<p>Kolegji i Posa\u00e7\u00ebm i Apelimit (KPA) ka l\u00ebn\u00eb n\u00eb fuqi vendimin e shkarkimit p\u00ebr Prokurorin Arben Nela. Vendimi \u00ebsht\u00eb marr\u00eb sot dhe p\u00ebr relator\u00eb Rezarta Schuetz dhe Natasha Mulajn. Nela ankimoi vendimin e marr\u00eb m\u00eb 23 korrik t\u00eb vitit shkuar nga Komisioni i Pavarur i Kualifikimit. \u201cKy vendim \u00ebsht\u00eb p\u00ebrfundimtar, me efekt t\u00eb menj\u00ebhersh\u00ebm\u201d,\u00a0thuhet n\u00eb [&hellip;]<\/p>\n","protected":false,"gt_translate_keys":[{"key":"rendered","format":"html"}]},"author":32,"featured_media":290420,"comment_status":"open","ping_status":"open","sticky":false,"template":"","format":"standard","meta":{"footnotes":""},"categories":[65,13],"tags":[],"class_list":["post-290419","post","type-post","status-publish","format-standard","has-post-thumbnail","hentry","category-lajme","category-te-fundit"],"gt_translate_keys":[{"key":"link","format":"url"}],"_links":{"self":[{"href":"https:\/\/www.hashtag.al\/index.php\/wp-json\/wp\/v2\/posts\/290419","targetHints":{"allow":["GET"]}}],"collection":[{"href":"https:\/\/www.hashtag.al\/index.php\/wp-json\/wp\/v2\/posts"}],"about":[{"href":"https:\/\/www.hashtag.al\/index.php\/wp-json\/wp\/v2\/types\/post"}],"author":[{"embeddable":true,"href":"https:\/\/www.hashtag.al\/index.php\/wp-json\/wp\/v2\/users\/32"}],"replies":[{"embeddable":true,"href":"https:\/\/www.hashtag.al\/index.php\/wp-json\/wp\/v2\/comments?post=290419"}],"version-history":[{"count":0,"href":"https:\/\/www.hashtag.al\/index.php\/wp-json\/wp\/v2\/posts\/290419\/revisions"}],"wp:featuredmedia":[{"embeddable":true,"href":"https:\/\/www.hashtag.al\/index.php\/wp-json\/wp\/v2\/media\/290420"}],"wp:attachment":[{"href":"https:\/\/www.hashtag.al\/index.php\/wp-json\/wp\/v2\/media?parent=290419"}],"wp:term":[{"taxonomy":"category","embeddable":true,"href":"https:\/\/www.hashtag.al\/index.php\/wp-json\/wp\/v2\/categories?post=290419"},{"taxonomy":"post_tag","embeddable":true,"href":"https:\/\/www.hashtag.al\/index.php\/wp-json\/wp\/v2\/tags?post=290419"}],"curies":[{"name":"wp","href":"https:\/\/api.w.org\/{rel}","templated":true}]}}