{"id":290274,"date":"2019-04-16T09:23:50","date_gmt":"2019-04-16T07:23:50","guid":{"rendered":"https:\/\/hashtag.al\/?p=290274"},"modified":"2019-04-16T09:24:33","modified_gmt":"2019-04-16T07:24:33","slug":"390-leje-ndertimi-ne-tirane-vetem-ne-2018-en-cfare-krimi-petrit-vasili","status":"publish","type":"post","link":"https:\/\/www.hashtag.al\/index.php\/2019\/04\/16\/390-leje-ndertimi-ne-tirane-vetem-ne-2018-en-cfare-krimi-petrit-vasili\/","title":{"rendered":"&#8220;390 leje nd\u00ebrtimi n\u00eb Tiran\u00eb vet\u00ebm n\u00eb 2018-\u00ebn, \u00e7far\u00eb krimi!&#8221; &#8211; Petrit Vasili","gt_translate_keys":[{"key":"rendered","format":"text"}]},"content":{"rendered":"<p><img loading=\"lazy\" decoding=\"async\" class=\"aligncenter size-full wp-image-288326\" src=\"https:\/\/hashtag.al\/wp-content\/uploads\/2019\/04\/vasili.png\" alt=\"\" width=\"1200\" height=\"600\" srcset=\"https:\/\/www.hashtag.al\/wp-content\/uploads\/2019\/04\/vasili.png 1200w, https:\/\/www.hashtag.al\/wp-content\/uploads\/2019\/04\/vasili-300x150.png 300w, https:\/\/www.hashtag.al\/wp-content\/uploads\/2019\/04\/vasili-768x384.png 768w, https:\/\/www.hashtag.al\/wp-content\/uploads\/2019\/04\/vasili-1024x512.png 1024w\" sizes=\"auto, (max-width: 1200px) 100vw, 1200px\" \/><\/p>\n<p><span style=\"color: #000000;\">Petrit Vasili e ka cil\u00ebsuar krim dh\u00ebnien e 390 lejeve t\u00eb nd\u00ebrtimit p\u00ebr nj\u00eb vit n\u00eb Tiran\u00eb. Vasili kujton premtimin e kryebashkiakut t\u00eb Tiran\u00ebs Erion Veliaj, se nuk do t\u00eb jepnin asnj\u00eb leje p\u00ebr 4 vite.<\/span><\/p>\n<p><span style=\"color: #000000;\"><em>\u201c390 leje nd\u00ebrtimi vet\u00ebm n\u00eb 2018, pra vet\u00ebm n\u00eb nj\u00eb vit, nga Bashkia e Tiran\u00ebs. \u00c7far\u00eb krimi?!! Than\u00eb se nuk do t\u00eb jepnin as edhe nj\u00eb leje t\u00eb vetme p\u00ebr 4 vjet. \u00c7far\u00eb mashtruesish?!!\u201d<\/em>, shkruan Vasili.<\/span><\/p>\n<p><span style=\"color: #000000;\">Kjo deklarat\u00eb e kreut t\u00eb grupit t\u00eb LSI-s\u00eb, vjen pas deklarat\u00ebs s\u00eb ekspertit t\u00eb ekonomis\u00eb, Pano Soko n\u00eb &#8220;A Show&#8221;.<\/span><\/p>\n<p><span style=\"color: #000000;\">Mbr\u00ebmjen e kaluar, i ftuar n\u00eb emisionin e Adi Krast\u00ebs, Soko tha se Veliaj e shpalli veten si \u201crekordmenin e lejeve\u201d p\u00ebr vitin 2018, duke dh\u00ebn\u00eb 390 t\u00eb tilla.<\/span><\/p>\n","protected":false,"gt_translate_keys":[{"key":"rendered","format":"html"}]},"excerpt":{"rendered":"<p>Petrit Vasili e ka cil\u00ebsuar krim dh\u00ebnien e 390 lejeve t\u00eb nd\u00ebrtimit p\u00ebr nj\u00eb vit n\u00eb Tiran\u00eb. Vasili kujton premtimin e kryebashkiakut t\u00eb Tiran\u00ebs Erion Veliaj, se nuk do t\u00eb jepnin asnj\u00eb leje p\u00ebr 4 vite. \u201c390 leje nd\u00ebrtimi vet\u00ebm n\u00eb 2018, pra vet\u00ebm n\u00eb nj\u00eb vit, nga Bashkia e Tiran\u00ebs. \u00c7far\u00eb krimi?!! Than\u00eb se [&hellip;]<\/p>\n","protected":false,"gt_translate_keys":[{"key":"rendered","format":"html"}]},"author":30,"featured_media":288325,"comment_status":"open","ping_status":"open","sticky":false,"template":"","format":"standard","meta":{"footnotes":""},"categories":[65,13],"tags":[],"class_list":["post-290274","post","type-post","status-publish","format-standard","has-post-thumbnail","hentry","category-lajme","category-te-fundit"],"gt_translate_keys":[{"key":"link","format":"url"}],"_links":{"self":[{"href":"https:\/\/www.hashtag.al\/index.php\/wp-json\/wp\/v2\/posts\/290274","targetHints":{"allow":["GET"]}}],"collection":[{"href":"https:\/\/www.hashtag.al\/index.php\/wp-json\/wp\/v2\/posts"}],"about":[{"href":"https:\/\/www.hashtag.al\/index.php\/wp-json\/wp\/v2\/types\/post"}],"author":[{"embeddable":true,"href":"https:\/\/www.hashtag.al\/index.php\/wp-json\/wp\/v2\/users\/30"}],"replies":[{"embeddable":true,"href":"https:\/\/www.hashtag.al\/index.php\/wp-json\/wp\/v2\/comments?post=290274"}],"version-history":[{"count":0,"href":"https:\/\/www.hashtag.al\/index.php\/wp-json\/wp\/v2\/posts\/290274\/revisions"}],"wp:featuredmedia":[{"embeddable":true,"href":"https:\/\/www.hashtag.al\/index.php\/wp-json\/wp\/v2\/media\/288325"}],"wp:attachment":[{"href":"https:\/\/www.hashtag.al\/index.php\/wp-json\/wp\/v2\/media?parent=290274"}],"wp:term":[{"taxonomy":"category","embeddable":true,"href":"https:\/\/www.hashtag.al\/index.php\/wp-json\/wp\/v2\/categories?post=290274"},{"taxonomy":"post_tag","embeddable":true,"href":"https:\/\/www.hashtag.al\/index.php\/wp-json\/wp\/v2\/tags?post=290274"}],"curies":[{"name":"wp","href":"https:\/\/api.w.org\/{rel}","templated":true}]}}