{"id":290208,"date":"2019-04-15T21:00:37","date_gmt":"2019-04-15T19:00:37","guid":{"rendered":"https:\/\/hashtag.al\/?p=290208"},"modified":"2019-04-15T21:24:17","modified_gmt":"2019-04-15T19:24:17","slug":"flaket-ne-notre-dame-ne-paris-shembin-catine-dhe-kulmin-video","status":"publish","type":"post","link":"https:\/\/www.hashtag.al\/index.php\/2019\/04\/15\/flaket-ne-notre-dame-ne-paris-shembin-catine-dhe-kulmin-video\/","title":{"rendered":"Flak\u00ebt n\u00eb Notre Dame n\u00eb Paris, shembin \u00e7atin\u00eb dhe kulmin (Video)","gt_translate_keys":[{"key":"rendered","format":"text"}]},"content":{"rendered":"<p><img loading=\"lazy\" decoding=\"async\" class=\"aligncenter size-full wp-image-290209\" src=\"https:\/\/hashtag.al\/wp-content\/uploads\/2019\/04\/notredame12-828x435.jpg\" alt=\"\" width=\"828\" height=\"435\" srcset=\"https:\/\/www.hashtag.al\/wp-content\/uploads\/2019\/04\/notredame12-828x435.jpg 828w, https:\/\/www.hashtag.al\/wp-content\/uploads\/2019\/04\/notredame12-828x435-300x158.jpg 300w, https:\/\/www.hashtag.al\/wp-content\/uploads\/2019\/04\/notredame12-828x435-768x403.jpg 768w\" sizes=\"auto, (max-width: 828px) 100vw, 828px\" \/><\/p>\n<p><span style=\"color: #000000;\">\u00c7atia dhe kulmi i katedrales s\u00eb Notre Dame \u00ebsht\u00eb rr\u00ebzuar si pasoj\u00eb e zjarrit q\u00eb ka p\u00ebrfshir\u00eb godin\u00ebn emblematike t\u00eb Parisit.<\/span><\/p>\n<p><span style=\"color: #000000;\">Kjo d\u00ebshmohet nga d\u00ebshmitar\u00ebt okular\u00eb q\u00eb ndajn\u00eb fotografit\u00eb e d\u00ebmit shkat\u00ebrrues.<\/span><\/p>\n<p><span style=\"color: #000000;\">Asnj\u00eb pasoj\u00eb n\u00eb njer\u00ebz ose t\u00eb l\u00ebnduar nuk jan\u00eb raportuar p\u00ebr shkak t\u00eb k\u00ebtij incidenti deri m\u00eb tani.<\/span><\/p>\n<div style=\"width: 640px;\" class=\"wp-video\"><video class=\"wp-video-shortcode\" id=\"video-290208-1\" width=\"640\" height=\"360\" preload=\"metadata\" controls=\"controls\"><source type=\"video\/mp4\" src=\"https:\/\/hashtag.al\/wp-content\/uploads\/2019\/04\/9rT-32bwTQVzbYVU.mp4?_=1\" \/><a href=\"https:\/\/hashtag.al\/wp-content\/uploads\/2019\/04\/9rT-32bwTQVzbYVU.mp4\">https:\/\/hashtag.al\/wp-content\/uploads\/2019\/04\/9rT-32bwTQVzbYVU.mp4<\/a><\/video><\/div>\n<div style=\"width: 360px;\" class=\"wp-video\"><video class=\"wp-video-shortcode\" id=\"video-290208-2\" width=\"360\" height=\"640\" preload=\"metadata\" controls=\"controls\"><source type=\"video\/mp4\" src=\"https:\/\/hashtag.al\/wp-content\/uploads\/2019\/04\/rVvufp1EYKaVwEeo.mp4?_=2\" \/><a href=\"https:\/\/hashtag.al\/wp-content\/uploads\/2019\/04\/rVvufp1EYKaVwEeo.mp4\">https:\/\/hashtag.al\/wp-content\/uploads\/2019\/04\/rVvufp1EYKaVwEeo.mp4<\/a><\/video><\/div>\n","protected":false,"gt_translate_keys":[{"key":"rendered","format":"html"}]},"excerpt":{"rendered":"<p>\u00c7atia dhe kulmi i katedrales s\u00eb Notre Dame \u00ebsht\u00eb rr\u00ebzuar si pasoj\u00eb e zjarrit q\u00eb ka p\u00ebrfshir\u00eb godin\u00ebn emblematike t\u00eb Parisit. Kjo d\u00ebshmohet nga d\u00ebshmitar\u00ebt okular\u00eb q\u00eb ndajn\u00eb fotografit\u00eb e d\u00ebmit shkat\u00ebrrues. Asnj\u00eb pasoj\u00eb n\u00eb njer\u00ebz ose t\u00eb l\u00ebnduar nuk jan\u00eb raportuar p\u00ebr shkak t\u00eb k\u00ebtij incidenti deri m\u00eb tani.<\/p>\n","protected":false,"gt_translate_keys":[{"key":"rendered","format":"html"}]},"author":32,"featured_media":290209,"comment_status":"open","ping_status":"open","sticky":false,"template":"","format":"standard","meta":{"footnotes":""},"categories":[6,13],"tags":[],"class_list":["post-290208","post","type-post","status-publish","format-standard","has-post-thumbnail","hentry","category-nderkombetare","category-te-fundit"],"gt_translate_keys":[{"key":"link","format":"url"}],"_links":{"self":[{"href":"https:\/\/www.hashtag.al\/index.php\/wp-json\/wp\/v2\/posts\/290208","targetHints":{"allow":["GET"]}}],"collection":[{"href":"https:\/\/www.hashtag.al\/index.php\/wp-json\/wp\/v2\/posts"}],"about":[{"href":"https:\/\/www.hashtag.al\/index.php\/wp-json\/wp\/v2\/types\/post"}],"author":[{"embeddable":true,"href":"https:\/\/www.hashtag.al\/index.php\/wp-json\/wp\/v2\/users\/32"}],"replies":[{"embeddable":true,"href":"https:\/\/www.hashtag.al\/index.php\/wp-json\/wp\/v2\/comments?post=290208"}],"version-history":[{"count":0,"href":"https:\/\/www.hashtag.al\/index.php\/wp-json\/wp\/v2\/posts\/290208\/revisions"}],"wp:featuredmedia":[{"embeddable":true,"href":"https:\/\/www.hashtag.al\/index.php\/wp-json\/wp\/v2\/media\/290209"}],"wp:attachment":[{"href":"https:\/\/www.hashtag.al\/index.php\/wp-json\/wp\/v2\/media?parent=290208"}],"wp:term":[{"taxonomy":"category","embeddable":true,"href":"https:\/\/www.hashtag.al\/index.php\/wp-json\/wp\/v2\/categories?post=290208"},{"taxonomy":"post_tag","embeddable":true,"href":"https:\/\/www.hashtag.al\/index.php\/wp-json\/wp\/v2\/tags?post=290208"}],"curies":[{"name":"wp","href":"https:\/\/api.w.org\/{rel}","templated":true}]}}