{"id":290195,"date":"2019-04-15T19:25:14","date_gmt":"2019-04-15T17:25:14","guid":{"rendered":"https:\/\/hashtag.al\/?p=290195"},"modified":"2019-04-15T19:28:18","modified_gmt":"2019-04-15T17:28:18","slug":"merr-flake-katedralja-e-parisit","status":"publish","type":"post","link":"https:\/\/www.hashtag.al\/index.php\/2019\/04\/15\/merr-flake-katedralja-e-parisit\/","title":{"rendered":"Merr flak\u00eb Katedralja e Parisit","gt_translate_keys":[{"key":"rendered","format":"text"}]},"content":{"rendered":"<p><img loading=\"lazy\" decoding=\"async\" class=\"aligncenter size-full wp-image-290196\" src=\"https:\/\/hashtag.al\/wp-content\/uploads\/2019\/04\/katedraja-e-parisit.jpg\" alt=\"\" width=\"656\" height=\"492\" srcset=\"https:\/\/www.hashtag.al\/wp-content\/uploads\/2019\/04\/katedraja-e-parisit.jpg 656w, https:\/\/www.hashtag.al\/wp-content\/uploads\/2019\/04\/katedraja-e-parisit-300x225.jpg 300w\" sizes=\"auto, (max-width: 656px) 100vw, 656px\" \/><\/p>\n<p><span style=\"color: #000000;\">Nj\u00eb zjarr ka p\u00ebrfshir\u00eb Katedralen &#8220;Notre Dame&#8221; n\u00eb Paris .<\/span><\/p>\n<p><span style=\"color: #000000;\">Fotot e shp\u00ebrndara n\u00eb rrjetet sociale shfaqin sht\u00ebllungat e tymit t\u00eb bardh\u00eb q\u00eb dalin nga \u00e7atia e nd\u00ebrtes\u00ebs.<\/span><\/p>\n<p><span style=\"color: #000000;\">Nuk dihen shkaqet e r\u00ebnies s\u00eb zjarrit n\u00eb Katedralen e famshme.<\/span><br \/>\n<iframe loading=\"lazy\" src=\"https:\/\/video.corriere.it\/video-embed\/14b000cc-5fa1-11e9-b974-356c261cf349?playerType=article&amp;autoPlay=false&amp;playerType=embed&amp;tipo_video=embed_norcs\" width=\"540\" height=\"340\" frameborder=\"no\" scrolling=\"no\" allowfullscreen=\"allowfullscreen\"><\/iframe><\/p>\n","protected":false,"gt_translate_keys":[{"key":"rendered","format":"html"}]},"excerpt":{"rendered":"<p>Nj\u00eb zjarr ka p\u00ebrfshir\u00eb Katedralen &#8220;Notre Dame&#8221; n\u00eb Paris . Fotot e shp\u00ebrndara n\u00eb rrjetet sociale shfaqin sht\u00ebllungat e tymit t\u00eb bardh\u00eb q\u00eb dalin nga \u00e7atia e nd\u00ebrtes\u00ebs. Nuk dihen shkaqet e r\u00ebnies s\u00eb zjarrit n\u00eb Katedralen e famshme.<\/p>\n","protected":false,"gt_translate_keys":[{"key":"rendered","format":"html"}]},"author":32,"featured_media":290196,"comment_status":"open","ping_status":"open","sticky":false,"template":"","format":"standard","meta":{"footnotes":""},"categories":[6,13],"tags":[],"class_list":["post-290195","post","type-post","status-publish","format-standard","has-post-thumbnail","hentry","category-nderkombetare","category-te-fundit"],"gt_translate_keys":[{"key":"link","format":"url"}],"_links":{"self":[{"href":"https:\/\/www.hashtag.al\/index.php\/wp-json\/wp\/v2\/posts\/290195","targetHints":{"allow":["GET"]}}],"collection":[{"href":"https:\/\/www.hashtag.al\/index.php\/wp-json\/wp\/v2\/posts"}],"about":[{"href":"https:\/\/www.hashtag.al\/index.php\/wp-json\/wp\/v2\/types\/post"}],"author":[{"embeddable":true,"href":"https:\/\/www.hashtag.al\/index.php\/wp-json\/wp\/v2\/users\/32"}],"replies":[{"embeddable":true,"href":"https:\/\/www.hashtag.al\/index.php\/wp-json\/wp\/v2\/comments?post=290195"}],"version-history":[{"count":0,"href":"https:\/\/www.hashtag.al\/index.php\/wp-json\/wp\/v2\/posts\/290195\/revisions"}],"wp:featuredmedia":[{"embeddable":true,"href":"https:\/\/www.hashtag.al\/index.php\/wp-json\/wp\/v2\/media\/290196"}],"wp:attachment":[{"href":"https:\/\/www.hashtag.al\/index.php\/wp-json\/wp\/v2\/media?parent=290195"}],"wp:term":[{"taxonomy":"category","embeddable":true,"href":"https:\/\/www.hashtag.al\/index.php\/wp-json\/wp\/v2\/categories?post=290195"},{"taxonomy":"post_tag","embeddable":true,"href":"https:\/\/www.hashtag.al\/index.php\/wp-json\/wp\/v2\/tags?post=290195"}],"curies":[{"name":"wp","href":"https:\/\/api.w.org\/{rel}","templated":true}]}}