{"id":290192,"date":"2019-04-15T19:19:16","date_gmt":"2019-04-15T17:19:16","guid":{"rendered":"https:\/\/hashtag.al\/?p=290192"},"modified":"2019-04-15T19:19:16","modified_gmt":"2019-04-15T17:19:16","slug":"sterviste-me-arme-femijet-arrestohet-per-terrorizem-komandoja-ne-kruje","status":"publish","type":"post","link":"https:\/\/www.hashtag.al\/index.php\/2019\/04\/15\/sterviste-me-arme-femijet-arrestohet-per-terrorizem-komandoja-ne-kruje\/","title":{"rendered":"St\u00ebrviste me arm\u00eb f\u00ebmij\u00ebt, arrestohet p\u00ebr terroriz\u00ebm komandoja n\u00eb Kruj\u00eb","gt_translate_keys":[{"key":"rendered","format":"text"}]},"content":{"rendered":"<p><img loading=\"lazy\" decoding=\"async\" class=\"aligncenter size-full wp-image-290193\" src=\"https:\/\/hashtag.al\/wp-content\/uploads\/2019\/04\/ukaerzen.jpg\" alt=\"\" width=\"1000\" height=\"600\" srcset=\"https:\/\/www.hashtag.al\/wp-content\/uploads\/2019\/04\/ukaerzen.jpg 1000w, https:\/\/www.hashtag.al\/wp-content\/uploads\/2019\/04\/ukaerzen-300x180.jpg 300w, https:\/\/www.hashtag.al\/wp-content\/uploads\/2019\/04\/ukaerzen-768x461.jpg 768w\" sizes=\"auto, (max-width: 1000px) 100vw, 1000px\" \/><\/p>\n<p><span style=\"color: #000000;\">Nj\u00eb 29 vje\u00e7ar nga fshati Gjorm i Kruj\u00ebs \u00ebsht\u00eb arrestuar dhe vendosur n\u00ebn hetim nga antiterrori p\u00ebr propagand\u00eb p\u00ebr q\u00ebllime terroriste dhe st\u00ebrvitje per q\u00ebllime terroriste. I dyshuari Erzen Uka ka qene ushtarak ne misione ne Irak dhe Afganistan dhe p\u00ebrgjat\u00eb dy viteve hetim ai ka shfaqur pritje ekstremiste.<\/span><\/p>\n<p><span style=\"color: #000000;\">N\u00eb video shfaqen edhe dy djem t\u00eb mitur q\u00eb po b\u00ebjn\u00eb ushtrime n\u00eb sht\u00ebpi, ata jan\u00eb duke u st\u00ebrvitur nga i ati m\u00eb qellim p\u00ebr t\u2019u d\u00ebrguar ushtar\u00eb t\u00eb ISIS.<\/span><\/p>\n<p><span style=\"color: #000000;\">Erzen Uka q\u00eb prezantohet n\u00eb rrjetet sociale me emrin Hamzah Uka \u00ebsht\u00eb n\u00ebn akuz\u00eb p\u00ebr st\u00ebrvitje p\u00ebr kryerjen e veprave me q\u00ebllime terroriste si edhe propagand\u00eb me q\u00ebllime terroriste.<\/span><\/p>\n<p><span style=\"color: #000000;\">Video ka mesazhin \u201cMyslimani \u00ebsht\u00eb ushtar i Allahut dhe si i till\u00eb duhet t\u00eb p\u00ebrgatitet\u201d.<\/span><\/p>\n<p><span style=\"color: #000000;\">Prokuroria e Krimeve t\u00eb R\u00ebnda dhe departamenti i anti-terrorit thon\u00eb se ish-komando ka b\u00ebr\u00eb publike n\u00eb Facebook edhe flamujt e ISIS n\u00eb vijim t\u00eb p\u00ebrpjekjeve t\u00eb tij p\u00ebr t\u00eb b\u00ebr\u00eb propagand\u00eb p\u00ebr organizat\u00ebn terroriste.<\/span><\/p>\n<p><span style=\"color: #000000;\">29 vje\u00e7ari, i cili ka qen\u00eb pjes\u00eb e misioneve n\u00eb Irak dhe Afganistan gjat\u00eb vitit 2011, aktualisht i papun\u00eb shfaqet me prirje radikale prej vitesh.<\/span><\/p>\n<p><span style=\"color: #000000;\">I divorcuar dhe i hetuar me her\u00ebt pas denoncimit t\u00eb bashk\u00ebshortes p\u00ebr dhun\u00eb n\u00eb familje Erzen Uka, nuk ka lejuar qe dy djemt\u00eb e tij t\u2019i mbante e \u00ebma edhe pse gjykata kishte urdh\u00ebruar dh\u00ebnien e kujdestaris\u00eb t\u00eb \u00ebm\u00ebs.<\/span><\/p>\n<p><span style=\"color: #000000;\">P\u00ebrmbarimi ka tentuar ta zgjidhe k\u00ebt\u00eb \u00e7\u00ebshtje p\u00ebr t\u00eb ekzekutuar vendimin e Gjykat\u00ebs, por kjo gj\u00eb nuk \u00ebsht\u00eb realizuar \u00e7ka ka sjell\u00eb edhe hetimin e tij edhe per pengim t\u00eb vendimit t\u00eb Gjykat\u00ebs.<\/span><\/p>\n<p><span style=\"color: #000000;\">Prokuroria e Krimeve t\u00eb R\u00ebnda deklaron se pas kontrolleve n\u00eb banes\u00ebn e tij u sekuestruan fishek\u00eb luftarak\u00eb, nd\u00ebrsa gjate mas\u00ebs s\u00eb siguris\u00eb q\u00eb do t\u00eb mbahet t\u00eb marten do t\u00eb referohen si prova edhe mbikqyrjet e her\u00ebpashershme n\u00eb rrjetet sociale.<\/span><\/p>\n","protected":false,"gt_translate_keys":[{"key":"rendered","format":"html"}]},"excerpt":{"rendered":"<p>Nj\u00eb 29 vje\u00e7ar nga fshati Gjorm i Kruj\u00ebs \u00ebsht\u00eb arrestuar dhe vendosur n\u00ebn hetim nga antiterrori p\u00ebr propagand\u00eb p\u00ebr q\u00ebllime terroriste dhe st\u00ebrvitje per q\u00ebllime terroriste. I dyshuari Erzen Uka ka qene ushtarak ne misione ne Irak dhe Afganistan dhe p\u00ebrgjat\u00eb dy viteve hetim ai ka shfaqur pritje ekstremiste. N\u00eb video shfaqen edhe dy djem [&hellip;]<\/p>\n","protected":false,"gt_translate_keys":[{"key":"rendered","format":"html"}]},"author":32,"featured_media":290193,"comment_status":"open","ping_status":"open","sticky":false,"template":"","format":"standard","meta":{"footnotes":""},"categories":[65,13],"tags":[],"class_list":["post-290192","post","type-post","status-publish","format-standard","has-post-thumbnail","hentry","category-lajme","category-te-fundit"],"gt_translate_keys":[{"key":"link","format":"url"}],"_links":{"self":[{"href":"https:\/\/www.hashtag.al\/index.php\/wp-json\/wp\/v2\/posts\/290192","targetHints":{"allow":["GET"]}}],"collection":[{"href":"https:\/\/www.hashtag.al\/index.php\/wp-json\/wp\/v2\/posts"}],"about":[{"href":"https:\/\/www.hashtag.al\/index.php\/wp-json\/wp\/v2\/types\/post"}],"author":[{"embeddable":true,"href":"https:\/\/www.hashtag.al\/index.php\/wp-json\/wp\/v2\/users\/32"}],"replies":[{"embeddable":true,"href":"https:\/\/www.hashtag.al\/index.php\/wp-json\/wp\/v2\/comments?post=290192"}],"version-history":[{"count":0,"href":"https:\/\/www.hashtag.al\/index.php\/wp-json\/wp\/v2\/posts\/290192\/revisions"}],"wp:featuredmedia":[{"embeddable":true,"href":"https:\/\/www.hashtag.al\/index.php\/wp-json\/wp\/v2\/media\/290193"}],"wp:attachment":[{"href":"https:\/\/www.hashtag.al\/index.php\/wp-json\/wp\/v2\/media?parent=290192"}],"wp:term":[{"taxonomy":"category","embeddable":true,"href":"https:\/\/www.hashtag.al\/index.php\/wp-json\/wp\/v2\/categories?post=290192"},{"taxonomy":"post_tag","embeddable":true,"href":"https:\/\/www.hashtag.al\/index.php\/wp-json\/wp\/v2\/tags?post=290192"}],"curies":[{"name":"wp","href":"https:\/\/api.w.org\/{rel}","templated":true}]}}