{"id":290132,"date":"2019-04-15T14:38:07","date_gmt":"2019-04-15T12:38:07","guid":{"rendered":"https:\/\/hashtag.al\/?p=290132"},"modified":"2019-04-15T14:41:11","modified_gmt":"2019-04-15T12:41:11","slug":"reuters-guaido-vs-maduro-kush-po-i-mbeshtet-dy-lideret-e-venezueles","status":"publish","type":"post","link":"https:\/\/www.hashtag.al\/index.php\/2019\/04\/15\/reuters-guaido-vs-maduro-kush-po-i-mbeshtet-dy-lideret-e-venezueles\/","title":{"rendered":"Reuters: Guaido vs Maduro &#8211; Kush po i mb\u00ebshtet dy lider\u00ebt e Venezuel\u00ebs","gt_translate_keys":[{"key":"rendered","format":"text"}]},"content":{"rendered":"<p><span style=\"color: #000000;\"><img loading=\"lazy\" decoding=\"async\" class=\"aligncenter size-full wp-image-290133\" src=\"https:\/\/hashtag.al\/wp-content\/uploads\/2019\/04\/E1541970-B19D-430D-BD6A-BD48711CD23B_w1023_r1_s.jpg\" alt=\"\" width=\"1023\" height=\"575\" srcset=\"https:\/\/www.hashtag.al\/wp-content\/uploads\/2019\/04\/E1541970-B19D-430D-BD6A-BD48711CD23B_w1023_r1_s.jpg 1023w, https:\/\/www.hashtag.al\/wp-content\/uploads\/2019\/04\/E1541970-B19D-430D-BD6A-BD48711CD23B_w1023_r1_s-300x169.jpg 300w, https:\/\/www.hashtag.al\/wp-content\/uploads\/2019\/04\/E1541970-B19D-430D-BD6A-BD48711CD23B_w1023_r1_s-768x432.jpg 768w\" sizes=\"auto, (max-width: 1023px) 100vw, 1023px\" \/><\/span><\/p>\n<p><span style=\"color: #000000;\">Nj\u00eb grup vendesh evropiane iu bashkuan k\u00ebt\u00eb jav\u00eb Shteteve t\u00eb Bashkuara t\u00eb Amerik\u00ebs dhe vendeve t\u00eb tjera per\u00ebndimore n\u00eb njohjen e udh\u00ebheq\u00ebsit t\u00eb opozit\u00ebs, Juan Guaido, si kreu legjitim i Venezuel\u00ebs, duke shtuar presionin global ndaj kreut aktual t\u00eb vendit, Nicolas Maduro.<\/span><\/p>\n<p><span style=\"color: #000000;\">Guaido thot\u00eb se votimi i majit 2018 n\u00eb t\u00eb cilin Maduro fitoi nj\u00eb mandat t\u00eb dyt\u00eb ishte i manipuluar dhe m\u00eb 23 janar p\u00ebrdori nj\u00eb dispozit\u00eb kushtetuese p\u00ebr t\u00eb deklaruar veten president, duke premtuar zgjedhje t\u00eb lira dhe t\u00eb ndershme.<\/span><\/p>\n<p><span style=\"color: #000000;\">35-vje\u00e7ari ka fituar mb\u00ebshtetjen e shum\u00eb vendeve per\u00ebndimore, edhe pse vendet e fuqishme si Rusia, Kina dhe Turqia vazhdojn\u00eb t\u00eb mb\u00ebshtesin Maduron dhe t\u00eb denoncojn\u00eb at\u00eb q\u00eb ata e quajn\u00eb nd\u00ebrhyrje t\u00eb huaja n\u00eb pun\u00ebt e brendshme t\u00eb Venezuel\u00ebs.<\/span><\/p>\n<p><span style=\"color: #000000;\"><em><strong>Kush i mb\u00ebshtet Maduron dhe Guaidon<\/strong><\/em><\/span><\/p>\n<p><span style=\"color: #000000;\"><strong>Maduro<\/strong><\/span><\/p>\n<p><span style=\"color: #000000;\">&#8211; Zyrtar\u00ebt e lart\u00eb t\u00eb ushtris\u00eb s\u00eb Venezuel\u00ebs nuk kan\u00eb treguar asnj\u00eb shenj\u00eb se kan\u00eb nd\u00ebrmend t\u00eb braktisin Maduron. Ministri i Mbrojtjes, Vladimir Padrino, ka th\u00ebn\u00eb se forcat e armatosura t\u00eb Venezuel\u00ebs e hedhin posht\u00eb ndonj\u00eb president t\u00eb vet\u00ebshpallur.<\/span><\/p>\n<p><span style=\"color: #000000;\">&#8211; Rusia dhe Kina, q\u00eb jan\u00eb investitor\u00eb t\u00eb m\u00ebdhenj n\u00eb industrin\u00eb e naft\u00ebs n\u00eb Venezuel\u00eb dhe kreditor\u00eb t\u00eb r\u00ebnd\u00ebsish\u00ebm n\u00eb shlyerjen e borxhit, kan\u00eb q\u00ebndruar pran\u00eb Maduros dhe kan\u00eb kritikuar nd\u00ebrhyrjen e SHBA-ve. T\u00eb dy bllokuan nj\u00eb shtytje p\u00ebr K\u00ebshillin e Sigurimit t\u00eb Kombeve t\u00eb Bashkuara p\u00ebr t\u00eb mb\u00ebshtetur Guaidon.<\/span><\/p>\n<p><span style=\"color: #000000;\">&#8211; Turqia ka mb\u00ebshtetur Maduron, n\u00eb kontrast me aleat\u00ebt e saj t\u00eb NATO-s, nd\u00ebrsa Irani ka akuzuar Shtetet e Bashkuara se k\u00ebrkon &#8220;hegjemonin\u00eb bot\u00ebrore&#8221;.<\/span><\/p>\n<p><span style=\"color: #000000;\">&#8211; Gjykata e Lart\u00eb Venezueliane, e mbushur me besnik\u00ebt e Maduros, kan\u00eb shprehur mb\u00ebshtetjen e udh\u00ebheq\u00ebsit socialist, duke vendosur muajin e kaluar se t\u00eb gjitha veprimet e nd\u00ebrmarra nga kongresi &#8211; t\u00eb udh\u00ebhequr nga Guaido &#8211; jan\u00eb t\u00eb pavlefshme.<\/span><\/p>\n<p><span style=\"color: #000000;\">&#8211; Kompania shtet\u00ebrore e naft\u00ebs PDVSA, e cila p\u00ebrb\u00ebn pjes\u00ebn m\u00eb t\u00eb madhe t\u00eb fitimeve t\u00eb eksportit t\u00eb Venezuel\u00ebs, q\u00ebndron pran\u00eb Maduros. Presidenti i PDVSA-s\u00eb dhe ministri i Naft\u00ebs, Manuel Quevedo, nj\u00eb oficer ushtarak karriere, tha m\u00eb 31 janar se Guaido ishte &#8220;nj\u00eb kukull&#8221; e Shteteve t\u00eb Bashkuara.<\/span><\/p>\n<p><span style=\"color: #000000;\">&#8211; Disa qeveri t\u00eb majta n\u00eb rajon, p\u00ebrfshir\u00eb Kub\u00ebn, Bolivin\u00eb dhe Nikaraguan, vazhdojn\u00eb t\u00eb mb\u00ebshtesin Maduron. Meksika, ku majtisti Andres Manuel Lopez Obrador u shpall president vitin e kaluar, \u00ebsht\u00eb t\u00ebrhequr nga kund\u00ebrshtimi i qeveris\u00eb s\u00eb m\u00ebparshme ndaj Maduros dhe tha se do t\u00eb ndjek\u00eb nj\u00eb politik\u00eb t\u00eb mosnd\u00ebrhyrjes.<\/span><\/p>\n<p><span style=\"color: #000000;\">&#8211; Si Meksika dhe Uruguai kan\u00eb b\u00ebr\u00eb thirrje p\u00ebr dialog mes qeveris\u00eb s\u00eb Venezuel\u00ebs dhe opozit\u00ebs p\u00ebr nj\u00eb rezolut\u00eb ndaj kriz\u00ebs politike t\u00eb vendit jugor.<\/span><\/p>\n<p><span style=\"color: #000000;\"><img loading=\"lazy\" decoding=\"async\" class=\"aligncenter size-full wp-image-290135\" src=\"https:\/\/hashtag.al\/wp-content\/uploads\/2019\/04\/maduro1.jpg\" alt=\"\" width=\"1600\" height=\"900\" srcset=\"https:\/\/www.hashtag.al\/wp-content\/uploads\/2019\/04\/maduro1.jpg 1600w, https:\/\/www.hashtag.al\/wp-content\/uploads\/2019\/04\/maduro1-300x169.jpg 300w, https:\/\/www.hashtag.al\/wp-content\/uploads\/2019\/04\/maduro1-768x432.jpg 768w, https:\/\/www.hashtag.al\/wp-content\/uploads\/2019\/04\/maduro1-1024x576.jpg 1024w\" sizes=\"auto, (max-width: 1600px) 100vw, 1600px\" \/><\/span><\/p>\n<p><span style=\"color: #000000;\"><strong>Guaido<\/strong><\/span><\/p>\n<p><span style=\"color: #000000;\">&#8211; Shtetet e Bashkuara njoh\u00ebn Guaidon, pak pasi ai u vet\u00ebshpall president, duke th\u00ebn\u00eb se do t\u00eb p\u00ebrdorte &#8220;fuqin\u00eb e saj ekonomike dhe diplomatike&#8221; p\u00ebr t\u00eb rivendosur demokracin\u00eb n\u00eb Venezuel\u00eb.<\/span><\/p>\n<p><span style=\"color: #000000;\">&#8211; Shum\u00eb qeveri t\u00eb Amerik\u00ebs Latine, duke p\u00ebrfshir\u00eb Brazilin, Kolumbin\u00eb dhe Argjentin\u00ebn, gjithashtu e njoh\u00ebn Guaidon menj\u00ebher\u00eb pas k\u00ebsaj.<\/span><\/p>\n<p><span style=\"color: #000000;\">&#8211; Britania, Gjermania, Franca dhe Spanja dhe m\u00eb shum\u00eb se nj\u00eb duzin\u00eb an\u00ebtar\u00eb t\u00eb tjer\u00eb t\u00eb Bashkimit Europian kan\u00eb njohur Guaidon n\u00eb nj\u00eb veprim t\u00eb koordinuar m\u00eb 4 shkurt, pas skadimit t\u00eb nj\u00eb ultimatumi q\u00eb ata dhan\u00eb p\u00ebr Maduron p\u00ebr t\u00eb thirrur zgjedhje t\u00eb reja presidenciale.<\/span><\/p>\n<p><span style=\"color: #000000;\">&#8211; Australia, Kanadaja, Izraeli dhe Maroku gjithashtu e njohin udh\u00ebheq\u00ebsin e ri.<\/span><\/p>\n<p><span style=\"color: #000000;\">&#8211; Ka disa shenja q\u00eb mb\u00ebshtetja p\u00ebr opozit\u00ebn po zgjerohet p\u00ebrtej zonave tradicionale t\u00eb klas\u00ebs s\u00eb mesme dhe asaj t\u00eb lart\u00eb. Disa protesta kund\u00ebr Maduros shp\u00ebrthyen n\u00eb lagjet e klas\u00ebs s\u00eb pun\u00ebtor\u00ebve muajin e kaluar, nd\u00ebrsa shum\u00eb ish-mb\u00ebshtet\u00ebs t\u00eb \u00c7avesit dhe Maduros kan\u00eb dal\u00eb n\u00eb marshime opozitare n\u00eb 10 dit\u00ebt e fundit.<\/span><\/p>\n<p><span style=\"color: #000000;\">&#8211; Disa oficer\u00eb ushtarak\u00eb t\u00eb nivelit t\u00eb ul\u00ebt kan\u00eb shprehur pak\u00ebnaq\u00ebsi me qeverin\u00eb. Qeveria m\u00eb 21 janar tha se do shtypte nj\u00eb revolt\u00eb ushtarake, pasi nj\u00eb grup polic\u00ebsh vodh\u00ebn arm\u00eb, mor\u00ebn peng oficer\u00eb dhe k\u00ebrkuan largimin e Maduro.<\/span><\/p>\n<p><span style=\"color: #000000;\">&#8211; Gjenerali i Forcave Ajrore, Francisco Janez, u b\u00eb gjenerali i par\u00eb aktiv q\u00eb njohu haptas Guaidon n\u00eb nj\u00eb video q\u00eb qarkullonte m\u00eb 2 shkurt, ndon\u00ebse skeptik\u00ebt v\u00ebrejn\u00eb se Maduro kishte mbushur radh\u00ebt e gjeneral\u00ebve deri n\u00eb 2,000, gjat\u00eb sundimit t\u00eb tij.<\/span><\/p>\n<p><span style=\"color: #000000;\">&#8211; D\u00ebbimi i Yanezit erdhi pas asaj t\u00eb emisarit t\u00eb lart\u00eb ushtarak t\u00eb Venezuel\u00ebs n\u00eb Shtetet e Bashkuara nj\u00eb jav\u00eb m\u00eb par\u00eb.<\/span><\/p>\n<p><span style=\"color: #000000;\"><strong><span style=\"color: #ff0000;\">VINI RE<\/span>:<\/strong> Ky material \u00ebsht\u00eb pron\u00ebsi intelektuale e <a href=\"https:\/\/www.reuters.com\/article\/us-venezuela-politics-maduro-guaido-fact\/factbox-guaido-vs-maduro-who-is-backing-venezuelas-two-presidents-idUSKCN1PU29H?fbclid=IwAR1Kq6CqqVr3goRhmS1mgcYxFMBnb4Rp1yp9v7yrp4vByck7cTKrX9touRQ\"><span style=\"color: #0000ff;\">Reuters<\/span><\/a><\/span><\/p>\n<p><img loading=\"lazy\" decoding=\"async\" class=\"aligncenter size-full wp-image-290136\" src=\"https:\/\/hashtag.al\/wp-content\/uploads\/2019\/04\/guaido_7.jpg\" alt=\"\" width=\"1024\" height=\"578\" srcset=\"https:\/\/www.hashtag.al\/wp-content\/uploads\/2019\/04\/guaido_7.jpg 1024w, https:\/\/www.hashtag.al\/wp-content\/uploads\/2019\/04\/guaido_7-300x169.jpg 300w, https:\/\/www.hashtag.al\/wp-content\/uploads\/2019\/04\/guaido_7-768x434.jpg 768w\" sizes=\"auto, (max-width: 1024px) 100vw, 1024px\" \/><\/p>\n","protected":false,"gt_translate_keys":[{"key":"rendered","format":"html"}]},"excerpt":{"rendered":"<p>Nj\u00eb grup vendesh evropiane iu bashkuan k\u00ebt\u00eb jav\u00eb Shteteve t\u00eb Bashkuara t\u00eb Amerik\u00ebs dhe vendeve t\u00eb tjera per\u00ebndimore n\u00eb njohjen e udh\u00ebheq\u00ebsit t\u00eb opozit\u00ebs, Juan Guaido, si kreu legjitim i Venezuel\u00ebs, duke shtuar presionin global ndaj kreut aktual t\u00eb vendit, Nicolas Maduro. Guaido thot\u00eb se votimi i majit 2018 n\u00eb t\u00eb cilin Maduro fitoi nj\u00eb [&hellip;]<\/p>\n","protected":false,"gt_translate_keys":[{"key":"rendered","format":"html"}]},"author":51,"featured_media":290134,"comment_status":"open","ping_status":"open","sticky":false,"template":"","format":"standard","meta":{"footnotes":""},"categories":[22,6],"tags":[],"class_list":["post-290132","post","type-post","status-publish","format-standard","has-post-thumbnail","hentry","category-ballina","category-nderkombetare"],"gt_translate_keys":[{"key":"link","format":"url"}],"_links":{"self":[{"href":"https:\/\/www.hashtag.al\/index.php\/wp-json\/wp\/v2\/posts\/290132","targetHints":{"allow":["GET"]}}],"collection":[{"href":"https:\/\/www.hashtag.al\/index.php\/wp-json\/wp\/v2\/posts"}],"about":[{"href":"https:\/\/www.hashtag.al\/index.php\/wp-json\/wp\/v2\/types\/post"}],"author":[{"embeddable":true,"href":"https:\/\/www.hashtag.al\/index.php\/wp-json\/wp\/v2\/users\/51"}],"replies":[{"embeddable":true,"href":"https:\/\/www.hashtag.al\/index.php\/wp-json\/wp\/v2\/comments?post=290132"}],"version-history":[{"count":0,"href":"https:\/\/www.hashtag.al\/index.php\/wp-json\/wp\/v2\/posts\/290132\/revisions"}],"wp:featuredmedia":[{"embeddable":true,"href":"https:\/\/www.hashtag.al\/index.php\/wp-json\/wp\/v2\/media\/290134"}],"wp:attachment":[{"href":"https:\/\/www.hashtag.al\/index.php\/wp-json\/wp\/v2\/media?parent=290132"}],"wp:term":[{"taxonomy":"category","embeddable":true,"href":"https:\/\/www.hashtag.al\/index.php\/wp-json\/wp\/v2\/categories?post=290132"},{"taxonomy":"post_tag","embeddable":true,"href":"https:\/\/www.hashtag.al\/index.php\/wp-json\/wp\/v2\/tags?post=290132"}],"curies":[{"name":"wp","href":"https:\/\/api.w.org\/{rel}","templated":true}]}}