{"id":289741,"date":"2019-04-13T22:48:15","date_gmt":"2019-04-13T20:48:15","guid":{"rendered":"https:\/\/hashtag.al\/?p=289741"},"modified":"2019-04-13T22:48:15","modified_gmt":"2019-04-13T20:48:15","slug":"kryemadhi-kjo-ishte-nje-nga-protestat-me-te-medha-i-dha-shprese-shqiptareve","status":"publish","type":"post","link":"https:\/\/www.hashtag.al\/index.php\/2019\/04\/13\/kryemadhi-kjo-ishte-nje-nga-protestat-me-te-medha-i-dha-shprese-shqiptareve\/","title":{"rendered":"Kryemadhi: Kjo ishte nj\u00eb nga protestat m\u00eb t\u00eb m\u00ebdha, i dha shpres\u00eb shqiptar\u00ebve","gt_translate_keys":[{"key":"rendered","format":"text"}]},"content":{"rendered":"<p><img loading=\"lazy\" decoding=\"async\" class=\"aligncenter size-full wp-image-289710\" src=\"https:\/\/hashtag.al\/wp-content\/uploads\/2019\/04\/WhatsApp-Image-2019-04-13-at-20.04.47.jpeg\" alt=\"\" width=\"1280\" height=\"853\" srcset=\"https:\/\/www.hashtag.al\/wp-content\/uploads\/2019\/04\/WhatsApp-Image-2019-04-13-at-20.04.47.jpeg 1280w, https:\/\/www.hashtag.al\/wp-content\/uploads\/2019\/04\/WhatsApp-Image-2019-04-13-at-20.04.47-300x200.jpeg 300w, https:\/\/www.hashtag.al\/wp-content\/uploads\/2019\/04\/WhatsApp-Image-2019-04-13-at-20.04.47-768x512.jpeg 768w, https:\/\/www.hashtag.al\/wp-content\/uploads\/2019\/04\/WhatsApp-Image-2019-04-13-at-20.04.47-1024x682.jpeg 1024w\" sizes=\"auto, (max-width: 1280px) 100vw, 1280px\" \/><\/p>\n<p><span style=\"color: #000000;\">N\u00eb nj\u00eb prononcim nga selia e LSI, Monika Kryemadhi ka komentuar protest\u00ebn e sotme.<\/span><\/p>\n<p><span style=\"color: #000000;\">Sipas saj, kjo ishte protesta m\u00eb e madhe, nd\u00ebrsa shtoi se kryeministri Rama \u00ebsht\u00eb n\u00eb fakt i larguar.<\/span><\/p>\n<p><span style=\"color: #000000;\">\u201c<em>Nj\u00eb nga protestat m\u00eb t\u00eb m\u00ebdha q\u00eb ka patur Shqip\u00ebria. Kjo protest\u00eb i dha shpres\u00eb shqiptar\u00ebve t\u00eb, dob\u00ebt, t\u00eb vobekt\u00eb e t\u00eb varf\u00ebr. P\u00ebr prind\u00ebrit q\u00eb mundohen p\u00ebr t\u00eb studiuar f\u00ebmij\u00ebt e tyre, p\u00ebr f\u00ebmij\u00ebt e tyre q\u00eb mbyten nga taksat. <\/em><\/span><\/p>\n<p><span style=\"color: #000000;\"><em>Falenderoj shofer\u00ebt q\u00eb jan\u00eb k\u00ebrc\u00ebnuar dhe gjobitur nga policia e Ram\u00ebs. Ruani faturat se do ti merrni parat\u00eb nj\u00eb p\u00ebr nj\u00eb. Falenderoj gazetar\u00ebt e terrenit, falenderoj polic\u00ebt q\u00eb u treguan dashamir\u00ebs ndaj nesh. <\/em><\/span><\/p>\n<p><span style=\"color: #000000;\"><em>Por i b\u00ebj thirrje atyre q\u00eb dhan\u00eb urdh\u00ebr p\u00ebr t\u00eb sulmuar i kan\u00eb hesapet e hapura me mij\u00ebra shqiptar\u00eb. Jemi krenar\u00eb q\u00eb kemi b\u00ebr\u00eb nj\u00eb akt dinjitoz pasi me djegien e mandateve do t\u00eb sjellim nj\u00eb politik\u00eb q\u00eb mendon p\u00ebr hallet e shqiptar\u00ebve. Shqip\u00ebria, sht\u00ebpia e shqiptar\u00ebve<\/em>\u201d- u shpreh kryetarja e LSI-s\u00eb.<\/span><\/p>\n<p>&nbsp;<\/p>\n","protected":false,"gt_translate_keys":[{"key":"rendered","format":"html"}]},"excerpt":{"rendered":"<p>N\u00eb nj\u00eb prononcim nga selia e LSI, Monika Kryemadhi ka komentuar protest\u00ebn e sotme. Sipas saj, kjo ishte protesta m\u00eb e madhe, nd\u00ebrsa shtoi se kryeministri Rama \u00ebsht\u00eb n\u00eb fakt i larguar. \u201cNj\u00eb nga protestat m\u00eb t\u00eb m\u00ebdha q\u00eb ka patur Shqip\u00ebria. Kjo protest\u00eb i dha shpres\u00eb shqiptar\u00ebve t\u00eb, dob\u00ebt, t\u00eb vobekt\u00eb e t\u00eb varf\u00ebr. [&hellip;]<\/p>\n","protected":false,"gt_translate_keys":[{"key":"rendered","format":"html"}]},"author":32,"featured_media":287780,"comment_status":"open","ping_status":"open","sticky":false,"template":"","format":"standard","meta":{"footnotes":""},"categories":[65,13],"tags":[],"class_list":["post-289741","post","type-post","status-publish","format-standard","has-post-thumbnail","hentry","category-lajme","category-te-fundit"],"gt_translate_keys":[{"key":"link","format":"url"}],"_links":{"self":[{"href":"https:\/\/www.hashtag.al\/index.php\/wp-json\/wp\/v2\/posts\/289741","targetHints":{"allow":["GET"]}}],"collection":[{"href":"https:\/\/www.hashtag.al\/index.php\/wp-json\/wp\/v2\/posts"}],"about":[{"href":"https:\/\/www.hashtag.al\/index.php\/wp-json\/wp\/v2\/types\/post"}],"author":[{"embeddable":true,"href":"https:\/\/www.hashtag.al\/index.php\/wp-json\/wp\/v2\/users\/32"}],"replies":[{"embeddable":true,"href":"https:\/\/www.hashtag.al\/index.php\/wp-json\/wp\/v2\/comments?post=289741"}],"version-history":[{"count":0,"href":"https:\/\/www.hashtag.al\/index.php\/wp-json\/wp\/v2\/posts\/289741\/revisions"}],"wp:featuredmedia":[{"embeddable":true,"href":"https:\/\/www.hashtag.al\/index.php\/wp-json\/wp\/v2\/media\/287780"}],"wp:attachment":[{"href":"https:\/\/www.hashtag.al\/index.php\/wp-json\/wp\/v2\/media?parent=289741"}],"wp:term":[{"taxonomy":"category","embeddable":true,"href":"https:\/\/www.hashtag.al\/index.php\/wp-json\/wp\/v2\/categories?post=289741"},{"taxonomy":"post_tag","embeddable":true,"href":"https:\/\/www.hashtag.al\/index.php\/wp-json\/wp\/v2\/tags?post=289741"}],"curies":[{"name":"wp","href":"https:\/\/api.w.org\/{rel}","templated":true}]}}