{"id":289504,"date":"2019-04-12T19:59:14","date_gmt":"2019-04-12T17:59:14","guid":{"rendered":"https:\/\/hashtag.al\/?p=289504"},"modified":"2019-04-12T19:59:14","modified_gmt":"2019-04-12T17:59:14","slug":"keshilltari-i-obames-akuzohet-per-mashtrim-ndaj-prokuroreve-per-lobimin-e-jashtem","status":"publish","type":"post","link":"https:\/\/www.hashtag.al\/index.php\/2019\/04\/12\/keshilltari-i-obames-akuzohet-per-mashtrim-ndaj-prokuroreve-per-lobimin-e-jashtem\/","title":{"rendered":"K\u00ebshilltari i Obam\u00ebs akuzohet p\u00ebr mashtrim ndaj prokuror\u00ebve p\u00ebr lobimin e jasht\u00ebm","gt_translate_keys":[{"key":"rendered","format":"text"}]},"content":{"rendered":"<p><img loading=\"lazy\" decoding=\"async\" class=\"aligncenter size-full wp-image-289505\" src=\"https:\/\/hashtag.al\/wp-content\/uploads\/2019\/04\/creg-2-1.jpeg\" alt=\"\" width=\"800\" height=\"568\" srcset=\"https:\/\/www.hashtag.al\/wp-content\/uploads\/2019\/04\/creg-2-1.jpeg 800w, https:\/\/www.hashtag.al\/wp-content\/uploads\/2019\/04\/creg-2-1-300x213.jpeg 300w, https:\/\/www.hashtag.al\/wp-content\/uploads\/2019\/04\/creg-2-1-768x545.jpeg 768w\" sizes=\"auto, (max-width: 800px) 100vw, 800px\" \/><\/p>\n<p><span style=\"color: #000000;\">Gregori Craig, k\u00ebshilltari i ish-Presidentit t\u00eb SHBA-s\u00eb Barack Obama akuzohet p\u00ebr mashtrim dhe fshehje informacioni p\u00ebr pun\u00ebn e tij n\u00eb Ukrain\u00eb,raporton <span style=\"color: #0000ff;\"><strong><a style=\"color: #0000ff;\" href=\"https:\/\/www.cnbc.com\/2019\/04\/11\/obama-white-house-counsel-gregory-craig-charged-by-federal-prosecutors.html\">CNBC<\/a><\/strong><\/span>..<\/span><\/p>\n<p><span style=\"color: #000000;\">Craig me profesion avokat \u00ebsht\u00eb akuzuar nga Akti i Regjistrimit t\u00eb Agjent\u00ebve t\u00eb Jasht\u00ebm t\u00eb Departamentit t\u00eb Drejt\u00ebsis\u00eb, ose nj\u00ebsia FARA. Ai p\u00ebrballet me dy akuza t\u00eb cilat mund ta mbajn\u00eb at\u00eb n\u00eb burg p\u00ebr 5 vjet.<\/span><\/p>\n<p><span style=\"color: #000000;\">Akuzat rrjedhin nga hetimi federal p\u00ebr nd\u00ebrhyrjet ruse n\u00eb zgjedhjet presidenciale t\u00eb 2016, raport i cili u b\u00eb publik dhe u kryesua nga hetuesi i posa\u00e7\u00ebm Robert Mueller.<\/span><\/p>\n<p><span style=\"color: #000000;\">Avokat\u00ebt e Craig \u00a0than\u00eb n\u00eb nj\u00eb deklarat\u00eb p\u00ebr mediat se rasti i klientit t\u00eb tyre tashm\u00eb ishte referuar tek autoritetet federale n\u00eb rajonin jugor t\u00eb Nju Jorkut t\u00eb cil\u00ebt nuk kishin ngritur padi.<\/span><\/p>\n<p><span style=\"color: #000000;\">Craig \u00ebsht\u00eb akuzuar p\u00ebr g\u00ebnjeshtra gjat\u00eb nj\u00eb interviste me zyr\u00ebn e avokatit t\u00eb posa\u00e7\u00ebm t\u00eb 19 tetorit 2017 lidhur me natyr\u00ebn e pun\u00ebs q\u00eb b\u00ebri p\u00ebr qeverin\u00eb e Ukrain\u00ebs n\u00eb vitin 2012 dhe 2013, nd\u00ebrsa ai ishte nj\u00eb partner i lart\u00eb n\u00eb firm\u00ebn ligjore \u201cSkadden Arps\u201d. Craig u largua nga firma n\u00eb prill t\u00eb vitit 2018.<\/span><\/p>\n<p><span style=\"color: #000000;\">Craig \u00ebsht\u00eb akuzuar p\u00ebr g\u00ebnjeshtra gjat\u00eb nj\u00eb interviste n\u00eb zyr\u00ebn e avokatit t\u00eb posa\u00e7\u00ebm n\u00eb 19 tetor 2017 lidhur me natyr\u00ebn e pun\u00ebs q\u00eb kryene p\u00ebr qeverin\u00eb e Ukrain\u00ebs n\u00eb vitin 2012 dhe 2013, nd\u00ebrsa ai ishte nj\u00eb partner i lart\u00eb n\u00eb zyr\u00ebn ligjore Skadden Arps.<\/span><\/p>\n<p><span style=\"color: #000000;\">Me \u201cSkadden\u201d fillimisht ishte lidhur kontrat\u00eb n\u00eb vitin 2012 nga qeveria e presidentit t\u00eb at\u00ebhersh\u00ebm ukrainas Viktor Janukovi\u00e7, nj\u00eb aleat i Kremlinit, p\u00ebr t\u00eb p\u00ebrgatitur nj\u00eb raport formal n\u00eb m\u00ebnyr\u00eb efektive duke arsyetuar vendimin e Janukovi\u00e7 p\u00ebr t\u00eb ndjekur penalisht dhe p\u00ebr t\u00eb burgosur rivalen i tij politike, Yulia Tymoshenko.<\/span><\/p>\n<p><span style=\"color: #000000;\">Akuzat Timoshenkos shkaktuan acarim nd\u00ebrkomb\u00ebtar n\u00eb at\u00eb koh\u00eb dhe qeveria e Janukovi\u00e7 k\u00ebrkonte me padurim p\u00ebr nj\u00eb firm\u00eb ligjore per\u00ebndimore me reputacion t\u00eb past\u00ebr si \u201cSkadden\u201d p\u00ebr t\u00eb prodhuar nj\u00eb raport q\u00eb mund t\u00eb pranohej nd\u00ebrkomb\u00ebtarisht, si nj\u00eb p\u00ebrpjekje p\u00ebr t\u00eb leht\u00ebsuar disa nga presionet q\u00eb vinin nga grupet e t\u00eb drejtave t\u00eb njeriut dhe organizatave joqeveritare.<\/span><\/p>\n<p><span style=\"color: #000000;\">N\u00eb 2012 dhe 2013, nd\u00ebrsa Skadden po punonte p\u00ebr qeverin\u00eb e Janukovi\u00e7it, Departamenti i Drejt\u00ebsis\u00eb kontaktoi zyr\u00ebn ligjore p\u00ebr t\u00eb pyetur n\u00ebse puna p\u00ebrb\u00ebnte lobim t\u00eb huaj, gj\u00eb q\u00eb do t\u00eb duhej q\u00eb Skadden t\u00eb regjistrohej si agjent i qeveris\u00eb s\u00eb Ukrain\u00ebs n\u00ebn \u201cFARA\u201d.<\/span><\/p>\n<p><span style=\"color: #000000;\">Sipas aktakuz\u00ebs, n\u00eb shkurt t\u00eb vitit 2012, Craig d\u00ebrgoi email tek nj\u00eb partner i zyr\u00ebs ligjore ku i shkruante se &#8220;<em>Nuk dua t\u00eb regjistrohem si agjent i huaj n\u00ebn FARA. Un\u00eb mendoj se ne nuk duhet t\u00eb kem t\u00eb b\u00ebj me k\u00ebt\u00eb detyr\u00eb, apo jo<\/em>?&#8221;<\/span><\/p>\n<p><span style=\"color: #000000;\">N\u00eb nj\u00eb marr\u00ebveshje t\u00eb arritur mes Skadden dhe Departamentit t\u00eb Drejt\u00ebsis\u00eb k\u00ebt\u00eb vit, zyra zbuloi se nj\u00eb partner i lart\u00eb q\u00eb i p\u00ebrshtatet p\u00ebrshkrimit t\u00eb Craig u p\u00ebrgjigj n\u00eb hetimin e Departamentit t\u00eb Drejt\u00ebsis\u00eb. Ky partner dyshohet se kishte b\u00ebr\u00eb deklarata &#8220;t\u00eb rreme dhe mashtruese&#8221; p\u00ebr natyr\u00ebn e pun\u00ebs s\u00eb zyr\u00ebs p\u00ebr Janukovi\u00e7, t\u00eb cilat kishin p\u00ebr q\u00ebllim t\u00eb shmangnin regjistrimin e zyr\u00ebs si agjent i huaj.<\/span><\/p>\n<p><span style=\"color: #000000;\">Craig thuhet se \u00ebsht\u00eb intervistuar disa her\u00eb nga ekipi i Muellerit si pjes\u00eb e hetimit 22-mujor t\u00eb tij p\u00ebr nd\u00ebrhyrjen ruse n\u00eb zgjedhje, si pjes\u00eb e marr\u00ebveshjes s\u00eb mundshme t\u00eb Kremlinit me fushat\u00ebn zgjedhore t\u00eb Trump dhe \u00a0nd\u00ebrhyrjen e mund\u00ebshme te drejt\u00ebsianga vet\u00eb Presidenti Donald Trump.<\/span><\/p>\n<p><span style=\"color: #000000;\">Nd\u00ebrsa hetuesi i posa\u00e7\u00ebm dor\u00ebzoi raportin gati 400 faqe n\u00eb Departamentin e Drejt\u00ebsis\u00eb m\u00eb 22 mars, disa raste penale t\u00eb paraqitura nga ekipi hetues jan\u00eb ende n\u00eb vazhdim. I besuari dhe aleati i Trump Roger Stone, i cili u padit nga nj\u00eb juri e madhe federale me akuza duke p\u00ebrfshir\u00eb g\u00ebnjeshtrat n\u00eb Kongres dhe manipulimin e d\u00ebshmitarit, \u00ebsht\u00eb duke pritur dat\u00ebn e gjyqit t\u00eb tij m\u00eb 5 n\u00ebntor.\/<strong>Hashtag.al<\/strong><\/span><\/p>\n<p><img loading=\"lazy\" decoding=\"async\" class=\"aligncenter size-full wp-image-289092\" src=\"https:\/\/hashtag.al\/wp-content\/uploads\/2019\/04\/obama-Craig.jpg\" alt=\"\" width=\"2957\" height=\"1680\" srcset=\"https:\/\/www.hashtag.al\/wp-content\/uploads\/2019\/04\/obama-Craig.jpg 2957w, https:\/\/www.hashtag.al\/wp-content\/uploads\/2019\/04\/obama-Craig-300x170.jpg 300w, https:\/\/www.hashtag.al\/wp-content\/uploads\/2019\/04\/obama-Craig-768x436.jpg 768w, https:\/\/www.hashtag.al\/wp-content\/uploads\/2019\/04\/obama-Craig-1024x582.jpg 1024w\" sizes=\"auto, (max-width: 2957px) 100vw, 2957px\" \/><\/p>\n<p>&nbsp;<\/p>\n<p>&nbsp;<\/p>\n","protected":false,"gt_translate_keys":[{"key":"rendered","format":"html"}]},"excerpt":{"rendered":"<p>Gregori Craig, k\u00ebshilltari i ish-Presidentit t\u00eb SHBA-s\u00eb Barack Obama akuzohet p\u00ebr mashtrim dhe fshehje informacioni p\u00ebr pun\u00ebn e tij n\u00eb Ukrain\u00eb,raporton CNBC.. Craig me profesion avokat \u00ebsht\u00eb akuzuar nga Akti i Regjistrimit t\u00eb Agjent\u00ebve t\u00eb Jasht\u00ebm t\u00eb Departamentit t\u00eb Drejt\u00ebsis\u00eb, ose nj\u00ebsia FARA. Ai p\u00ebrballet me dy akuza t\u00eb cilat mund ta mbajn\u00eb at\u00eb n\u00eb [&hellip;]<\/p>\n","protected":false,"gt_translate_keys":[{"key":"rendered","format":"html"}]},"author":32,"featured_media":289505,"comment_status":"open","ping_status":"open","sticky":false,"template":"","format":"standard","meta":{"footnotes":""},"categories":[22,13],"tags":[],"class_list":["post-289504","post","type-post","status-publish","format-standard","has-post-thumbnail","hentry","category-ballina","category-te-fundit"],"gt_translate_keys":[{"key":"link","format":"url"}],"_links":{"self":[{"href":"https:\/\/www.hashtag.al\/index.php\/wp-json\/wp\/v2\/posts\/289504","targetHints":{"allow":["GET"]}}],"collection":[{"href":"https:\/\/www.hashtag.al\/index.php\/wp-json\/wp\/v2\/posts"}],"about":[{"href":"https:\/\/www.hashtag.al\/index.php\/wp-json\/wp\/v2\/types\/post"}],"author":[{"embeddable":true,"href":"https:\/\/www.hashtag.al\/index.php\/wp-json\/wp\/v2\/users\/32"}],"replies":[{"embeddable":true,"href":"https:\/\/www.hashtag.al\/index.php\/wp-json\/wp\/v2\/comments?post=289504"}],"version-history":[{"count":0,"href":"https:\/\/www.hashtag.al\/index.php\/wp-json\/wp\/v2\/posts\/289504\/revisions"}],"wp:featuredmedia":[{"embeddable":true,"href":"https:\/\/www.hashtag.al\/index.php\/wp-json\/wp\/v2\/media\/289505"}],"wp:attachment":[{"href":"https:\/\/www.hashtag.al\/index.php\/wp-json\/wp\/v2\/media?parent=289504"}],"wp:term":[{"taxonomy":"category","embeddable":true,"href":"https:\/\/www.hashtag.al\/index.php\/wp-json\/wp\/v2\/categories?post=289504"},{"taxonomy":"post_tag","embeddable":true,"href":"https:\/\/www.hashtag.al\/index.php\/wp-json\/wp\/v2\/tags?post=289504"}],"curies":[{"name":"wp","href":"https:\/\/api.w.org\/{rel}","templated":true}]}}