{"id":289308,"date":"2019-04-12T08:37:10","date_gmt":"2019-04-12T06:37:10","guid":{"rendered":"https:\/\/hashtag.al\/?p=289308"},"modified":"2019-04-12T08:37:10","modified_gmt":"2019-04-12T06:37:10","slug":"kasap-byelepires-analistet-perplasen-live-ne-emision-video","status":"publish","type":"post","link":"https:\/\/www.hashtag.al\/index.php\/2019\/04\/12\/kasap-byelepires-analistet-perplasen-live-ne-emision-video\/","title":{"rendered":"&#8220;Kasap, by**\u00ebl\u00ebpir\u00ebs&#8221;, analist\u00ebt p\u00ebrplasen live n\u00eb emision (VIDEO)","gt_translate_keys":[{"key":"rendered","format":"text"}]},"content":{"rendered":"<p><img loading=\"lazy\" decoding=\"async\" class=\"aligncenter size-full wp-image-289310\" src=\"https:\/\/hashtag.al\/wp-content\/uploads\/2019\/04\/Bushati-VS-Nazarko.jpg\" alt=\"\" width=\"1580\" height=\"537\" srcset=\"https:\/\/www.hashtag.al\/wp-content\/uploads\/2019\/04\/Bushati-VS-Nazarko.jpg 1580w, https:\/\/www.hashtag.al\/wp-content\/uploads\/2019\/04\/Bushati-VS-Nazarko-300x102.jpg 300w, https:\/\/www.hashtag.al\/wp-content\/uploads\/2019\/04\/Bushati-VS-Nazarko-768x261.jpg 768w, https:\/\/www.hashtag.al\/wp-content\/uploads\/2019\/04\/Bushati-VS-Nazarko-1024x348.jpg 1024w\" sizes=\"auto, (max-width: 1580px) 100vw, 1580px\" \/><\/p>\n<p><span style=\"color: #000000;\">Dy analist\u00ebt Andi Bushati dhe Mentor Nazarko jan\u00eb p\u00ebrplasur dit\u00ebn e djeshme gjat\u00eb nj\u00eb debati n\u00eb studion e emisionit \u201cT\u00eb Paekspozuarit\u201d, ku po flisnin p\u00ebr \u00e7\u00ebshtjen e grabitjes spektakolare n\u00eb aeroportin e Rinasit.<\/span><\/p>\n<p><span style=\"color: #000000;\">Mir\u00ebpo debati i tyre kaloi n\u00eb nivel personal dhe akoma m\u00eb keq n\u00eb banal. Bushati madje e ofendoi Nazarkon, duke e quajtur at\u00eb b*th\u00ebl\u00ebpir\u00ebs.<\/span><\/p>\n<p><strong><span style=\"color: #000000;\">DEBATI<\/span><\/strong><\/p>\n<p><span style=\"color: #000000;\"><strong>Mentor Nazarko:<\/strong> Ne nuk duhet t\u00eb vuajm\u00eb nga sindromi i t\u00eb gjith\u00ebditurit, ve\u00e7an\u00ebrisht kur jan\u00eb \u00e7\u00ebshtje t\u00eb tilla kaq t\u00eb specializuara. Duhet t\u00eb d\u00ebgjojm\u00eb shum\u00eb burime. K\u00ebt\u00eb po e them p\u00ebr Bushatin.\u00a0 \u00c7far\u00eb tha zoti Prenci \u00ebsht\u00eb shum\u00eb m\u00eb serioze p\u00ebr qeverin\u00eb p\u00ebr rastin n\u00eb fjal\u00eb se \u00e7far\u00eb thot\u00eb Bushati, Lubonja apo un\u00eb. Shpeshher\u00eb ne b\u00ebjm\u00eb let\u00ebrsi politike. Ne dalim n\u00eb p\u00ebrfundim dhe themi qeveria e ka fajin.<\/span><\/p>\n<p><span style=\"color: #000000;\"><strong>Andi Bushati:\u00a0<\/strong>Ti po thua t\u00eb mos e gjejm\u00eb armikun? Ore ti ke mendim t\u00ebndin? Se fillove t\u00eb flas\u00ebsh duke b\u00ebr\u00eb replik\u00eb me mua\u2026<\/span><\/p>\n<p><span style=\"color: #000000;\"><strong>Mentor Nazarko:<\/strong>\u00a0Jo, p\u00ebrkundrazi, ti e b\u00ebn se e pe q\u00eb un\u00eb po pyesja at\u00eb\u2026<\/span><\/p>\n<p><span style=\"color: #000000;\"><strong>Andi Bushati:<\/strong>\u00a0Ore hall t\u00eb madh ke t\u00eb mbrosh t\u00eb pambrojtshmen\u2026<\/span><\/p>\n<p><span style=\"color: #000000;\"><strong>Mentor Nazarko:<\/strong>\u00a0Eee<\/span><\/p>\n<p><span style=\"color: #000000;\"><strong>Andi Bushati:<\/strong>\u00a0Thuaj mendimin t\u00ebnd, \u00e7\u2019ke me ne<\/span><\/p>\n<p><span style=\"color: #000000;\"><strong>Mentor Nazarko:<\/strong>\u00a0Grandomania jote ka p\u00ebrmasa planetare<\/span><\/p>\n<p><span style=\"color: #000000;\"><strong>Andi Bushati:<\/strong>\u00a0Ore ty t\u00eb kan\u00eb sjell\u00eb p\u00ebr kasap k\u00ebtu?<\/span><\/p>\n<p><span style=\"color: #000000;\"><strong>Mentor Nazarko:<\/strong> Prit nj\u00eb sekond\u00eb, kasapi je ti q\u00eb e pret qeverin\u00eb. Po e preve ti, mbaroi qeveria. Un\u00eb po them nj\u00eb gj\u00eb tjet\u00ebr.<\/span><\/p>\n<p><span style=\"color: #000000;\"><strong>Andi Bushati:\u00a0<\/strong>Epo edhe b\u2026l\u00ebpir\u00ebs nuk jam un\u00eb.<\/span><\/p>\n<p><span style=\"color: #000000;\"><strong>Mentor Nazarko:<\/strong>\u00a0Fakti q\u00eb ti n\u00eb k\u00ebt\u00eb pjes\u00eb t\u00eb jet\u00ebs t\u00ebnde ke vendosur t\u00eb mos jesh b\u2026l\u00ebpir\u00ebs, kjo \u00ebsht\u00eb \u00e7\u00ebshtja jote.<\/span><\/p>\n<p><span style=\"color: #000000;\"><strong>Andi Bushati:<\/strong>\u00a0Ka njer\u00ebz q\u00eb e harxhojn\u00eb gjith\u00eb jet\u00ebn. Edhe nj\u00eb pjes\u00eb t\u00eb jet\u00ebs po shp\u00ebtove mir\u00eb \u00ebsht\u00eb.<\/span><\/p>\n<p><span style=\"color: #000000;\"><strong>Mentor Nazarko:<\/strong> Ka shum\u00eb. Nj\u00eb sekond\u00eb. U mor Bushat i i cili tha pse po e pyet k\u00ebt\u00eb. At\u00eb kishte n\u00eb parin. N\u00eb gjykimin tim, K\u00ebto q\u00eb tha zoti Prem\u00e7i, argumenta t\u00eb tjer\u00eb&#8230;<\/span><\/p>\n<p><span style=\"color: #000000;\"><strong>Andi Bushati:<\/strong> Edhe un\u00eb m\u00eb t\u00eb vlefshme i di se k\u00ebto t\u00eb miat<\/span><\/p>\n<p><span style=\"color: #000000;\"><strong>Mentor Nazarko:<\/strong> Pik\u00ebrisht. N\u00eb rregull.<\/span><\/p>\n<p><span style=\"color: #000000;\"><strong>Andi Bushati:<\/strong> Ti thuaj mendimin t\u00ebnd. Ti je komentatori i bised\u00ebs midis ne t\u00eb dyve<\/span><\/p>\n<p><span style=\"color: #000000;\"><strong>Mentor Nazarko:<\/strong> Jo p\u00ebrkundrazi, un\u00eb dua t\u00eb d\u00ebgjoj ekspertin. Meq\u00eb t\u2019i hyre n\u00eb analiz\u00ebn q\u00eb b\u00ebj un\u00eb\u2026ti shpeshher\u00eb t\u00eb rruan n\u00eb t\u00eb that\u00eb v\u00eblla, sepse n\u00ebqoft\u00ebse ti s\u2019kupton nga ligji, nga ekonomia at\u00ebher\u00eb b\u00ebn poezi politike.<\/span><\/p>\n<p><span style=\"color: #000000;\"><strong>Andi Bushati:<\/strong> As nuk merrem, as nuk merrem<\/span><\/p>\n<p><span style=\"color: #000000;\"><strong>Mentor Nazarko:<\/strong> Dhe kjo mund t\u00eb mos quhet b\u2026l\u00ebpirje por \u00ebsht\u00eb m\u00eb e r\u00ebnd\u00eb, m\u00eb e turpshme. Ai e quan kadri, un\u00eb e quaj nj\u00eb gj\u00eb tjet\u00ebr\u2026<\/span><\/p>\n<p><span style=\"color: #000000;\"><strong>Andi Bushati:<\/strong> K\u00ebt\u00eb t\u00eb turpshmen e marr p\u00ebrsip\u00ebr un\u00eb, ti merr p\u00ebrsip\u00ebr at\u00eb b\u2026l\u00ebpirjen. Kaq kam un\u00eb<\/span><\/p>\n<p><span style=\"color: #000000;\"><strong>Mentor Nazarko:<\/strong> Po ky \u00ebsht\u00eb komenti jot. Ti kur b\u00ebn komente shpall ku ta di Franc\u00ebn, thot\u00eb t\u00eb b\u00ebjm\u00eb nj\u00eb \u201997 t\u00eb dyt\u00eb, ku do me ja dit ti. Kjo \u00ebsht\u00eb padituri e thjesht\u00eb. Fakti q\u00eb ti e p\u00ebrs\u00ebrit nuk do t\u00eb thot\u00eb q\u00eb \u00ebsht\u00eb dituri<\/span><\/p>\n<div style=\"width: 640px;\" class=\"wp-video\"><video class=\"wp-video-shortcode\" id=\"video-289308-1\" width=\"640\" height=\"360\" preload=\"metadata\" controls=\"controls\"><source type=\"video\/mp4\" src=\"https:\/\/hashtag.al\/wp-content\/uploads\/2019\/04\/Analist\u00ebt-ia-plasin-sherrit-n\u00eb-emision-live-Bushati-i-kthehet-Nazarkos\u201dBth\u00ebl\u00ebpir\u00ebs-Video-\u2013-FaxWeb.mp4?_=1\" \/><a href=\"https:\/\/hashtag.al\/wp-content\/uploads\/2019\/04\/Analist\u00ebt-ia-plasin-sherrit-n\u00eb-emision-live-Bushati-i-kthehet-Nazarkos\u201dBth\u00ebl\u00ebpir\u00ebs-Video-\u2013-FaxWeb.mp4\">https:\/\/hashtag.al\/wp-content\/uploads\/2019\/04\/Analist\u00ebt-ia-plasin-sherrit-n\u00eb-emision-live-Bushati-i-kthehet-Nazarkos\u201dBth\u00ebl\u00ebpir\u00ebs-Video-\u2013-FaxWeb.mp4<\/a><\/video><\/div>\n","protected":false,"gt_translate_keys":[{"key":"rendered","format":"html"}]},"excerpt":{"rendered":"<p>Dy analist\u00ebt Andi Bushati dhe Mentor Nazarko jan\u00eb p\u00ebrplasur dit\u00ebn e djeshme gjat\u00eb nj\u00eb debati n\u00eb studion e emisionit \u201cT\u00eb Paekspozuarit\u201d, ku po flisnin p\u00ebr \u00e7\u00ebshtjen e grabitjes spektakolare n\u00eb aeroportin e Rinasit. Mir\u00ebpo debati i tyre kaloi n\u00eb nivel personal dhe akoma m\u00eb keq n\u00eb banal. Bushati madje e ofendoi Nazarkon, duke e quajtur [&hellip;]<\/p>\n","protected":false,"gt_translate_keys":[{"key":"rendered","format":"html"}]},"author":30,"featured_media":289311,"comment_status":"open","ping_status":"open","sticky":false,"template":"","format":"standard","meta":{"footnotes":""},"categories":[53,65],"tags":[],"class_list":["post-289308","post","type-post","status-publish","format-standard","has-post-thumbnail","hentry","category-fast-foodi","category-lajme"],"gt_translate_keys":[{"key":"link","format":"url"}],"_links":{"self":[{"href":"https:\/\/www.hashtag.al\/index.php\/wp-json\/wp\/v2\/posts\/289308","targetHints":{"allow":["GET"]}}],"collection":[{"href":"https:\/\/www.hashtag.al\/index.php\/wp-json\/wp\/v2\/posts"}],"about":[{"href":"https:\/\/www.hashtag.al\/index.php\/wp-json\/wp\/v2\/types\/post"}],"author":[{"embeddable":true,"href":"https:\/\/www.hashtag.al\/index.php\/wp-json\/wp\/v2\/users\/30"}],"replies":[{"embeddable":true,"href":"https:\/\/www.hashtag.al\/index.php\/wp-json\/wp\/v2\/comments?post=289308"}],"version-history":[{"count":0,"href":"https:\/\/www.hashtag.al\/index.php\/wp-json\/wp\/v2\/posts\/289308\/revisions"}],"wp:featuredmedia":[{"embeddable":true,"href":"https:\/\/www.hashtag.al\/index.php\/wp-json\/wp\/v2\/media\/289311"}],"wp:attachment":[{"href":"https:\/\/www.hashtag.al\/index.php\/wp-json\/wp\/v2\/media?parent=289308"}],"wp:term":[{"taxonomy":"category","embeddable":true,"href":"https:\/\/www.hashtag.al\/index.php\/wp-json\/wp\/v2\/categories?post=289308"},{"taxonomy":"post_tag","embeddable":true,"href":"https:\/\/www.hashtag.al\/index.php\/wp-json\/wp\/v2\/tags?post=289308"}],"curies":[{"name":"wp","href":"https:\/\/api.w.org\/{rel}","templated":true}]}}