{"id":289178,"date":"2019-04-11T15:01:02","date_gmt":"2019-04-11T13:01:02","guid":{"rendered":"https:\/\/hashtag.al\/?p=289178"},"modified":"2019-04-11T15:03:43","modified_gmt":"2019-04-11T13:03:43","slug":"ushtria-smund-te-vendoset-ne-rinas-shkelet-kushtetuta-rama-ka-disa-pyetje-per-xhacken","status":"publish","type":"post","link":"https:\/\/www.hashtag.al\/index.php\/2019\/04\/11\/ushtria-smund-te-vendoset-ne-rinas-shkelet-kushtetuta-rama-ka-disa-pyetje-per-xhacken\/","title":{"rendered":"&#8220;Ushtria s&#8217;mund t\u00eb vendoset n\u00eb Rinas, shkelet Kushtetuta&#8221; &#8211; Rama ka disa pyetje p\u00ebr Xha\u00e7k\u00ebn","gt_translate_keys":[{"key":"rendered","format":"text"}]},"content":{"rendered":"<p><span style=\"color: #000000;\"><img loading=\"lazy\" decoding=\"async\" class=\"aligncenter size-full wp-image-289179\" src=\"https:\/\/hashtag.al\/wp-content\/uploads\/2019\/04\/xhacka-2.jpg\" alt=\"\" width=\"696\" height=\"383\" srcset=\"https:\/\/www.hashtag.al\/wp-content\/uploads\/2019\/04\/xhacka-2.jpg 696w, https:\/\/www.hashtag.al\/wp-content\/uploads\/2019\/04\/xhacka-2-300x165.jpg 300w\" sizes=\"auto, (max-width: 696px) 100vw, 696px\" \/><\/span><\/p>\n<p><span style=\"color: #000000;\">Z\u00ebvend\u00ebskryetari i LSI-s\u00eb, Luan Rama, ka th\u00ebn\u00eb se vendimi p\u00ebr vendosjen e ushtris\u00eb n\u00eb aeroportin e Rinasit\u00a0 \u00ebsht\u00eb n\u00eb shkelje t\u00eb hapur t\u00eb Kushtetut\u00ebs dhe ligjit. <\/span><\/p>\n<p><span style=\"color: #000000;\">Ai theksoi nenin 173 i Kushtetut\u00ebs q\u00eb p\u00ebrcakton qart\u00ebsisht se kur urdh\u00ebrohet p\u00ebrdorimi i ushtris\u00eb.<\/span><\/p>\n<p><span style=\"color: #000000;\"><em>\u201cSepse, sipas\u00a0 Neni 173 t\u00eb Kushtetut\u00ebs, Forcat e Armatosura p\u00ebrdoren n\u00eb kushtet kur:<\/em><\/span><\/p>\n<ol>\n<li><span style=\"color: #000000;\"><em> Ne\u0308 rast rreziku pe\u0308r rendin kushtetues dhe pe\u0308r sigurine\u0308 publike, Kuvendi, me ke\u0308rkese\u0308 te\u0308 Ke\u0308shillit te\u0308 Ministrave, mund te\u0308 vendose\u0308 ne\u0308 nje\u0308 pjese\u0308 ose ne\u0308 te\u0308 gjithe\u0308 territorin e shtetit gjendjen e jashte\u0308zakonshme, e cila zgjat pe\u0308r aq kohe\u0308 sa vazhdon rreziku, por jo me\u0308 shume\u0308 se 60 dite\u0308.<\/em><\/span><\/li>\n<li><span style=\"color: #000000;\"><em> Me vendosjen e gjendjes se\u0308 jashte\u0308zakonshme nde\u0308rhyrja e forcave te\u0308 armatosura be\u0308het me vendim te\u0308 Kuvendit dhe vete\u0308m kur forcat e policise\u0308 nuk jane\u0308 ne\u0308 gjendje te\u0308 rivendosin rendin.<\/em><\/span><\/li>\n<\/ol>\n<p><span style=\"color: #000000;\"><em>Nd\u00ebrsa n\u00eb ligjin\u00a0 \u201cP\u00ebr Pushtetet dhe Autoritetet e Drejtimit dhe t\u00eb Komandimit t\u00eb Forcave t\u00eb Armatosura t\u00eb Republik\u00ebs s\u00eb Shqip\u00ebris\u00eb\u201d, n\u00eb nenin 22, p\u00ebr pe\u0308rdorimin e Forcave te\u0308 Armatosura gjate\u0308 gjendjes se\u0308 jashte\u0308zakonshme thuhet:<\/em><\/span><\/p>\n<ol>\n<li><span style=\"color: #000000;\"><em> Gjendja e jashte\u0308zakonshme vendoset me ligj nga Kuvendi, sipas dispozitave te\u0308 Kushtetute\u0308s se\u0308 Republike\u0308s se\u0308 Shqipe\u0308rise\u0308.<\/em><\/span><\/li>\n<li><span style=\"color: #000000;\"><em> Me vendosjen e gjendjes se\u0308 jashte\u0308zakonshme, Forcat e Armatosura, me vendim te\u0308 Kuvendit, pas ke\u0308rkese\u0308s se\u0308 Ke\u0308shillit te\u0308 Ministrave, mund te\u0308 nde\u0308rhyjne\u0308 pe\u0308r rivendosjen e rendit, vete\u0308m kur forcat e policise\u0308 nuk jane\u0308 ne\u0308 gjendje ta kryejne\u0308 ke\u0308te\u0308 detyre\u0308\u201d.<\/em><\/span><\/li>\n<\/ol>\n<p><span style=\"color: #000000;\"><em>Pra, si Kushtetuta, ashtu edhe ligji, nuk len\u00eb asnj\u00eb ekuivok apo hap\u00ebsir\u00eb, q\u00eb p\u00ebr t\u00eb rivendosur rendin, Ministri i Mbrojtjes (ministrja n\u00eb rastin ton\u00eb), t\u00eb urdh\u00ebroj\u00eb e p\u00ebrdor\u00eb Forcat e Armatosura.\u201d<\/em> \u2013 shkruan Rama.<\/span><\/p>\n<p><span style=\"color: #000000;\">M\u00eb tej ai thekson se para se ushtria t\u00eb vendoset n\u00eb Rinas duhet q\u00eb t\u00eb flas\u00eb prokuroria pas hetimit t\u00eb plot\u00eb t\u00eb \u00e7\u00ebshtjes dhe urdhri p\u00ebr p\u00ebrdorimin e ushtris\u00eb jo vet\u00ebm q\u00eb nuk duhet zbatuar por duhet denoncuar me forc\u00eb teksa thekson se m\u00eb par\u00eb Xha\u00e7ka duhet t\u00eb p\u00ebrgjigjet \u201c<em>se mbi \u00e7\u2019baz\u00eb kushtetuese dhe ligjore \u00ebsht\u00eb bazuar urdh\u00ebri i saj, dhe n\u00ebse \u00ebsht\u00eb marr\u00eb m\u00eb par\u00eb mendimi i Shtabit t\u00eb P\u00ebrgjithsh\u00ebm t\u00eb Forcave t\u00eb Armatosura apo jo p\u00ebr k\u00ebt\u00eb urdh\u00ebr?<\/em><\/span><\/p>\n<p><span style=\"color: #000000;\"><em>E sipas t\u00eb njejt\u00ebs logjik\u00eb, cili ka qen\u00eb ose \u00ebsht\u00eb q\u00ebndrimi i Shtabit t\u00eb P\u00ebrgjithsh\u00ebm?<\/em><\/span><\/p>\n<p><span style=\"color: #000000;\"><em>A \u00ebsht\u00eb Shqip\u00ebria n\u00eb kushtet kur Policia e Shtetit dhe strukturat e Ministris\u00eb s\u00eb Brend\u00ebshme nuk garantojn\u00eb dot rendin dhe sigurin\u00eb publike, meq\u00eb kjo \u00ebsht\u00eb detyra dhe misioni kushtetues i tyre, q\u00eb t\u00eb lind\u00eb nevoja e p\u00ebrfshirjes s\u00eb Forcave t\u00eb Armatosura ne detyra q\u00eb kan\u00eb t\u00eb b\u00ebjn\u00eb me sigurin\u00eb e rendit publik?\u201d<\/em> &#8211; shkruan Rama n\u00eb reagimin e tij n\u00eb \u201cFacebook\u201d.<\/span><\/p>\n<p><img loading=\"lazy\" decoding=\"async\" class=\"aligncenter size-full wp-image-289180\" src=\"https:\/\/hashtag.al\/wp-content\/uploads\/2019\/04\/xhacka.png\" alt=\"\" width=\"672\" height=\"483\" srcset=\"https:\/\/www.hashtag.al\/wp-content\/uploads\/2019\/04\/xhacka.png 672w, https:\/\/www.hashtag.al\/wp-content\/uploads\/2019\/04\/xhacka-300x216.png 300w\" sizes=\"auto, (max-width: 672px) 100vw, 672px\" \/><\/p>\n","protected":false,"gt_translate_keys":[{"key":"rendered","format":"html"}]},"excerpt":{"rendered":"<p>Z\u00ebvend\u00ebskryetari i LSI-s\u00eb, Luan Rama, ka th\u00ebn\u00eb se vendimi p\u00ebr vendosjen e ushtris\u00eb n\u00eb aeroportin e Rinasit\u00a0 \u00ebsht\u00eb n\u00eb shkelje t\u00eb hapur t\u00eb Kushtetut\u00ebs dhe ligjit. Ai theksoi nenin 173 i Kushtetut\u00ebs q\u00eb p\u00ebrcakton qart\u00ebsisht se kur urdh\u00ebrohet p\u00ebrdorimi i ushtris\u00eb. \u201cSepse, sipas\u00a0 Neni 173 t\u00eb Kushtetut\u00ebs, Forcat e Armatosura p\u00ebrdoren n\u00eb kushtet kur: Ne\u0308 [&hellip;]<\/p>\n","protected":false,"gt_translate_keys":[{"key":"rendered","format":"html"}]},"author":51,"featured_media":289179,"comment_status":"open","ping_status":"open","sticky":false,"template":"","format":"standard","meta":{"footnotes":""},"categories":[65,13],"tags":[],"class_list":["post-289178","post","type-post","status-publish","format-standard","has-post-thumbnail","hentry","category-lajme","category-te-fundit"],"gt_translate_keys":[{"key":"link","format":"url"}],"_links":{"self":[{"href":"https:\/\/www.hashtag.al\/index.php\/wp-json\/wp\/v2\/posts\/289178","targetHints":{"allow":["GET"]}}],"collection":[{"href":"https:\/\/www.hashtag.al\/index.php\/wp-json\/wp\/v2\/posts"}],"about":[{"href":"https:\/\/www.hashtag.al\/index.php\/wp-json\/wp\/v2\/types\/post"}],"author":[{"embeddable":true,"href":"https:\/\/www.hashtag.al\/index.php\/wp-json\/wp\/v2\/users\/51"}],"replies":[{"embeddable":true,"href":"https:\/\/www.hashtag.al\/index.php\/wp-json\/wp\/v2\/comments?post=289178"}],"version-history":[{"count":0,"href":"https:\/\/www.hashtag.al\/index.php\/wp-json\/wp\/v2\/posts\/289178\/revisions"}],"wp:featuredmedia":[{"embeddable":true,"href":"https:\/\/www.hashtag.al\/index.php\/wp-json\/wp\/v2\/media\/289179"}],"wp:attachment":[{"href":"https:\/\/www.hashtag.al\/index.php\/wp-json\/wp\/v2\/media?parent=289178"}],"wp:term":[{"taxonomy":"category","embeddable":true,"href":"https:\/\/www.hashtag.al\/index.php\/wp-json\/wp\/v2\/categories?post=289178"},{"taxonomy":"post_tag","embeddable":true,"href":"https:\/\/www.hashtag.al\/index.php\/wp-json\/wp\/v2\/tags?post=289178"}],"curies":[{"name":"wp","href":"https:\/\/api.w.org\/{rel}","templated":true}]}}