{"id":289107,"date":"2019-04-11T11:42:33","date_gmt":"2019-04-11T09:42:33","guid":{"rendered":"https:\/\/hashtag.al\/?p=289107"},"modified":"2019-04-11T11:45:15","modified_gmt":"2019-04-11T09:45:15","slug":"perplasja-pas-grabitjes-10-milione-euroshe-xhacka-sjemi-duke-shkuar-ne-lufte-skemi-pse-njoftojme-presidentin","status":"publish","type":"post","link":"https:\/\/www.hashtag.al\/index.php\/2019\/04\/11\/perplasja-pas-grabitjes-10-milione-euroshe-xhacka-sjemi-duke-shkuar-ne-lufte-skemi-pse-njoftojme-presidentin\/","title":{"rendered":"P\u00ebrplasja pas grabitjes 10 milion\u00eb euroshe &#8211; Xha\u00e7ka: S&#8217;jemi duke shkuar n\u00eb luft\u00eb, s&#8217;kemi pse njoftojm\u00eb presidentin!","gt_translate_keys":[{"key":"rendered","format":"text"}]},"content":{"rendered":"<p><img loading=\"lazy\" decoding=\"async\" class=\"aligncenter size-full wp-image-289106\" src=\"https:\/\/hashtag.al\/wp-content\/uploads\/2019\/04\/ilirmetaoltaxhacka.png\" alt=\"\" width=\"708\" height=\"440\" \/><\/p>\n<p><span style=\"color: #000000;\">N\u00eb nj\u00eb deklarat\u00eb p\u00ebr mediat, ministrja e Mbrojtjes Olta Xha\u00e7ka, ka reaguar p\u00ebr k\u00ebrkes\u00ebn e presidentit t\u00eb Republik\u00ebs Ilir Meta p\u00ebr informacion, lidhur me angazhimin e FA-ve p\u00ebr ruajtjen e siguris\u00eb n\u00eb aeroport.<\/span><\/p>\n<p><span style=\"color: #000000;\">Xha\u00e7ka mohoi se b\u00ebhej fjal\u00eb p\u00ebr t\u00eb nd\u00ebrhyr\u00eb brenda n\u00eb aeroporti, por vet\u00ebm p\u00ebr ruajtjen e perimetrit t\u00eb siguris\u00eb s\u00eb aeroportit. Ajo tha se presidenti Meta do ta marr\u00eb informacionin e k\u00ebrkuar, por nuk kishte pse t\u00eb njoftohej duke qen\u00eb se nuk<em> &#8220;jemi duke shkuar n\u00eb luft\u00eb&#8221;.<\/em><\/span><\/p>\n<p><em><span style=\"color: #000000;\">&#8220;Nuk b\u00ebhet fjal\u00eb p\u00ebr sigurin\u00eb brenda aeroportit nuk \u00ebsht\u00eb detyra jon\u00eb. Ne do t\u00eb patrullojm\u00eb perimetrin e siguris\u00eb s\u00eb aeroportit.<\/span><\/em><\/p>\n<p><em><span style=\"color: #000000;\">Komanda e Forc\u00ebs son\u00eb ajrorje nuk \u00ebsht\u00eb as nj\u00eb kilomet\u00ebr larg. B\u00ebhet fjal\u00eb p\u00ebr t\u00eb siguruar perimetrin.<\/span><\/em><\/p>\n<p><em><span style=\"color: #000000;\">Nuk b\u00ebhet fjal\u00eb p\u00ebr t\u00eb hyr\u00eb brenda dhe t\u00eb marrim masa q\u00eb nuk na takojn\u00eb p\u00ebr t&#8217;i marr\u00eb. Kjo b\u00ebhet edhe n\u00eb vendet e tjera.<\/span><\/em><\/p>\n<p><em><span style=\"color: #000000;\">Ngjarje edhe m\u00eb t\u00eb frikshme i kemi par\u00eb edhe n\u00eb vendet e tjera. \u00cbsht\u00eb nj\u00eb precedent i p\u00ebrs\u00ebritur q\u00eb na detyron ne t\u00eb marrim masa.<\/span><\/em><\/p>\n<p><em><span style=\"color: #000000;\">Pothuajse gjysma e k\u00ebsaj infrastrukture \u00ebsht\u00eb ushtarake, jemi t\u00eb detyruar t\u00eb garantojm\u00eb perimetrin e siguris\u00eb s\u00eb aeroportit. S&#8217;\u00ebsht\u00eb e nenojshme t\u00eb revokohet Kushtetuta, apo ligjet.<\/span><\/em><\/p>\n<p><em><span style=\"color: #000000;\">Prioriteti yn\u00eb kryesor patjet\u00ebr \u00ebsht\u00eb siguria e qytetar\u00ebve. Patjet\u00ebr dhe imazhi i vendit q\u00eb n\u00eb k\u00ebt\u00eb moment&#8230;<\/span><\/em><\/p>\n<p><span style=\"color: #000000;\"><em>Nuk ka pse njoftohet presidenti, nuk jemi duke shkuar n\u00eb luft\u00eb. Informacionin do ta marr\u00eb.&#8221;,<\/em> tha Xha\u00e7ka.<\/span><\/p>\n<p><span style=\"color: #000000;\">\u00a0Kryeministri Edi Rama dhe Ministri i Mbrojtjes Sand\u00ebr Lleshaj vendos\u00ebn p\u00ebr t\u00eb nxjerr\u00eb me angazhim policor nj\u00ebsi t\u00eb Forcave t\u00eb Armatosura ushtarake, jasht\u00eb misionit t\u00eb tyre luftarak, p\u00ebr t\u00eb garantuar sigurin\u00eb n\u00eb aeroport.<\/span><\/p>\n<p><span style=\"color: #000000;\">Paraditen e sotme, presidenti Ilir Meta i ka k\u00ebrkuar informacion Shefit t\u00eb Shtabit t\u00eb P\u00ebrgjithsh\u00ebm t\u00eb FA, Gjeneralit Bardhyl Koll\u00e7akut, mbi baz\u00ebn ligjore t\u00eb vendosjes s\u00eb efektiv\u00ebve t\u00eb Policis\u00eb Ushtarake dhe Batalionit Special t\u00eb Forcave tona t\u00eb Armatosura n\u00eb perimetrin e siguris\u00eb s\u00eb aeroportit &#8220;N\u00ebn\u00eb Tereza&#8221;.<strong>\/Hashtag.al<\/strong><\/span><\/p>\n","protected":false,"gt_translate_keys":[{"key":"rendered","format":"html"}]},"excerpt":{"rendered":"<p>N\u00eb nj\u00eb deklarat\u00eb p\u00ebr mediat, ministrja e Mbrojtjes Olta Xha\u00e7ka, ka reaguar p\u00ebr k\u00ebrkes\u00ebn e presidentit t\u00eb Republik\u00ebs Ilir Meta p\u00ebr informacion, lidhur me angazhimin e FA-ve p\u00ebr ruajtjen e siguris\u00eb n\u00eb aeroport. Xha\u00e7ka mohoi se b\u00ebhej fjal\u00eb p\u00ebr t\u00eb nd\u00ebrhyr\u00eb brenda n\u00eb aeroporti, por vet\u00ebm p\u00ebr ruajtjen e perimetrit t\u00eb siguris\u00eb s\u00eb aeroportit. Ajo [&hellip;]<\/p>\n","protected":false,"gt_translate_keys":[{"key":"rendered","format":"html"}]},"author":30,"featured_media":0,"comment_status":"open","ping_status":"open","sticky":false,"template":"","format":"standard","meta":{"footnotes":""},"categories":[22,65,13],"tags":[],"class_list":["post-289107","post","type-post","status-publish","format-standard","hentry","category-ballina","category-lajme","category-te-fundit"],"gt_translate_keys":[{"key":"link","format":"url"}],"_links":{"self":[{"href":"https:\/\/www.hashtag.al\/index.php\/wp-json\/wp\/v2\/posts\/289107","targetHints":{"allow":["GET"]}}],"collection":[{"href":"https:\/\/www.hashtag.al\/index.php\/wp-json\/wp\/v2\/posts"}],"about":[{"href":"https:\/\/www.hashtag.al\/index.php\/wp-json\/wp\/v2\/types\/post"}],"author":[{"embeddable":true,"href":"https:\/\/www.hashtag.al\/index.php\/wp-json\/wp\/v2\/users\/30"}],"replies":[{"embeddable":true,"href":"https:\/\/www.hashtag.al\/index.php\/wp-json\/wp\/v2\/comments?post=289107"}],"version-history":[{"count":0,"href":"https:\/\/www.hashtag.al\/index.php\/wp-json\/wp\/v2\/posts\/289107\/revisions"}],"wp:attachment":[{"href":"https:\/\/www.hashtag.al\/index.php\/wp-json\/wp\/v2\/media?parent=289107"}],"wp:term":[{"taxonomy":"category","embeddable":true,"href":"https:\/\/www.hashtag.al\/index.php\/wp-json\/wp\/v2\/categories?post=289107"},{"taxonomy":"post_tag","embeddable":true,"href":"https:\/\/www.hashtag.al\/index.php\/wp-json\/wp\/v2\/tags?post=289107"}],"curies":[{"name":"wp","href":"https:\/\/api.w.org\/{rel}","templated":true}]}}