{"id":289034,"date":"2019-04-11T08:33:23","date_gmt":"2019-04-11T06:33:23","guid":{"rendered":"https:\/\/hashtag.al\/?p=289034"},"modified":"2019-04-11T08:40:18","modified_gmt":"2019-04-11T06:40:18","slug":"ndahet-nga-jeta-mamaja-e-angela-merkelit","status":"publish","type":"post","link":"https:\/\/www.hashtag.al\/index.php\/2019\/04\/11\/ndahet-nga-jeta-mamaja-e-angela-merkelit\/","title":{"rendered":"Ndahet nga jeta mamaja e Angela Merkelit","gt_translate_keys":[{"key":"rendered","format":"text"}]},"content":{"rendered":"<p><img loading=\"lazy\" decoding=\"async\" class=\"aligncenter size-full wp-image-289035\" src=\"https:\/\/hashtag.al\/wp-content\/uploads\/2019\/04\/48280643_401.jpg\" alt=\"\" width=\"700\" height=\"394\" srcset=\"https:\/\/www.hashtag.al\/wp-content\/uploads\/2019\/04\/48280643_401.jpg 700w, https:\/\/www.hashtag.al\/wp-content\/uploads\/2019\/04\/48280643_401-300x169.jpg 300w\" sizes=\"auto, (max-width: 700px) 100vw, 700px\" \/><\/p>\n<p><span style=\"color: #000000;\">Kancelarja gjermane Angela Merkel ka humbur personin m\u00eb t\u00eb af\u00ebrt t\u00eb saj, maman\u00eb 90-vje\u00e7are. <span style=\"color: #0000ff;\"><a style=\"color: #0000ff;\" href=\"https:\/\/www.dw.com\/en\/angela-merkels-mother-herlind-kasner-dies-aged-90\/a-48281346\">Mediat<\/a> <\/span>gjermane shkruajn\u00eb se vdekja e Herlind Kasner \u00ebsht\u00eb konfirmuar nga burime qeveritare.<\/span><\/p>\n<p><span style=\"color: #000000;\"><em>&#8220;Ne k\u00ebrkojm\u00eb q\u00eb ju t\u00eb respektoni privat\u00ebsin\u00eb e kancelares dhe familjes s\u00eb saj&#8221;,<\/em> tha z\u00ebdh\u00ebn\u00ebsi i agjencis\u00eb s\u00eb lajmeve DPA.<\/span><\/p>\n<p><span style=\"color: #000000;\">Nj\u00eb grup i vog\u00ebl familjar\u00ebsh dhe miqsh do t\u00eb marrin pjes\u00eb n\u00eb funeralin e Kasnerit, n\u00eb qytetin verilindor t\u00eb Gjermanis\u00eb, Templin, ku ajo ka jetuar p\u00ebr shum\u00eb vite.<\/span><\/p>\n<p><span style=\"color: #000000;\">Kancelarja gjermane nuk zbulon shum\u00eb gj\u00ebra p\u00ebr jet\u00ebn e saj private, megjithat\u00eb n\u00eb nj\u00eb intervist\u00eb t\u00eb vitit 2015 tha se ka g\u00ebzuar nj\u00eb marr\u00ebdh\u00ebnie t\u00eb ngusht\u00eb me n\u00ebn\u00ebn e saj.<\/span><\/p>\n<p><span style=\"color: #000000;\"><em>&#8220;Ne flasim n\u00eb telefon rregullisht dhe nuk shihemi mjaftuesh\u00ebm&#8221;<\/em>, tha Merkel p\u00ebr S\u00fcddeutsche Zeitung.<\/span><\/p>\n<p><span style=\"color: #000000;\">Merkel ka treguar se n\u00ebna e saj ishte shum\u00eb e dh\u00ebn\u00eb pas lajmeve dhe gazetave, po bisedat mes tyre fokusoheshin p\u00ebrgjith\u00ebsisht n\u00eb tema familjare.<\/span><\/p>\n<p><span style=\"color: #000000;\">Herlind Kasner deri n\u00eb vitet \u201980 ka punuar si m\u00ebsuese e Anglishtes dhe Latinishtes, nd\u00ebrsa m\u00eb von\u00eb \u00ebsht\u00eb t\u00ebrhequr nga jeta aktive.<\/span><\/p>\n<p><span style=\"color: #000000;\">Kasner lindi udh\u00ebheq\u00ebsen e ardhshme bot\u00ebrore n\u00eb Hamburg n\u00eb vitin 1954. Vet\u00ebm disa jav\u00eb m\u00eb von\u00eb u zhvendos n\u00eb ish-Gjermanin\u00eb Lindore me vajz\u00ebn dhe burrin e saj, Horst Kasner, nj\u00eb pastor q\u00eb vdiq n\u00eb 2011.<\/span><\/p>\n<p><img loading=\"lazy\" decoding=\"async\" class=\"aligncenter size-full wp-image-289037\" src=\"https:\/\/hashtag.al\/wp-content\/uploads\/2019\/04\/ange.jpg\" alt=\"\" width=\"700\" height=\"394\" srcset=\"https:\/\/www.hashtag.al\/wp-content\/uploads\/2019\/04\/ange.jpg 700w, https:\/\/www.hashtag.al\/wp-content\/uploads\/2019\/04\/ange-300x169.jpg 300w\" sizes=\"auto, (max-width: 700px) 100vw, 700px\" \/><\/p>\n<p><img loading=\"lazy\" decoding=\"async\" class=\"aligncenter size-full wp-image-289036\" src=\"https:\/\/hashtag.al\/wp-content\/uploads\/2019\/04\/merkel.jpg\" alt=\"\" width=\"700\" height=\"394\" srcset=\"https:\/\/www.hashtag.al\/wp-content\/uploads\/2019\/04\/merkel.jpg 700w, https:\/\/www.hashtag.al\/wp-content\/uploads\/2019\/04\/merkel-300x169.jpg 300w\" sizes=\"auto, (max-width: 700px) 100vw, 700px\" \/><\/p>\n","protected":false,"gt_translate_keys":[{"key":"rendered","format":"html"}]},"excerpt":{"rendered":"<p>Kancelarja gjermane Angela Merkel ka humbur personin m\u00eb t\u00eb af\u00ebrt t\u00eb saj, maman\u00eb 90-vje\u00e7are. Mediat gjermane shkruajn\u00eb se vdekja e Herlind Kasner \u00ebsht\u00eb konfirmuar nga burime qeveritare. &#8220;Ne k\u00ebrkojm\u00eb q\u00eb ju t\u00eb respektoni privat\u00ebsin\u00eb e kancelares dhe familjes s\u00eb saj&#8221;, tha z\u00ebdh\u00ebn\u00ebsi i agjencis\u00eb s\u00eb lajmeve DPA. Nj\u00eb grup i vog\u00ebl familjar\u00ebsh dhe miqsh do [&hellip;]<\/p>\n","protected":false,"gt_translate_keys":[{"key":"rendered","format":"html"}]},"author":30,"featured_media":289036,"comment_status":"open","ping_status":"open","sticky":false,"template":"","format":"standard","meta":{"footnotes":""},"categories":[65,13],"tags":[],"class_list":["post-289034","post","type-post","status-publish","format-standard","has-post-thumbnail","hentry","category-lajme","category-te-fundit"],"gt_translate_keys":[{"key":"link","format":"url"}],"_links":{"self":[{"href":"https:\/\/www.hashtag.al\/index.php\/wp-json\/wp\/v2\/posts\/289034","targetHints":{"allow":["GET"]}}],"collection":[{"href":"https:\/\/www.hashtag.al\/index.php\/wp-json\/wp\/v2\/posts"}],"about":[{"href":"https:\/\/www.hashtag.al\/index.php\/wp-json\/wp\/v2\/types\/post"}],"author":[{"embeddable":true,"href":"https:\/\/www.hashtag.al\/index.php\/wp-json\/wp\/v2\/users\/30"}],"replies":[{"embeddable":true,"href":"https:\/\/www.hashtag.al\/index.php\/wp-json\/wp\/v2\/comments?post=289034"}],"version-history":[{"count":0,"href":"https:\/\/www.hashtag.al\/index.php\/wp-json\/wp\/v2\/posts\/289034\/revisions"}],"wp:featuredmedia":[{"embeddable":true,"href":"https:\/\/www.hashtag.al\/index.php\/wp-json\/wp\/v2\/media\/289036"}],"wp:attachment":[{"href":"https:\/\/www.hashtag.al\/index.php\/wp-json\/wp\/v2\/media?parent=289034"}],"wp:term":[{"taxonomy":"category","embeddable":true,"href":"https:\/\/www.hashtag.al\/index.php\/wp-json\/wp\/v2\/categories?post=289034"},{"taxonomy":"post_tag","embeddable":true,"href":"https:\/\/www.hashtag.al\/index.php\/wp-json\/wp\/v2\/tags?post=289034"}],"curies":[{"name":"wp","href":"https:\/\/api.w.org\/{rel}","templated":true}]}}