{"id":288950,"date":"2019-04-10T18:10:59","date_gmt":"2019-04-10T16:10:59","guid":{"rendered":"https:\/\/hashtag.al\/?p=288950"},"modified":"2019-04-10T18:10:59","modified_gmt":"2019-04-10T16:10:59","slug":"tia-nxjerr-blof-lleshajn-per-grabitjen-policia-u-njoftua-ne-kohe-territorin-shqiptar-se-mbron-kina","status":"publish","type":"post","link":"https:\/\/www.hashtag.al\/index.php\/2019\/04\/10\/tia-nxjerr-blof-lleshajn-per-grabitjen-policia-u-njoftua-ne-kohe-territorin-shqiptar-se-mbron-kina\/","title":{"rendered":"TIA nxjerr blof Lleshajn p\u00ebr grabitjen: Policia u njoftua n\u00eb koh\u00eb, territorin shqiptar s&#8217;e mbron Kina","gt_translate_keys":[{"key":"rendered","format":"text"}]},"content":{"rendered":"<p><img loading=\"lazy\" decoding=\"async\" class=\"aligncenter size-full wp-image-288951\" src=\"https:\/\/hashtag.al\/wp-content\/uploads\/2019\/04\/sandri.jpg\" alt=\"\" width=\"898\" height=\"582\" srcset=\"https:\/\/www.hashtag.al\/wp-content\/uploads\/2019\/04\/sandri.jpg 898w, https:\/\/www.hashtag.al\/wp-content\/uploads\/2019\/04\/sandri-300x194.jpg 300w, https:\/\/www.hashtag.al\/wp-content\/uploads\/2019\/04\/sandri-768x498.jpg 768w\" sizes=\"auto, (max-width: 898px) 100vw, 898px\" \/><\/p>\n<p><span style=\"color: #000000;\">Koncesionari i aeroportit t\u00eb Rinasit, ka nxjerr\u00eb blof ministrin e Brendsh\u00ebm, Lleshaj dhe ministrat e deputet\u00ebt e tjer\u00eb t\u00eb mazhoranc\u00ebs lidhur me grabitjen e ndodhur dit\u00ebn e djeshme.<\/span><\/p>\n<p><span style=\"color: #000000;\"> N\u00eb nj\u00eb reagim zyrtar, koncesionari thot\u00eb se ndryshe nga sa pretendon Ministria e Brendshme, policia \u00ebsht\u00eb njoftuar n\u00eb koh\u00eb p\u00ebr grabitjen q\u00eb po ndodhte.<\/span><\/p>\n<p><span style=\"color: #000000;\"> M\u00eb tej n\u00eb deklarat\u00eb theksohet se policia \u00ebsht\u00eb e pranishme n\u00eb \u00e7do cep t\u00eb aeroportit si institucion i siguris\u00eb s\u00eb ve\u00e7ant\u00eb dhe si pik\u00eb kufitare dhe \u00ebsht\u00eb p\u00ebrgjegj\u00ebsi e saj garantimi i rendit dhe i siguris\u00eb s\u00eb qytetar\u00ebve.<\/span><\/p>\n<p><span style=\"color: #000000;\"><strong>Deklarata e plot\u00eb e TIA-s<\/strong><\/span><\/p>\n<p><span style=\"color: #000000;\">Tirana International Airport (TIA) shpreh keqardhjen e thell\u00eb p\u00ebr ngjarjen e djeshme t\u00eb 9 Prillit 2019, me pasoj\u00eb vjedhjen e nj\u00eb sasie t\u00eb vlerave monetare n\u00eb pist\u00ebn e aeroportit.<\/span><\/p>\n<p><span style=\"color: #000000;\">TIA kishte vendosur t\u00eb respektonte hetimet nga autoritetet p\u00ebrkat\u00ebse dhe n\u00eb respekt t\u00eb k\u00ebtyre hetimeve, nuk u prononcua deri m\u00eb tani, duke patur parasysh ndjeshm\u00ebrin\u00eb e ngjarjes dhe \u00e7\u00ebshtjen e siguris\u00eb s\u00eb jet\u00ebs t\u00eb pasagjer\u00ebve, stafit dhe t\u00eb gjith\u00eb punonj\u00ebsve t\u00eb shtetit shqiptar q\u00eb operojn\u00eb n\u00eb aeroport.<\/span><\/p>\n<p><span style=\"color: #000000;\">Por, pasi ndoq\u00ebm me shqet\u00ebsim deklarat\u00ebn zyrtare t\u00eb Ministris\u00eb s\u00eb Brendshme, duket se etika e TIA-s ka sh\u00ebrbyer p\u00ebr her\u00eb t\u00eb dyt\u00eb p\u00ebr nj\u00eb keqinformim t\u00eb publikut dhe faj\u00ebsimin \u2013 si skenar i p\u00ebrs\u00ebritur \u2013 p\u00ebr nj\u00eb akuz\u00eb t\u00eb r\u00ebnd\u00eb q\u00eb nuk q\u00ebndron n\u00eb shpatullat e nj\u00eb koncesionari t\u00eb huaj, pa m\u00ebnjanuar k\u00ebrkesat e Kontrat\u00ebs s\u00eb Koncesionit q\u00eb TIA p\u00ebrmbush \u00e7do dit\u00eb n\u00eb lidhje me sigurin\u00eb aeroportuale.<\/span><\/p>\n<p><span style=\"color: #000000;\">Tirana International Airport duke vler\u00ebsuar transparenc\u00ebn e informacionit p\u00ebr publikun d\u00ebshiron t\u00eb informoj\u00eb se ka v\u00ebn\u00eb n\u00eb dispozicion t\u00eb organeve kompetente, t\u00eb gjitha materialet dhe regjistrimet e kamerave t\u00eb siguris\u00eb q\u00eb hedhin drit\u00eb mbi ngjarjen e 9 Prillit 2019.<\/span><\/p>\n<p><span style=\"color: #000000;\">TIA ka qen\u00eb korrekte n\u00eb p\u00ebrmbushjen e detyrave t\u00eb saj n\u00eb lidhje me ngjarjen sipas t\u00eb gjitha rregullave dhe procedurave. Autoriteteve t\u00eb hetimit u jan\u00eb dor\u00ebzuar t\u00eb gjitha dokumentet q\u00eb provojn\u00eb, se ky njoftim \u00ebsht\u00eb kryer n\u00eb koh\u00eb kundrejt sall\u00ebs operative t\u00eb policis\u00eb n\u00eb Rinas.<\/span><\/p>\n<p><span style=\"color: #000000;\">TIA n\u00eb bashk\u00ebpunim me Autoritetin e Aviacionit Civil Shqiptar, gjat\u00eb k\u00ebtyre tre viteve nga ngjarja e ngjashme n\u00eb aeroport n\u00eb 2016, ka marr\u00eb masa shtes\u00eb dhe ka ngritur n\u00eb nj\u00eb nivel m\u00eb lart sistemin e kamerave dhe gardhin rrethues.<\/span><\/p>\n<p><span style=\"color: #000000;\">TIA \u00ebsht\u00eb pjes\u00eb e auditimeve periodike qoft\u00eb nga Autoriteti i Aviacionit Civil, qoft\u00eb nga pal\u00ebt e treta. B\u00ebjm\u00eb thirrje dhe lutemi p\u00ebr v\u00ebmendje t\u00eb kuptojm\u00eb t\u00eb gjith\u00eb, se forcat e policis\u00eb jan\u00eb t\u00eb pranishme n\u00eb \u00e7do cep t\u00eb aeroportit si objekt i r\u00ebnd\u00ebsis\u00eb s\u00eb ve\u00e7ant\u00eb, si zon\u00eb kufitare dhe policia e ka detyr\u00eb ligjore, p\u00ebr t\u00eb ruajtur rendin dhe jet\u00ebn e qytetar\u00ebve n\u00eb rast incidenti t\u00eb armatosur.<\/span><\/p>\n<p><span style=\"color: #000000;\">Bashkohemi t\u00ebr\u00ebsisht me meritat q\u00eb kan\u00eb forcat e Nd\u00ebrhyrjes s\u00eb Shpejt\u00eb n\u00eb operacionin e djesh\u00ebm, zanafilla e t\u00eb cilit ishte njoftimi i TIA-s.<\/span><\/p>\n<p><span style=\"color: #000000;\">TIA b\u00ebn thirrje p\u00ebr trajtimin e kujdessh\u00ebm t\u00eb informacioneve q\u00eb jepen p\u00ebr publikim kur lidhen me \u00e7\u00ebshtje t\u00eb siguris\u00eb, sepse do p\u00ebrb\u00ebhej nj\u00eb rrezik shtes\u00eb p\u00ebr \u00e7do rrethan\u00eb.<\/span><\/p>\n<p><span style=\"color: #000000;\">TIA vler\u00ebson me respekt hetimet, \u00e7do qytetar, \u00e7do punonj\u00ebs policie dhe d\u00ebshiron t\u00eb theksoj\u00eb, se kur c\u00ebnohet siguria dhe jeta e nj\u00eb qytetari, jemi t\u00eb gjith\u00eb n\u00eb t\u00eb nj\u00ebjtin krah.<\/span><\/p>\n<p><span style=\"color: #000000;\">Aeroporti nuk \u00ebsht\u00eb i kinez\u00ebve, \u00ebsht\u00eb i gjith\u00eb shqiptar\u00ebve. Esht\u00eb pjes\u00eb e territorit t\u00eb Shqip\u00ebris\u00eb dhe mbrohet me ligj nga Policia e Shtetit si \u00e7do met\u00ebr i k\u00ebtij vendi. Ndaj deklarat\u00ebn zyrtare t\u00eb Ministris\u00eb s\u00eb Brendshme e vler\u00ebsojm\u00eb si t\u00eb pasakt\u00eb.<\/span><\/p>\n<p><span style=\"color: #000000;\">Rikthesojm\u00eb se n\u00eb zbatim t\u00eb p\u00ebrgjegj\u00ebsive dhe detyrimeve t\u00eb Kontrat\u00ebs s\u00eb Koncesionit, dhe n\u00eb baz\u00eb t\u00eb Programit Komb\u00ebtar t\u00eb Siguris\u00eb t\u00eb Aviacionit Civil, TIA ka zbatuar me korrekt\u00ebsi t\u00eb plot\u00eb procedur\u00ebn e njoftimit n\u00eb koh\u00eb t\u00eb policis\u00eb.<\/span><\/p>\n<p><span style=\"color: #000000;\">Tirana International Airport mbetet n\u00eb dispozicion t\u00eb pasagjer\u00ebve dhe opinionit publik p\u00ebr informacione t\u00eb m\u00ebtejshme.<\/span><\/p>\n","protected":false,"gt_translate_keys":[{"key":"rendered","format":"html"}]},"excerpt":{"rendered":"<p>Koncesionari i aeroportit t\u00eb Rinasit, ka nxjerr\u00eb blof ministrin e Brendsh\u00ebm, Lleshaj dhe ministrat e deputet\u00ebt e tjer\u00eb t\u00eb mazhoranc\u00ebs lidhur me grabitjen e ndodhur dit\u00ebn e djeshme. N\u00eb nj\u00eb reagim zyrtar, koncesionari thot\u00eb se ndryshe nga sa pretendon Ministria e Brendshme, policia \u00ebsht\u00eb njoftuar n\u00eb koh\u00eb p\u00ebr grabitjen q\u00eb po ndodhte. M\u00eb tej n\u00eb [&hellip;]<\/p>\n","protected":false,"gt_translate_keys":[{"key":"rendered","format":"html"}]},"author":51,"featured_media":288951,"comment_status":"open","ping_status":"open","sticky":false,"template":"","format":"standard","meta":{"footnotes":""},"categories":[65,13],"tags":[],"class_list":["post-288950","post","type-post","status-publish","format-standard","has-post-thumbnail","hentry","category-lajme","category-te-fundit"],"gt_translate_keys":[{"key":"link","format":"url"}],"_links":{"self":[{"href":"https:\/\/www.hashtag.al\/index.php\/wp-json\/wp\/v2\/posts\/288950","targetHints":{"allow":["GET"]}}],"collection":[{"href":"https:\/\/www.hashtag.al\/index.php\/wp-json\/wp\/v2\/posts"}],"about":[{"href":"https:\/\/www.hashtag.al\/index.php\/wp-json\/wp\/v2\/types\/post"}],"author":[{"embeddable":true,"href":"https:\/\/www.hashtag.al\/index.php\/wp-json\/wp\/v2\/users\/51"}],"replies":[{"embeddable":true,"href":"https:\/\/www.hashtag.al\/index.php\/wp-json\/wp\/v2\/comments?post=288950"}],"version-history":[{"count":0,"href":"https:\/\/www.hashtag.al\/index.php\/wp-json\/wp\/v2\/posts\/288950\/revisions"}],"wp:featuredmedia":[{"embeddable":true,"href":"https:\/\/www.hashtag.al\/index.php\/wp-json\/wp\/v2\/media\/288951"}],"wp:attachment":[{"href":"https:\/\/www.hashtag.al\/index.php\/wp-json\/wp\/v2\/media?parent=288950"}],"wp:term":[{"taxonomy":"category","embeddable":true,"href":"https:\/\/www.hashtag.al\/index.php\/wp-json\/wp\/v2\/categories?post=288950"},{"taxonomy":"post_tag","embeddable":true,"href":"https:\/\/www.hashtag.al\/index.php\/wp-json\/wp\/v2\/tags?post=288950"}],"curies":[{"name":"wp","href":"https:\/\/api.w.org\/{rel}","templated":true}]}}