{"id":288945,"date":"2019-04-10T17:56:49","date_gmt":"2019-04-10T15:56:49","guid":{"rendered":"https:\/\/hashtag.al\/?p=288945"},"modified":"2019-04-10T18:00:04","modified_gmt":"2019-04-10T16:00:04","slug":"u-cenua-siguria-kombetare-meta-i-ashper-pas-grabitjes-se-rinasit","status":"publish","type":"post","link":"https:\/\/www.hashtag.al\/index.php\/2019\/04\/10\/u-cenua-siguria-kombetare-meta-i-ashper-pas-grabitjes-se-rinasit\/","title":{"rendered":"&#8220;U c\u00ebnua siguria komb\u00ebtare&#8221; &#8211; Meta i ashp\u00ebr pas grabitjes s\u00eb Rinasit","gt_translate_keys":[{"key":"rendered","format":"text"}]},"content":{"rendered":"<p><span style=\"color: #000000;\"><img loading=\"lazy\" decoding=\"async\" class=\"aligncenter size-full wp-image-288946\" src=\"https:\/\/hashtag.al\/wp-content\/uploads\/2019\/04\/meta-2.jpg\" alt=\"\" width=\"1224\" height=\"664\" srcset=\"https:\/\/www.hashtag.al\/wp-content\/uploads\/2019\/04\/meta-2.jpg 1224w, https:\/\/www.hashtag.al\/wp-content\/uploads\/2019\/04\/meta-2-300x163.jpg 300w, https:\/\/www.hashtag.al\/wp-content\/uploads\/2019\/04\/meta-2-768x417.jpg 768w, https:\/\/www.hashtag.al\/wp-content\/uploads\/2019\/04\/meta-2-1024x556.jpg 1024w\" sizes=\"auto, (max-width: 1224px) 100vw, 1224px\" \/><\/span><\/p>\n<p><span style=\"color: #000000;\">Presidenti Meta, ka k\u00ebrkuar zbardhjen sa m\u00eb shpejt t\u00eb grabitjes s\u00eb ndodhur brenda aeroportit t\u00eb Rinasit, t\u00eb cil\u00ebn e cil\u00ebsoi se c\u00ebnim serioz t\u00eb siguris\u00eb komb\u00ebtare. <\/span><\/p>\n<p><span style=\"color: #000000;\">N\u00eb konferenc\u00ebn p\u00ebr shtyp Meta k\u00ebrkoi v\u00ebnien para drejt\u00ebsis\u00eb t\u00eb t\u00eb gjith\u00eb p\u00ebrgjegj\u00ebsve.<\/span><\/p>\n<p><span style=\"color: #000000;\">Kreu i Shtetit tha se p\u00ebr grabitjet e m\u00ebparshme ka mbledhur K\u00ebshillin e Siguris\u00eb Komb\u00ebtare, ku jan\u00eb k\u00ebrkuar disa masa, , t\u00eb cilat nuk jan\u00eb p\u00ebrmbushur nga institucionet p\u00ebrgjegj\u00ebse.<\/span><\/p>\n<p><span style=\"color: #000000;\"><em>\u201cNisur nga ngjarja trondit\u00ebse e grabitjes s\u00eb djeshme ndiej detyrimin dhe p\u00ebrgjegj\u00ebsin\u00eb p\u00ebr k\u00ebt\u00eb komunikim t\u00eb drejtp\u00ebrdrejt me ju dhe qytetar\u00ebt. P\u00ebrs\u00ebritja e k\u00ebsaj ngjarje brenda nj\u00eb objekti t\u00eb siguris\u00eb s\u00eb ve\u00e7ant\u00eb \u00ebsht\u00eb e papranueshme. <\/em><\/span><\/p>\n<p><span style=\"color: #000000;\"><em>Si vend an\u00ebtar i NATO-s kemi detyrimin t\u00eb garantojm\u00eb dhe standardet m\u00eb t\u00eb larta t\u00eb siguris\u00eb. Si kryetar i K\u00ebshillit t\u00eb Siguris\u00eb komb\u00ebtar n\u00eb 16 maj t\u00eb vitit 2018 kam organizuar mbledhjen e k\u00ebtij k\u00ebshilli me objekt gjendjen e siguris\u00eb komb\u00ebtare.<\/em><\/span><\/p>\n<p><span style=\"color: #000000;\"><em>Pika e tret\u00eb e axhend\u00ebs s\u00eb k\u00ebtij takimi ishte pik\u00ebrisht raporti p\u00ebr pikat strategjike portuale dhe aeroportuale t\u00eb Republik\u00ebs s\u00eb Shqip\u00ebris\u00eb. Kam ngritur shqet\u00ebsimin lidhur me munges\u00ebn e p\u00ebrgjegj\u00ebsive t\u00eb qarta q\u00eb viheshin re mbi garantimin e siguris\u00eb n\u00eb aeroportin N\u00ebn\u00eb Tereza, mang\u00ebsit\u00eb n\u00eb akses dhe nd\u00ebrhyrjen e Policis\u00eb s\u00eb Shtetit n\u00eb raste rreziku.<\/em><\/span><\/p>\n<p><span style=\"color: #000000;\"><em>Kemi ngritur nj\u00eb s\u00ebr\u00eb shqet\u00ebsimesh p\u00ebr grabitjen. Kemi v\u00ebn\u00eb re mang\u00ebsit\u00eb n\u00eb akses dhe koordinim p\u00ebr nd\u00ebrhyrjen e Policis\u00eb s\u00eb Shtetit n\u00eb rast rreziku. Shqet\u00ebsimet u mb\u00ebshtet\u00ebn dhe nga p\u00ebrfaq\u00ebsues t\u00eb r\u00ebnd\u00ebsish\u00ebm. N\u00eb p\u00ebrfundim t\u00eb mbledhjes s\u00eb K\u00ebshillit, detyrat iu jan\u00eb p\u00ebrcjell\u00eb zyrtarisht an\u00ebtar\u00ebve t\u00eb Siguris\u00eb Komb\u00ebtare.<\/em><\/span><\/p>\n<p><span style=\"color: #000000;\"><em>N\u00eb detyrat q\u00eb jan\u00eb ngarkuar, \u00ebsht\u00eb k\u00ebrkuar ngritja e pun\u00ebs p\u00ebr trajtimin e gjith\u00e7kaje p\u00ebr grabitjen n\u00eb Rinas. N\u00eb k\u00ebto kushte, si president i Republik\u00ebs e konsideroj ngjarjen e djeshme cenim serioz t\u00eb Siguris\u00eb Komb\u00ebtare, t\u00eb rendit publik dhe imazhit t\u00eb vendit ton\u00eb. <\/em><\/span><\/p>\n<p><span style=\"color: #000000;\"><em>Ndaj iu k\u00ebrkoj t\u00eb gjitha agjencive ligj-zbatuese, q\u00eb t\u00eb gjejn\u00eb autor\u00ebt. T\u00eb gjitha autoritetet p\u00ebrgjegj\u00ebse t\u00eb kryejn\u00eb hetime t\u00eb plota p\u00ebr t\u00eb zbardhur k\u00ebt\u00eb ngjarje t\u00eb r\u00ebnd\u00eb.<\/em><\/span><\/p>\n<p><span style=\"color: #000000;\"><em>T\u00eb nxirren dhe evidentohen p\u00ebrgjegj\u00ebsit\u00eb mbi \u00e7do institucion dhe person p\u00ebr k\u00ebt\u00eb ngjarje q\u00eb mund t\u00eb kishte pasur pasoja edhe m\u00eb fatale mbi qytetar\u00ebt tan\u00eb.<\/em><\/span><\/p>\n<p><span style=\"color: #000000;\"><em> Prokuroria t\u00eb hetoj\u00eb jo vet\u00ebm ngjarjen, por nxjerrjen p\u00ebrpara p\u00ebrgjegj\u00ebsis\u00eb t\u00eb \u00e7do personi q\u00eb nuk ka kryer detyr\u00ebn. Presidenca n\u00eb k\u00ebt\u00eb m\u00ebnyr\u00eb \u00ebsht\u00eb n\u00eb sh\u00ebrbim t\u00eb organit t\u00eb akuz\u00ebs p\u00ebr t\u00eb v\u00ebn\u00eb p\u00ebrpara p\u00ebrgjegj\u00ebsis\u00eb \u00e7dok\u00ebnd q\u00eb ka p\u00ebrgjegj\u00ebsi p\u00ebr grabitjen\u201d.<\/em><\/span><\/p>\n","protected":false,"gt_translate_keys":[{"key":"rendered","format":"html"}]},"excerpt":{"rendered":"<p>Presidenti Meta, ka k\u00ebrkuar zbardhjen sa m\u00eb shpejt t\u00eb grabitjes s\u00eb ndodhur brenda aeroportit t\u00eb Rinasit, t\u00eb cil\u00ebn e cil\u00ebsoi se c\u00ebnim serioz t\u00eb siguris\u00eb komb\u00ebtare. N\u00eb konferenc\u00ebn p\u00ebr shtyp Meta k\u00ebrkoi v\u00ebnien para drejt\u00ebsis\u00eb t\u00eb t\u00eb gjith\u00eb p\u00ebrgjegj\u00ebsve. Kreu i Shtetit tha se p\u00ebr grabitjet e m\u00ebparshme ka mbledhur K\u00ebshillin e Siguris\u00eb Komb\u00ebtare, ku [&hellip;]<\/p>\n","protected":false,"gt_translate_keys":[{"key":"rendered","format":"html"}]},"author":51,"featured_media":288946,"comment_status":"open","ping_status":"open","sticky":false,"template":"","format":"standard","meta":{"footnotes":""},"categories":[65,13],"tags":[],"class_list":["post-288945","post","type-post","status-publish","format-standard","has-post-thumbnail","hentry","category-lajme","category-te-fundit"],"gt_translate_keys":[{"key":"link","format":"url"}],"_links":{"self":[{"href":"https:\/\/www.hashtag.al\/index.php\/wp-json\/wp\/v2\/posts\/288945","targetHints":{"allow":["GET"]}}],"collection":[{"href":"https:\/\/www.hashtag.al\/index.php\/wp-json\/wp\/v2\/posts"}],"about":[{"href":"https:\/\/www.hashtag.al\/index.php\/wp-json\/wp\/v2\/types\/post"}],"author":[{"embeddable":true,"href":"https:\/\/www.hashtag.al\/index.php\/wp-json\/wp\/v2\/users\/51"}],"replies":[{"embeddable":true,"href":"https:\/\/www.hashtag.al\/index.php\/wp-json\/wp\/v2\/comments?post=288945"}],"version-history":[{"count":0,"href":"https:\/\/www.hashtag.al\/index.php\/wp-json\/wp\/v2\/posts\/288945\/revisions"}],"wp:featuredmedia":[{"embeddable":true,"href":"https:\/\/www.hashtag.al\/index.php\/wp-json\/wp\/v2\/media\/288946"}],"wp:attachment":[{"href":"https:\/\/www.hashtag.al\/index.php\/wp-json\/wp\/v2\/media?parent=288945"}],"wp:term":[{"taxonomy":"category","embeddable":true,"href":"https:\/\/www.hashtag.al\/index.php\/wp-json\/wp\/v2\/categories?post=288945"},{"taxonomy":"post_tag","embeddable":true,"href":"https:\/\/www.hashtag.al\/index.php\/wp-json\/wp\/v2\/tags?post=288945"}],"curies":[{"name":"wp","href":"https:\/\/api.w.org\/{rel}","templated":true}]}}